{"id":1051,"date":"2016-04-22T21:04:48","date_gmt":"2016-04-22T19:04:48","guid":{"rendered":"https:\/\/old.slolux.eu\/?p=1051"},"modified":"2024-01-03T18:10:32","modified_gmt":"2024-01-03T17:10:32","slug":"bralna-urica-zvezdica-zaspanka-z-markom-klemencicem","status":"publish","type":"post","link":"https:\/\/slolux.eu\/fr\/bralna-urica-zvezdica-zaspanka-z-markom-klemencicem\/","title":{"rendered":"L&#039;heure de lecture de &quot;L&#039;\u00c9toile endormie&quot; avec Marko Klemen\u010di\u010d"},"content":{"rendered":"<div>Le samedi 30 avril, vous \u00eates invit\u00e9s \u00e0 une heure de lecture \u00e0 la biblioth\u00e8que Il \u00e9tait une fois, qui sera anim\u00e9e par Marko Klemen\u010di\u010d.<\/div>\n<div><\/div>\n<div>Cette fois, les enfants \u00e9couteront le merveilleux conte classique L&#039;\u00c9toile endormie de Fran Mil\u010dinski et apprendront quelque chose d&#039;int\u00e9ressant sur les \u00e9toiles et autres corps c\u00e9lestes. L&#039;inscription et les informations compl\u00e9mentaires sont disponibles\u00a0<a href=\"http:\/\/www.iletaitunefois.lu\/base?base=3&amp;record=1405992158330&amp;cacheid=Jc825244441&amp;com=0I7I0I2I\" target=\"_blank\" rel=\"noopener\">ici<\/a>.<\/div>\n<div><\/div>\n<div><img loading=\"lazy\" decoding=\"async\" class=\"alignnone size-full wp-image-928\" src=\"https:\/\/old.slolux.eu\/wp-content\/uploads\/2016\/02\/zaspanka_naslovnica_net.jpg\" alt=\"zaspanka_naslovnica_net\" width=\"333\" height=\"266\" srcset=\"https:\/\/slolux.eu\/wp-content\/uploads\/2016\/02\/zaspanka_naslovnica_net.jpg 333w, https:\/\/slolux.eu\/wp-content\/uploads\/2016\/02\/zaspanka_naslovnica_net-300x240.jpg 300w\" sizes=\"auto, (max-width: 333px) 100vw, 333px\" \/><\/div>","protected":false},"excerpt":{"rendered":"<p>V soboto, 30. aprila, ste vabljeni na bralno urico v knji\u017enici Il \u00e9tait une fois, ki jo bo vodil Marko Klemen\u010di\u010d. Tokrat bodo otroci [&hellip;]<\/p>","protected":false},"author":1,"featured_media":928,"comment_status":"open","ping_status":"open","sticky":false,"template":"","format":"standard","meta":{"site-sidebar-layout":"default","site-content-layout":"","ast-site-content-layout":"","site-content-style":"default","site-sidebar-style":"default","ast-global-header-display":"","ast-banner-title-visibility":"","ast-main-header-display":"","ast-hfb-above-header-display":"","ast-hfb-below-header-display":"","ast-hfb-mobile-header-display":"","site-post-title":"","ast-breadcrumbs-content":"","ast-featured-img":"","footer-sml-layout":"","theme-transparent-header-meta":"","adv-header-id-meta":"","stick-header-meta":"","header-above-stick-meta":"","header-main-stick-meta":"","header-below-stick-meta":"","astra-migrate-meta-layouts":"default","ast-page-background-enabled":"default","ast-page-background-meta":{"desktop":{"background-color":"var(--ast-global-color-4)","background-image":"","background-repeat":"repeat","background-position":"center center","background-size":"auto","background-attachment":"scroll","background-type":"","background-media":"","overlay-type":"","overlay-color":"","overlay-opacity":"","overlay-gradient":""},"tablet":{"background-color":"","background-image":"","background-repeat":"repeat","background-position":"center center","background-size":"auto","background-attachment":"scroll","background-type":"","background-media":"","overlay-type":"","overlay-color":"","overlay-opacity":"","overlay-gradient":""},"mobile":{"background-color":"","background-image":"","background-repeat":"repeat","background-position":"center center","background-size":"auto","background-attachment":"scroll","background-type":"","background-media":"","overlay-type":"","overlay-color":"","overlay-opacity":"","overlay-gradient":""}},"ast-content-background-meta":{"desktop":{"background-color":"var(--ast-global-color-5)","background-image":"","background-repeat":"repeat","background-position":"center center","background-size":"auto","background-attachment":"scroll","background-type":"","background-media":"","overlay-type":"","overlay-color":"","overlay-opacity":"","overlay-gradient":""},"tablet":{"background-color":"var(--ast-global-color-5)","background-image":"","background-repeat":"repeat","background-position":"center center","background-size":"auto","background-attachment":"scroll","background-type":"","background-media":"","overlay-type":"","overlay-color":"","overlay-opacity":"","overlay-gradient":""},"mobile":{"background-color":"var(--ast-global-color-5)","background-image":"","background-repeat":"repeat","background-position":"center center","background-size":"auto","background-attachment":"scroll","background-type":"","background-media":"","overlay-type":"","overlay-color":"","overlay-opacity":"","overlay-gradient":""}},"footnotes":""},"categories":[25,30,24],"tags":[],"class_list":["post-1051","post","type-post","status-publish","format-standard","has-post-thumbnail","hentry","category-druzine","category-news","category-otroci"],"yoast_head":"<!-- This site is optimized with the Yoast SEO plugin v24.5 - https:\/\/yoast.com\/wordpress\/plugins\/seo\/ -->\n<title>Bralna urica \u00bbZvezdica Zaspanka\u00ab z Markom Klemen\u010di\u010dem - Slolux<\/title>\n<meta name=\"robots\" content=\"index, follow, max-snippet:-1, max-image-preview:large, max-video-preview:-1\" \/>\n<link rel=\"canonical\" href=\"https:\/\/slolux.eu\/fr\/bralna-urica-zvezdica-zaspanka-z-markom-klemencicem\/\" \/>\n<meta property=\"og:locale\" content=\"fr_FR\" \/>\n<meta property=\"og:type\" content=\"article\" \/>\n<meta property=\"og:title\" content=\"Bralna urica \u00bbZvezdica Zaspanka\u00ab z Markom Klemen\u010di\u010dem - Slolux\" \/>\n<meta property=\"og:description\" content=\"V soboto, 30. aprila, ste vabljeni na bralno urico v knji\u017enici Il \u00e9tait une fois, ki jo bo vodil Marko Klemen\u010di\u010d. Tokrat bodo otroci [&hellip;]\" \/>\n<meta property=\"og:url\" content=\"https:\/\/slolux.eu\/fr\/bralna-urica-zvezdica-zaspanka-z-markom-klemencicem\/\" \/>\n<meta property=\"og:site_name\" content=\"Slolux\" \/>\n<meta property=\"article:published_time\" content=\"2016-04-22T19:04:48+00:00\" \/>\n<meta property=\"article:modified_time\" content=\"2024-01-03T17:10:32+00:00\" \/>\n<meta property=\"og:image\" content=\"https:\/\/slolux.eu\/wp-content\/uploads\/2016\/02\/zaspanka_naslovnica_net.jpg\" \/>\n\t<meta property=\"og:image:width\" content=\"333\" \/>\n\t<meta property=\"og:image:height\" content=\"266\" \/>\n\t<meta property=\"og:image:type\" content=\"image\/jpeg\" \/>\n<meta name=\"author\" content=\"emilk\" \/>\n<meta name=\"twitter:card\" content=\"summary_large_image\" \/>\n<meta name=\"twitter:label1\" content=\"\u00c9crit par\" \/>\n\t<meta name=\"twitter:data1\" content=\"emilk\" \/>\n<script type=\"application\/ld+json\" class=\"yoast-schema-graph\">{\"@context\":\"https:\/\/schema.org\",\"@graph\":[{\"@type\":\"Article\",\"@id\":\"https:\/\/slolux.eu\/bralna-urica-zvezdica-zaspanka-z-markom-klemencicem\/#article\",\"isPartOf\":{\"@id\":\"https:\/\/slolux.eu\/bralna-urica-zvezdica-zaspanka-z-markom-klemencicem\/\"},\"author\":{\"name\":\"emilk\",\"@id\":\"https:\/\/slolux.eu\/#\/schema\/person\/89c0bc490751fd8c820af6ec2049496a\"},\"headline\":\"Bralna urica \u00bbZvezdica Zaspanka\u00ab z Markom Klemen\u010di\u010dem\",\"datePublished\":\"2016-04-22T19:04:48+00:00\",\"dateModified\":\"2024-01-03T17:10:32+00:00\",\"mainEntityOfPage\":{\"@id\":\"https:\/\/slolux.eu\/bralna-urica-zvezdica-zaspanka-z-markom-klemencicem\/\"},\"wordCount\":66,\"commentCount\":0,\"publisher\":{\"@id\":\"https:\/\/slolux.eu\/#organization\"},\"image\":{\"@id\":\"https:\/\/slolux.eu\/bralna-urica-zvezdica-zaspanka-z-markom-klemencicem\/#primaryimage\"},\"thumbnailUrl\":\"https:\/\/slolux.eu\/wp-content\/uploads\/2016\/02\/zaspanka_naslovnica_net.jpg\",\"articleSection\":[\"Dru\u017eine\",\"Novice\",\"Otroci\"],\"inLanguage\":\"fr-FR\",\"potentialAction\":[{\"@type\":\"CommentAction\",\"name\":\"Comment\",\"target\":[\"https:\/\/slolux.eu\/bralna-urica-zvezdica-zaspanka-z-markom-klemencicem\/#respond\"]}]},{\"@type\":\"WebPage\",\"@id\":\"https:\/\/slolux.eu\/bralna-urica-zvezdica-zaspanka-z-markom-klemencicem\/\",\"url\":\"https:\/\/slolux.eu\/bralna-urica-zvezdica-zaspanka-z-markom-klemencicem\/\",\"name\":\"Bralna urica \u00bbZvezdica Zaspanka\u00ab z Markom Klemen\u010di\u010dem - Slolux\",\"isPartOf\":{\"@id\":\"https:\/\/slolux.eu\/#website\"},\"primaryImageOfPage\":{\"@id\":\"https:\/\/slolux.eu\/bralna-urica-zvezdica-zaspanka-z-markom-klemencicem\/#primaryimage\"},\"image\":{\"@id\":\"https:\/\/slolux.eu\/bralna-urica-zvezdica-zaspanka-z-markom-klemencicem\/#primaryimage\"},\"thumbnailUrl\":\"https:\/\/slolux.eu\/wp-content\/uploads\/2016\/02\/zaspanka_naslovnica_net.jpg\",\"datePublished\":\"2016-04-22T19:04:48+00:00\",\"dateModified\":\"2024-01-03T17:10:32+00:00\",\"breadcrumb\":{\"@id\":\"https:\/\/slolux.eu\/bralna-urica-zvezdica-zaspanka-z-markom-klemencicem\/#breadcrumb\"},\"inLanguage\":\"fr-FR\",\"potentialAction\":[{\"@type\":\"ReadAction\",\"target\":[\"https:\/\/slolux.eu\/bralna-urica-zvezdica-zaspanka-z-markom-klemencicem\/\"]}]},{\"@type\":\"ImageObject\",\"inLanguage\":\"fr-FR\",\"@id\":\"https:\/\/slolux.eu\/bralna-urica-zvezdica-zaspanka-z-markom-klemencicem\/#primaryimage\",\"url\":\"https:\/\/slolux.eu\/wp-content\/uploads\/2016\/02\/zaspanka_naslovnica_net.jpg\",\"contentUrl\":\"https:\/\/slolux.eu\/wp-content\/uploads\/2016\/02\/zaspanka_naslovnica_net.jpg\",\"width\":333,\"height\":266},{\"@type\":\"BreadcrumbList\",\"@id\":\"https:\/\/slolux.eu\/bralna-urica-zvezdica-zaspanka-z-markom-klemencicem\/#breadcrumb\",\"itemListElement\":[{\"@type\":\"ListItem\",\"position\":1,\"name\":\"Home\",\"item\":\"https:\/\/slolux.eu\/\"},{\"@type\":\"ListItem\",\"position\":2,\"name\":\"Bralna urica \u00bbZvezdica Zaspanka\u00ab z Markom Klemen\u010di\u010dem\"}]},{\"@type\":\"WebSite\",\"@id\":\"https:\/\/slolux.eu\/#website\",\"url\":\"https:\/\/slolux.eu\/\",\"name\":\"Slovensko dru\u0161tvo v Luksemburgu\",\"description\":\"Slovensko dru\u0161tvo v Luksemburgu\",\"publisher\":{\"@id\":\"https:\/\/slolux.eu\/#organization\"},\"potentialAction\":[{\"@type\":\"SearchAction\",\"target\":{\"@type\":\"EntryPoint\",\"urlTemplate\":\"https:\/\/slolux.eu\/?s={search_term_string}\"},\"query-input\":{\"@type\":\"PropertyValueSpecification\",\"valueRequired\":true,\"valueName\":\"search_term_string\"}}],\"inLanguage\":\"fr-FR\"},{\"@type\":\"Organization\",\"@id\":\"https:\/\/slolux.eu\/#organization\",\"name\":\"Slovensko dru\u0161tvo v Luksemburgu\",\"url\":\"https:\/\/slolux.eu\/\",\"logo\":{\"@type\":\"ImageObject\",\"inLanguage\":\"fr-FR\",\"@id\":\"https:\/\/slolux.eu\/#\/schema\/logo\/image\/\",\"url\":\"https:\/\/slolux.eu\/wp-content\/uploads\/2023\/12\/barvnofinal.png\",\"contentUrl\":\"https:\/\/slolux.eu\/wp-content\/uploads\/2023\/12\/barvnofinal.png\",\"width\":2550,\"height\":938,\"caption\":\"Slovensko dru\u0161tvo v Luksemburgu\"},\"image\":{\"@id\":\"https:\/\/slolux.eu\/#\/schema\/logo\/image\/\"}},{\"@type\":\"Person\",\"@id\":\"https:\/\/slolux.eu\/#\/schema\/person\/89c0bc490751fd8c820af6ec2049496a\",\"name\":\"emilk\",\"image\":{\"@type\":\"ImageObject\",\"inLanguage\":\"fr-FR\",\"@id\":\"https:\/\/slolux.eu\/#\/schema\/person\/image\/\",\"url\":\"https:\/\/secure.gravatar.com\/avatar\/f0322d080f9bbb04c78300901a3f936bfd50777a1f9af51976123e266fbe5856?s=96&d=monsterid&r=g\",\"contentUrl\":\"https:\/\/secure.gravatar.com\/avatar\/f0322d080f9bbb04c78300901a3f936bfd50777a1f9af51976123e266fbe5856?s=96&d=monsterid&r=g\",\"caption\":\"emilk\"},\"url\":\"https:\/\/slolux.eu\/fr\/author\/emilk\/\"}]}<\/script>\n<!-- \/ Yoast SEO plugin. -->","yoast_head_json":{"title":"Bralna urica \u00bbZvezdica Zaspanka\u00ab z Markom Klemen\u010di\u010dem - Slolux","robots":{"index":"index","follow":"follow","max-snippet":"max-snippet:-1","max-image-preview":"max-image-preview:large","max-video-preview":"max-video-preview:-1"},"canonical":"https:\/\/slolux.eu\/fr\/bralna-urica-zvezdica-zaspanka-z-markom-klemencicem\/","og_locale":"fr_FR","og_type":"article","og_title":"Bralna urica \u00bbZvezdica Zaspanka\u00ab z Markom Klemen\u010di\u010dem - Slolux","og_description":"V soboto, 30. aprila, ste vabljeni na bralno urico v knji\u017enici Il \u00e9tait une fois, ki jo bo vodil Marko Klemen\u010di\u010d. Tokrat bodo otroci [&hellip;]","og_url":"https:\/\/slolux.eu\/fr\/bralna-urica-zvezdica-zaspanka-z-markom-klemencicem\/","og_site_name":"Slolux","article_published_time":"2016-04-22T19:04:48+00:00","article_modified_time":"2024-01-03T17:10:32+00:00","og_image":[{"width":333,"height":266,"url":"https:\/\/slolux.eu\/wp-content\/uploads\/2016\/02\/zaspanka_naslovnica_net.jpg","type":"image\/jpeg"}],"author":"emilk","twitter_card":"summary_large_image","twitter_misc":{"\u00c9crit par":"emilk"},"schema":{"@context":"https:\/\/schema.org","@graph":[{"@type":"Article","@id":"https:\/\/slolux.eu\/bralna-urica-zvezdica-zaspanka-z-markom-klemencicem\/#article","isPartOf":{"@id":"https:\/\/slolux.eu\/bralna-urica-zvezdica-zaspanka-z-markom-klemencicem\/"},"author":{"name":"emilk","@id":"https:\/\/slolux.eu\/#\/schema\/person\/89c0bc490751fd8c820af6ec2049496a"},"headline":"Bralna urica \u00bbZvezdica Zaspanka\u00ab z Markom Klemen\u010di\u010dem","datePublished":"2016-04-22T19:04:48+00:00","dateModified":"2024-01-03T17:10:32+00:00","mainEntityOfPage":{"@id":"https:\/\/slolux.eu\/bralna-urica-zvezdica-zaspanka-z-markom-klemencicem\/"},"wordCount":66,"commentCount":0,"publisher":{"@id":"https:\/\/slolux.eu\/#organization"},"image":{"@id":"https:\/\/slolux.eu\/bralna-urica-zvezdica-zaspanka-z-markom-klemencicem\/#primaryimage"},"thumbnailUrl":"https:\/\/slolux.eu\/wp-content\/uploads\/2016\/02\/zaspanka_naslovnica_net.jpg","articleSection":["Dru\u017eine","Novice","Otroci"],"inLanguage":"fr-FR","potentialAction":[{"@type":"CommentAction","name":"Comment","target":["https:\/\/slolux.eu\/bralna-urica-zvezdica-zaspanka-z-markom-klemencicem\/#respond"]}]},{"@type":"WebPage","@id":"https:\/\/slolux.eu\/bralna-urica-zvezdica-zaspanka-z-markom-klemencicem\/","url":"https:\/\/slolux.eu\/bralna-urica-zvezdica-zaspanka-z-markom-klemencicem\/","name":"Bralna urica \u00bbZvezdica Zaspanka\u00ab z Markom Klemen\u010di\u010dem - Slolux","isPartOf":{"@id":"https:\/\/slolux.eu\/#website"},"primaryImageOfPage":{"@id":"https:\/\/slolux.eu\/bralna-urica-zvezdica-zaspanka-z-markom-klemencicem\/#primaryimage"},"image":{"@id":"https:\/\/slolux.eu\/bralna-urica-zvezdica-zaspanka-z-markom-klemencicem\/#primaryimage"},"thumbnailUrl":"https:\/\/slolux.eu\/wp-content\/uploads\/2016\/02\/zaspanka_naslovnica_net.jpg","datePublished":"2016-04-22T19:04:48+00:00","dateModified":"2024-01-03T17:10:32+00:00","breadcrumb":{"@id":"https:\/\/slolux.eu\/bralna-urica-zvezdica-zaspanka-z-markom-klemencicem\/#breadcrumb"},"inLanguage":"fr-FR","potentialAction":[{"@type":"ReadAction","target":["https:\/\/slolux.eu\/bralna-urica-zvezdica-zaspanka-z-markom-klemencicem\/"]}]},{"@type":"ImageObject","inLanguage":"fr-FR","@id":"https:\/\/slolux.eu\/bralna-urica-zvezdica-zaspanka-z-markom-klemencicem\/#primaryimage","url":"https:\/\/slolux.eu\/wp-content\/uploads\/2016\/02\/zaspanka_naslovnica_net.jpg","contentUrl":"https:\/\/slolux.eu\/wp-content\/uploads\/2016\/02\/zaspanka_naslovnica_net.jpg","width":333,"height":266},{"@type":"BreadcrumbList","@id":"https:\/\/slolux.eu\/bralna-urica-zvezdica-zaspanka-z-markom-klemencicem\/#breadcrumb","itemListElement":[{"@type":"ListItem","position":1,"name":"Home","item":"https:\/\/slolux.eu\/"},{"@type":"ListItem","position":2,"name":"Bralna urica \u00bbZvezdica Zaspanka\u00ab z Markom Klemen\u010di\u010dem"}]},{"@type":"WebSite","@id":"https:\/\/slolux.eu\/#website","url":"https:\/\/slolux.eu\/","name":"Slovensko dru\u0161tvo v Luksemburgu","description":"Slovensko dru\u0161tvo v Luksemburgu","publisher":{"@id":"https:\/\/slolux.eu\/#organization"},"potentialAction":[{"@type":"SearchAction","target":{"@type":"EntryPoint","urlTemplate":"https:\/\/slolux.eu\/?s={search_term_string}"},"query-input":{"@type":"PropertyValueSpecification","valueRequired":true,"valueName":"search_term_string"}}],"inLanguage":"fr-FR"},{"@type":"Organization","@id":"https:\/\/slolux.eu\/#organization","name":"Slovensko dru\u0161tvo v Luksemburgu","url":"https:\/\/slolux.eu\/","logo":{"@type":"ImageObject","inLanguage":"fr-FR","@id":"https:\/\/slolux.eu\/#\/schema\/logo\/image\/","url":"https:\/\/slolux.eu\/wp-content\/uploads\/2023\/12\/barvnofinal.png","contentUrl":"https:\/\/slolux.eu\/wp-content\/uploads\/2023\/12\/barvnofinal.png","width":2550,"height":938,"caption":"Slovensko dru\u0161tvo v Luksemburgu"},"image":{"@id":"https:\/\/slolux.eu\/#\/schema\/logo\/image\/"}},{"@type":"Person","@id":"https:\/\/slolux.eu\/#\/schema\/person\/89c0bc490751fd8c820af6ec2049496a","name":"emilk","image":{"@type":"ImageObject","inLanguage":"fr-FR","@id":"https:\/\/slolux.eu\/#\/schema\/person\/image\/","url":"https:\/\/secure.gravatar.com\/avatar\/f0322d080f9bbb04c78300901a3f936bfd50777a1f9af51976123e266fbe5856?s=96&d=monsterid&r=g","contentUrl":"https:\/\/secure.gravatar.com\/avatar\/f0322d080f9bbb04c78300901a3f936bfd50777a1f9af51976123e266fbe5856?s=96&d=monsterid&r=g","caption":"emilk"},"url":"https:\/\/slolux.eu\/fr\/author\/emilk\/"}]}},"_links":{"self":[{"href":"https:\/\/slolux.eu\/fr\/wp-json\/wp\/v2\/posts\/1051","targetHints":{"allow":["GET"]}}],"collection":[{"href":"https:\/\/slolux.eu\/fr\/wp-json\/wp\/v2\/posts"}],"about":[{"href":"https:\/\/slolux.eu\/fr\/wp-json\/wp\/v2\/types\/post"}],"author":[{"embeddable":true,"href":"https:\/\/slolux.eu\/fr\/wp-json\/wp\/v2\/users\/1"}],"replies":[{"embeddable":true,"href":"https:\/\/slolux.eu\/fr\/wp-json\/wp\/v2\/comments?post=1051"}],"version-history":[{"count":1,"href":"https:\/\/slolux.eu\/fr\/wp-json\/wp\/v2\/posts\/1051\/revisions"}],"predecessor-version":[{"id":5679,"href":"https:\/\/slolux.eu\/fr\/wp-json\/wp\/v2\/posts\/1051\/revisions\/5679"}],"wp:featuredmedia":[{"embeddable":true,"href":"https:\/\/slolux.eu\/fr\/wp-json\/wp\/v2\/media\/928"}],"wp:attachment":[{"href":"https:\/\/slolux.eu\/fr\/wp-json\/wp\/v2\/media?parent=1051"}],"wp:term":[{"taxonomy":"category","embeddable":true,"href":"https:\/\/slolux.eu\/fr\/wp-json\/wp\/v2\/categories?post=1051"},{"taxonomy":"post_tag","embeddable":true,"href":"https:\/\/slolux.eu\/fr\/wp-json\/wp\/v2\/tags?post=1051"}],"curies":[{"name":"wp","href":"https:\/\/api.w.org\/{rel}","templated":true}]}}