{"id":1347,"date":"2016-10-19T23:29:33","date_gmt":"2016-10-19T21:29:33","guid":{"rendered":"https:\/\/old.slolux.eu\/?p=1347"},"modified":"2024-01-03T18:10:30","modified_gmt":"2024-01-03T17:10:30","slug":"v-luksemburg-leti-balon-velikon-predstava-za-otroke","status":"publish","type":"post","link":"https:\/\/slolux.eu\/fr\/v-luksemburg-leti-balon-velikon-predstava-za-otroke\/","title":{"rendered":"Le Gros Ballon s&#039;envole vers le Luxembourg (spectacle pour enfants)"},"content":{"rendered":"<p>Chers enfants, parents respect\u00e9s !<\/p>\n<p>Nous sommes heureux de vous informer que cette ann\u00e9e nous avons \u00e9galement pr\u00e9par\u00e9 pour vous un spectacle pour enfants de d\u00e9cembre. <b>Le samedi 10 d\u00e9cembre<\/b> vous pourrez regarder au Th\u00e9\u00e2tre Sang a Klang <b>spectacle de marionnettes pour enfants\u00a0<a href=\"https:\/\/old.slolux.eu\/?nltr=NTc7MTc7aHR0cDovL3d3dy5yb3phLnNpL3VyZ2VuY2EvemEtb3Ryb2tlL2JhbG9uLXZlbGlrb24vOzszM2I5YzQwMDkwMWEwN2I4MzgwMGRlODkwZjQxNDFkMw%3D%3D\" target=\"_blank\" data-saferedirecturl=\"https:\/\/www.google.com\/url?hl=en-GB&amp;q=https:\/\/old.slolux.eu\/?nltr%3DNTc7MTc7aHR0cDovL3d3dy5yb3phLnNpL3VyZ2VuY2EvemEtb3Ryb2tlL2JhbG9uLXZlbGlrb24vOzszM2I5YzQwMDkwMWEwN2I4MzgwMGRlODkwZjQxNDFkMw%253D%253D&amp;source=gmail&amp;ust=1476998856137000&amp;usg=AFQjCNG-BOhw8b15tyl7_0j9pLhcpQwjLQ\" rel=\"noopener\"><span class=\"il\">Un ballon<\/span> <span class=\"il\">Un gros<\/span><\/a> interpr\u00e9t\u00e9 par Andrej Rozman Roza<\/b>. C&#039;est l&#039;histoire d&#039;Oskar, cinq ans, qui trouve un jour un billet de banque avec lequel il s&#039;ach\u00e8te un sac surprise. De ce sac miracle na\u00eet un \u00e9norme <span class=\"il\">ballon<\/span>, qui emm\u00e8ne Oskar dans un monde de conte de f\u00e9es.<\/p>\n<p>Un spectacle sur le pouvoir r\u00e9dempteur de l\u2019imagination est certainement parfait pour un mois de d\u00e9cembre magique. Bien s\u00fbr, cette fois non plus, il n&#039;y aura pas de p\u00e9nurie <span class=\"il\">beaucoup<\/span>une surprise pour les enfants. Vous pourrez \u00e9galement \u00e0 nouveau socialiser et vous r\u00e9chauffer avec un d\u00eener chaleureux.<\/p>\n<p>La vente des billets d\u00e9bute le 10 novembre.<\/p>\n<p>Pensez donc \u00e0 r\u00e9server l&#039;apr\u00e8s-midi du samedi 10 d\u00e9cembre. Je vous en prie.<\/p>\n<p><img loading=\"lazy\" decoding=\"async\" class=\"alignnone wp-image-1334 size-large\" src=\"https:\/\/old.slolux.eu\/wp-content\/uploads\/2016\/10\/Balon-Velikon-1024x692.jpg\" alt=\"balon-velikon\" width=\"640\" height=\"433\" srcset=\"https:\/\/slolux.eu\/wp-content\/uploads\/2016\/10\/Balon-Velikon-1024x692.jpg 1024w, https:\/\/slolux.eu\/wp-content\/uploads\/2016\/10\/Balon-Velikon-300x203.jpg 300w, https:\/\/slolux.eu\/wp-content\/uploads\/2016\/10\/Balon-Velikon-768x519.jpg 768w, https:\/\/slolux.eu\/wp-content\/uploads\/2016\/10\/Balon-Velikon.jpg 1379w\" sizes=\"auto, (max-width: 640px) 100vw, 640px\" \/><\/p>","protected":false},"excerpt":{"rendered":"<p>Chers enfants, chers parents\u00a0! Nous avons le plaisir de vous annoncer que nous vous avons pr\u00e9par\u00e9 un spectacle pour enfants en d\u00e9cembre. Le samedi 10 d\u00e9cembre, vous [\u2026]<\/p>","protected":false},"author":1,"featured_media":1334,"comment_status":"open","ping_status":"open","sticky":false,"template":"","format":"standard","meta":{"site-sidebar-layout":"default","site-content-layout":"","ast-site-content-layout":"","site-content-style":"default","site-sidebar-style":"default","ast-global-header-display":"","ast-banner-title-visibility":"","ast-main-header-display":"","ast-hfb-above-header-display":"","ast-hfb-below-header-display":"","ast-hfb-mobile-header-display":"","site-post-title":"","ast-breadcrumbs-content":"","ast-featured-img":"","footer-sml-layout":"","theme-transparent-header-meta":"","adv-header-id-meta":"","stick-header-meta":"","header-above-stick-meta":"","header-main-stick-meta":"","header-below-stick-meta":"","astra-migrate-meta-layouts":"default","ast-page-background-enabled":"default","ast-page-background-meta":{"desktop":{"background-color":"var(--ast-global-color-4)","background-image":"","background-repeat":"repeat","background-position":"center center","background-size":"auto","background-attachment":"scroll","background-type":"","background-media":"","overlay-type":"","overlay-color":"","overlay-opacity":"","overlay-gradient":""},"tablet":{"background-color":"","background-image":"","background-repeat":"repeat","background-position":"center center","background-size":"auto","background-attachment":"scroll","background-type":"","background-media":"","overlay-type":"","overlay-color":"","overlay-opacity":"","overlay-gradient":""},"mobile":{"background-color":"","background-image":"","background-repeat":"repeat","background-position":"center center","background-size":"auto","background-attachment":"scroll","background-type":"","background-media":"","overlay-type":"","overlay-color":"","overlay-opacity":"","overlay-gradient":""}},"ast-content-background-meta":{"desktop":{"background-color":"var(--ast-global-color-5)","background-image":"","background-repeat":"repeat","background-position":"center center","background-size":"auto","background-attachment":"scroll","background-type":"","background-media":"","overlay-type":"","overlay-color":"","overlay-opacity":"","overlay-gradient":""},"tablet":{"background-color":"var(--ast-global-color-5)","background-image":"","background-repeat":"repeat","background-position":"center center","background-size":"auto","background-attachment":"scroll","background-type":"","background-media":"","overlay-type":"","overlay-color":"","overlay-opacity":"","overlay-gradient":""},"mobile":{"background-color":"var(--ast-global-color-5)","background-image":"","background-repeat":"repeat","background-position":"center center","background-size":"auto","background-attachment":"scroll","background-type":"","background-media":"","overlay-type":"","overlay-color":"","overlay-opacity":"","overlay-gradient":""}},"footnotes":""},"categories":[18,25,45,26,24],"tags":[],"class_list":["post-1347","post","type-post","status-publish","format-standard","has-post-thumbnail","hentry","category-druzabno-srecanje","category-druzine","category-najava","category-ne-zamudite","category-otroci"],"yoast_head":"<!-- This site is optimized with the Yoast SEO plugin v24.5 - https:\/\/yoast.com\/wordpress\/plugins\/seo\/ -->\n<title>V Luksemburg leti Balon Velikon (predstava za otroke) - Slolux<\/title>\n<meta name=\"robots\" content=\"index, follow, max-snippet:-1, max-image-preview:large, max-video-preview:-1\" \/>\n<link rel=\"canonical\" href=\"https:\/\/slolux.eu\/fr\/v-luksemburg-leti-balon-velikon-predstava-za-otroke\/\" \/>\n<meta property=\"og:locale\" content=\"fr_FR\" \/>\n<meta property=\"og:type\" content=\"article\" \/>\n<meta property=\"og:title\" content=\"V Luksemburg leti Balon Velikon (predstava za otroke) - Slolux\" \/>\n<meta property=\"og:description\" content=\"Dragi otroci, spo\u0161tovani star\u0161i! Z veseljem vam sporo\u010damo, da smo tudi letos za vas pripravili decembrsko otro\u0161ko predstavo. V soboto 10. decembra si boste [&hellip;]\" \/>\n<meta property=\"og:url\" content=\"https:\/\/slolux.eu\/fr\/v-luksemburg-leti-balon-velikon-predstava-za-otroke\/\" \/>\n<meta property=\"og:site_name\" content=\"Slolux\" \/>\n<meta property=\"article:published_time\" content=\"2016-10-19T21:29:33+00:00\" \/>\n<meta property=\"article:modified_time\" content=\"2024-01-03T17:10:30+00:00\" \/>\n<meta property=\"og:image\" content=\"https:\/\/slolux.eu\/wp-content\/uploads\/2016\/10\/Balon-Velikon.jpg\" \/>\n\t<meta property=\"og:image:width\" content=\"1379\" \/>\n\t<meta property=\"og:image:height\" content=\"932\" \/>\n\t<meta property=\"og:image:type\" content=\"image\/jpeg\" \/>\n<meta name=\"author\" content=\"emilk\" \/>\n<meta name=\"twitter:card\" content=\"summary_large_image\" \/>\n<meta name=\"twitter:label1\" content=\"\u00c9crit par\" \/>\n\t<meta name=\"twitter:data1\" content=\"emilk\" \/>\n\t<meta name=\"twitter:label2\" content=\"Dur\u00e9e de lecture estim\u00e9e\" \/>\n\t<meta name=\"twitter:data2\" content=\"1 minute\" \/>\n<script type=\"application\/ld+json\" class=\"yoast-schema-graph\">{\"@context\":\"https:\/\/schema.org\",\"@graph\":[{\"@type\":\"Article\",\"@id\":\"https:\/\/slolux.eu\/v-luksemburg-leti-balon-velikon-predstava-za-otroke\/#article\",\"isPartOf\":{\"@id\":\"https:\/\/slolux.eu\/v-luksemburg-leti-balon-velikon-predstava-za-otroke\/\"},\"author\":{\"name\":\"emilk\",\"@id\":\"https:\/\/slolux.eu\/#\/schema\/person\/89c0bc490751fd8c820af6ec2049496a\"},\"headline\":\"V Luksemburg leti Balon Velikon (predstava za otroke)\",\"datePublished\":\"2016-10-19T21:29:33+00:00\",\"dateModified\":\"2024-01-03T17:10:30+00:00\",\"mainEntityOfPage\":{\"@id\":\"https:\/\/slolux.eu\/v-luksemburg-leti-balon-velikon-predstava-za-otroke\/\"},\"wordCount\":147,\"commentCount\":0,\"publisher\":{\"@id\":\"https:\/\/slolux.eu\/#organization\"},\"image\":{\"@id\":\"https:\/\/slolux.eu\/v-luksemburg-leti-balon-velikon-predstava-za-otroke\/#primaryimage\"},\"thumbnailUrl\":\"https:\/\/slolux.eu\/wp-content\/uploads\/2016\/10\/Balon-Velikon.jpg\",\"articleSection\":[\"Dru\u017eabno sre\u010danje\",\"Dru\u017eine\",\"Najava\",\"Ne zamudite\",\"Otroci\"],\"inLanguage\":\"fr-FR\",\"potentialAction\":[{\"@type\":\"CommentAction\",\"name\":\"Comment\",\"target\":[\"https:\/\/slolux.eu\/v-luksemburg-leti-balon-velikon-predstava-za-otroke\/#respond\"]}]},{\"@type\":\"WebPage\",\"@id\":\"https:\/\/slolux.eu\/v-luksemburg-leti-balon-velikon-predstava-za-otroke\/\",\"url\":\"https:\/\/slolux.eu\/v-luksemburg-leti-balon-velikon-predstava-za-otroke\/\",\"name\":\"V Luksemburg leti Balon Velikon (predstava za otroke) - Slolux\",\"isPartOf\":{\"@id\":\"https:\/\/slolux.eu\/#website\"},\"primaryImageOfPage\":{\"@id\":\"https:\/\/slolux.eu\/v-luksemburg-leti-balon-velikon-predstava-za-otroke\/#primaryimage\"},\"image\":{\"@id\":\"https:\/\/slolux.eu\/v-luksemburg-leti-balon-velikon-predstava-za-otroke\/#primaryimage\"},\"thumbnailUrl\":\"https:\/\/slolux.eu\/wp-content\/uploads\/2016\/10\/Balon-Velikon.jpg\",\"datePublished\":\"2016-10-19T21:29:33+00:00\",\"dateModified\":\"2024-01-03T17:10:30+00:00\",\"breadcrumb\":{\"@id\":\"https:\/\/slolux.eu\/v-luksemburg-leti-balon-velikon-predstava-za-otroke\/#breadcrumb\"},\"inLanguage\":\"fr-FR\",\"potentialAction\":[{\"@type\":\"ReadAction\",\"target\":[\"https:\/\/slolux.eu\/v-luksemburg-leti-balon-velikon-predstava-za-otroke\/\"]}]},{\"@type\":\"ImageObject\",\"inLanguage\":\"fr-FR\",\"@id\":\"https:\/\/slolux.eu\/v-luksemburg-leti-balon-velikon-predstava-za-otroke\/#primaryimage\",\"url\":\"https:\/\/slolux.eu\/wp-content\/uploads\/2016\/10\/Balon-Velikon.jpg\",\"contentUrl\":\"https:\/\/slolux.eu\/wp-content\/uploads\/2016\/10\/Balon-Velikon.jpg\",\"width\":1379,\"height\":932},{\"@type\":\"BreadcrumbList\",\"@id\":\"https:\/\/slolux.eu\/v-luksemburg-leti-balon-velikon-predstava-za-otroke\/#breadcrumb\",\"itemListElement\":[{\"@type\":\"ListItem\",\"position\":1,\"name\":\"Home\",\"item\":\"https:\/\/slolux.eu\/\"},{\"@type\":\"ListItem\",\"position\":2,\"name\":\"V Luksemburg leti Balon Velikon (predstava za otroke)\"}]},{\"@type\":\"WebSite\",\"@id\":\"https:\/\/slolux.eu\/#website\",\"url\":\"https:\/\/slolux.eu\/\",\"name\":\"Slovensko dru\u0161tvo v Luksemburgu\",\"description\":\"Slovensko dru\u0161tvo v Luksemburgu\",\"publisher\":{\"@id\":\"https:\/\/slolux.eu\/#organization\"},\"potentialAction\":[{\"@type\":\"SearchAction\",\"target\":{\"@type\":\"EntryPoint\",\"urlTemplate\":\"https:\/\/slolux.eu\/?s={search_term_string}\"},\"query-input\":{\"@type\":\"PropertyValueSpecification\",\"valueRequired\":true,\"valueName\":\"search_term_string\"}}],\"inLanguage\":\"fr-FR\"},{\"@type\":\"Organization\",\"@id\":\"https:\/\/slolux.eu\/#organization\",\"name\":\"Slovensko dru\u0161tvo v Luksemburgu\",\"url\":\"https:\/\/slolux.eu\/\",\"logo\":{\"@type\":\"ImageObject\",\"inLanguage\":\"fr-FR\",\"@id\":\"https:\/\/slolux.eu\/#\/schema\/logo\/image\/\",\"url\":\"https:\/\/slolux.eu\/wp-content\/uploads\/2023\/12\/barvnofinal.png\",\"contentUrl\":\"https:\/\/slolux.eu\/wp-content\/uploads\/2023\/12\/barvnofinal.png\",\"width\":2550,\"height\":938,\"caption\":\"Slovensko dru\u0161tvo v Luksemburgu\"},\"image\":{\"@id\":\"https:\/\/slolux.eu\/#\/schema\/logo\/image\/\"}},{\"@type\":\"Person\",\"@id\":\"https:\/\/slolux.eu\/#\/schema\/person\/89c0bc490751fd8c820af6ec2049496a\",\"name\":\"emilk\",\"image\":{\"@type\":\"ImageObject\",\"inLanguage\":\"fr-FR\",\"@id\":\"https:\/\/slolux.eu\/#\/schema\/person\/image\/\",\"url\":\"https:\/\/secure.gravatar.com\/avatar\/f0322d080f9bbb04c78300901a3f936bfd50777a1f9af51976123e266fbe5856?s=96&d=monsterid&r=g\",\"contentUrl\":\"https:\/\/secure.gravatar.com\/avatar\/f0322d080f9bbb04c78300901a3f936bfd50777a1f9af51976123e266fbe5856?s=96&d=monsterid&r=g\",\"caption\":\"emilk\"},\"url\":\"https:\/\/slolux.eu\/fr\/author\/emilk\/\"}]}<\/script>\n<!-- \/ Yoast SEO plugin. -->","yoast_head_json":{"title":"V Luksemburg leti Balon Velikon (predstava za otroke) - Slolux","robots":{"index":"index","follow":"follow","max-snippet":"max-snippet:-1","max-image-preview":"max-image-preview:large","max-video-preview":"max-video-preview:-1"},"canonical":"https:\/\/slolux.eu\/fr\/v-luksemburg-leti-balon-velikon-predstava-za-otroke\/","og_locale":"fr_FR","og_type":"article","og_title":"V Luksemburg leti Balon Velikon (predstava za otroke) - Slolux","og_description":"Dragi otroci, spo\u0161tovani star\u0161i! Z veseljem vam sporo\u010damo, da smo tudi letos za vas pripravili decembrsko otro\u0161ko predstavo. V soboto 10. decembra si boste [&hellip;]","og_url":"https:\/\/slolux.eu\/fr\/v-luksemburg-leti-balon-velikon-predstava-za-otroke\/","og_site_name":"Slolux","article_published_time":"2016-10-19T21:29:33+00:00","article_modified_time":"2024-01-03T17:10:30+00:00","og_image":[{"width":1379,"height":932,"url":"https:\/\/slolux.eu\/wp-content\/uploads\/2016\/10\/Balon-Velikon.jpg","type":"image\/jpeg"}],"author":"emilk","twitter_card":"summary_large_image","twitter_misc":{"\u00c9crit par":"emilk","Dur\u00e9e de lecture estim\u00e9e":"1 minute"},"schema":{"@context":"https:\/\/schema.org","@graph":[{"@type":"Article","@id":"https:\/\/slolux.eu\/v-luksemburg-leti-balon-velikon-predstava-za-otroke\/#article","isPartOf":{"@id":"https:\/\/slolux.eu\/v-luksemburg-leti-balon-velikon-predstava-za-otroke\/"},"author":{"name":"emilk","@id":"https:\/\/slolux.eu\/#\/schema\/person\/89c0bc490751fd8c820af6ec2049496a"},"headline":"V Luksemburg leti Balon Velikon (predstava za otroke)","datePublished":"2016-10-19T21:29:33+00:00","dateModified":"2024-01-03T17:10:30+00:00","mainEntityOfPage":{"@id":"https:\/\/slolux.eu\/v-luksemburg-leti-balon-velikon-predstava-za-otroke\/"},"wordCount":147,"commentCount":0,"publisher":{"@id":"https:\/\/slolux.eu\/#organization"},"image":{"@id":"https:\/\/slolux.eu\/v-luksemburg-leti-balon-velikon-predstava-za-otroke\/#primaryimage"},"thumbnailUrl":"https:\/\/slolux.eu\/wp-content\/uploads\/2016\/10\/Balon-Velikon.jpg","articleSection":["Dru\u017eabno sre\u010danje","Dru\u017eine","Najava","Ne zamudite","Otroci"],"inLanguage":"fr-FR","potentialAction":[{"@type":"CommentAction","name":"Comment","target":["https:\/\/slolux.eu\/v-luksemburg-leti-balon-velikon-predstava-za-otroke\/#respond"]}]},{"@type":"WebPage","@id":"https:\/\/slolux.eu\/v-luksemburg-leti-balon-velikon-predstava-za-otroke\/","url":"https:\/\/slolux.eu\/v-luksemburg-leti-balon-velikon-predstava-za-otroke\/","name":"V Luksemburg leti Balon Velikon (predstava za otroke) - Slolux","isPartOf":{"@id":"https:\/\/slolux.eu\/#website"},"primaryImageOfPage":{"@id":"https:\/\/slolux.eu\/v-luksemburg-leti-balon-velikon-predstava-za-otroke\/#primaryimage"},"image":{"@id":"https:\/\/slolux.eu\/v-luksemburg-leti-balon-velikon-predstava-za-otroke\/#primaryimage"},"thumbnailUrl":"https:\/\/slolux.eu\/wp-content\/uploads\/2016\/10\/Balon-Velikon.jpg","datePublished":"2016-10-19T21:29:33+00:00","dateModified":"2024-01-03T17:10:30+00:00","breadcrumb":{"@id":"https:\/\/slolux.eu\/v-luksemburg-leti-balon-velikon-predstava-za-otroke\/#breadcrumb"},"inLanguage":"fr-FR","potentialAction":[{"@type":"ReadAction","target":["https:\/\/slolux.eu\/v-luksemburg-leti-balon-velikon-predstava-za-otroke\/"]}]},{"@type":"ImageObject","inLanguage":"fr-FR","@id":"https:\/\/slolux.eu\/v-luksemburg-leti-balon-velikon-predstava-za-otroke\/#primaryimage","url":"https:\/\/slolux.eu\/wp-content\/uploads\/2016\/10\/Balon-Velikon.jpg","contentUrl":"https:\/\/slolux.eu\/wp-content\/uploads\/2016\/10\/Balon-Velikon.jpg","width":1379,"height":932},{"@type":"BreadcrumbList","@id":"https:\/\/slolux.eu\/v-luksemburg-leti-balon-velikon-predstava-za-otroke\/#breadcrumb","itemListElement":[{"@type":"ListItem","position":1,"name":"Home","item":"https:\/\/slolux.eu\/"},{"@type":"ListItem","position":2,"name":"V Luksemburg leti Balon Velikon (predstava za otroke)"}]},{"@type":"WebSite","@id":"https:\/\/slolux.eu\/#website","url":"https:\/\/slolux.eu\/","name":"Slovensko dru\u0161tvo v Luksemburgu","description":"Slovensko dru\u0161tvo v Luksemburgu","publisher":{"@id":"https:\/\/slolux.eu\/#organization"},"potentialAction":[{"@type":"SearchAction","target":{"@type":"EntryPoint","urlTemplate":"https:\/\/slolux.eu\/?s={search_term_string}"},"query-input":{"@type":"PropertyValueSpecification","valueRequired":true,"valueName":"search_term_string"}}],"inLanguage":"fr-FR"},{"@type":"Organization","@id":"https:\/\/slolux.eu\/#organization","name":"Slovensko dru\u0161tvo v Luksemburgu","url":"https:\/\/slolux.eu\/","logo":{"@type":"ImageObject","inLanguage":"fr-FR","@id":"https:\/\/slolux.eu\/#\/schema\/logo\/image\/","url":"https:\/\/slolux.eu\/wp-content\/uploads\/2023\/12\/barvnofinal.png","contentUrl":"https:\/\/slolux.eu\/wp-content\/uploads\/2023\/12\/barvnofinal.png","width":2550,"height":938,"caption":"Slovensko dru\u0161tvo v Luksemburgu"},"image":{"@id":"https:\/\/slolux.eu\/#\/schema\/logo\/image\/"}},{"@type":"Person","@id":"https:\/\/slolux.eu\/#\/schema\/person\/89c0bc490751fd8c820af6ec2049496a","name":"emilk","image":{"@type":"ImageObject","inLanguage":"fr-FR","@id":"https:\/\/slolux.eu\/#\/schema\/person\/image\/","url":"https:\/\/secure.gravatar.com\/avatar\/f0322d080f9bbb04c78300901a3f936bfd50777a1f9af51976123e266fbe5856?s=96&d=monsterid&r=g","contentUrl":"https:\/\/secure.gravatar.com\/avatar\/f0322d080f9bbb04c78300901a3f936bfd50777a1f9af51976123e266fbe5856?s=96&d=monsterid&r=g","caption":"emilk"},"url":"https:\/\/slolux.eu\/fr\/author\/emilk\/"}]}},"_links":{"self":[{"href":"https:\/\/slolux.eu\/fr\/wp-json\/wp\/v2\/posts\/1347","targetHints":{"allow":["GET"]}}],"collection":[{"href":"https:\/\/slolux.eu\/fr\/wp-json\/wp\/v2\/posts"}],"about":[{"href":"https:\/\/slolux.eu\/fr\/wp-json\/wp\/v2\/types\/post"}],"author":[{"embeddable":true,"href":"https:\/\/slolux.eu\/fr\/wp-json\/wp\/v2\/users\/1"}],"replies":[{"embeddable":true,"href":"https:\/\/slolux.eu\/fr\/wp-json\/wp\/v2\/comments?post=1347"}],"version-history":[{"count":1,"href":"https:\/\/slolux.eu\/fr\/wp-json\/wp\/v2\/posts\/1347\/revisions"}],"predecessor-version":[{"id":5655,"href":"https:\/\/slolux.eu\/fr\/wp-json\/wp\/v2\/posts\/1347\/revisions\/5655"}],"wp:featuredmedia":[{"embeddable":true,"href":"https:\/\/slolux.eu\/fr\/wp-json\/wp\/v2\/media\/1334"}],"wp:attachment":[{"href":"https:\/\/slolux.eu\/fr\/wp-json\/wp\/v2\/media?parent=1347"}],"wp:term":[{"taxonomy":"category","embeddable":true,"href":"https:\/\/slolux.eu\/fr\/wp-json\/wp\/v2\/categories?post=1347"},{"taxonomy":"post_tag","embeddable":true,"href":"https:\/\/slolux.eu\/fr\/wp-json\/wp\/v2\/tags?post=1347"}],"curies":[{"name":"wp","href":"https:\/\/api.w.org\/{rel}","templated":true}]}}