{"id":1724,"date":"2017-03-22T10:44:04","date_gmt":"2017-03-22T09:44:04","guid":{"rendered":"https:\/\/old.slolux.eu\/?p=1724"},"modified":"2024-06-10T09:58:53","modified_gmt":"2024-06-10T07:58:53","slug":"ste-v-letu-2016-placali-prevec-davka","status":"publish","type":"post","link":"https:\/\/slolux.eu\/fr\/ste-v-letu-2016-placali-prevec-davka\/","title":{"rendered":"Avez-vous pay\u00e9 trop d&#039;imp\u00f4ts en 2016 ?"},"content":{"rendered":"<p><img loading=\"lazy\" decoding=\"async\" class=\"alignnone wp-image-1725\" src=\"https:\/\/old.slolux.eu\/wp-content\/uploads\/2017\/03\/tax-sense-on-Adsense.jpg\" alt=\"\" width=\"448\" height=\"251\" srcset=\"https:\/\/slolux.eu\/wp-content\/uploads\/2017\/03\/tax-sense-on-Adsense.jpg 660w, https:\/\/slolux.eu\/wp-content\/uploads\/2017\/03\/tax-sense-on-Adsense-300x168.jpg 300w\" sizes=\"auto, (max-width: 448px) 100vw, 448px\" \/><\/p>\n<p>Si vous travaillez dans le secteur priv\u00e9, votre employeur vous pr\u00e9l\u00e8ve automatiquement des imp\u00f4ts. Si vous r\u00e9pondez \u00e0 certains crit\u00e8res, le Luxembourg vous demandera de produire une d\u00e9claration fiscale, mais ce n&#039;est pas n\u00e9cessaire.<\/p>\n<p>Si vous avez pay\u00e9 trop cher, vous pouvez r\u00e9clamer la diff\u00e9rence du trop-pay\u00e9 avec ce que l&#039;on appelle \u00bb<a href=\"http:\/\/www.impotsdirects.public.lu\/fr\/formulaires\/decompte_annuel.html\" target=\"_blank\" rel=\"noopener\">d\u00e9compte annuel<\/a>&quot;. Compte tenu des diff\u00e9rents all\u00e8gements reconnus, vous pouvez effectuer le calcul vous-m\u00eame ou contacter un comptable pour obtenir l&#039;aide d&#039;un professionnel, par ex. \u00e0 Sladjana Todorovi\u0107, o\u00f9 les membres b\u00e9n\u00e9ficieront \u00e9galement d&#039;une r\u00e9duction de 20 %.<\/p>\n<p>N&#039;oubliez pas qu&#039;un calcul professionnel co\u00fbte g\u00e9n\u00e9ralement moins de 100 \u20ac, mais vous pouvez obtenir beaucoup plus.<\/p>\n<p>Vous pouvez obtenir les contacts de Siljanine et le formulaire de r\u00e9duction sur <a href=\"https:\/\/old.slolux.eu\/events\/sladjana-todorovic\" target=\"_blank\" rel=\"noopener\">ce lien<\/a>.<\/p>","protected":false},"excerpt":{"rendered":"<p>Si vous travaillez dans le secteur priv\u00e9, votre employeur pr\u00e9l\u00e8ve automatiquement des imp\u00f4ts sur vos revenus. Si vous remplissez certains crit\u00e8res, l&#039;\u00c9tat luxembourgeois vous demandera de remplir une d\u00e9claration d&#039;imp\u00f4ts, qui [\u2026]<\/p>","protected":false},"author":1,"featured_media":1725,"comment_status":"open","ping_status":"open","sticky":false,"template":"","format":"standard","meta":{"site-sidebar-layout":"default","site-content-layout":"","ast-site-content-layout":"","site-content-style":"default","site-sidebar-style":"default","ast-global-header-display":"","ast-banner-title-visibility":"","ast-main-header-display":"","ast-hfb-above-header-display":"","ast-hfb-below-header-display":"","ast-hfb-mobile-header-display":"","site-post-title":"","ast-breadcrumbs-content":"","ast-featured-img":"","footer-sml-layout":"","theme-transparent-header-meta":"","adv-header-id-meta":"","stick-header-meta":"","header-above-stick-meta":"","header-main-stick-meta":"","header-below-stick-meta":"","astra-migrate-meta-layouts":"default","ast-page-background-enabled":"default","ast-page-background-meta":{"desktop":{"background-color":"var(--ast-global-color-4)","background-image":"","background-repeat":"repeat","background-position":"center center","background-size":"auto","background-attachment":"scroll","background-type":"","background-media":"","overlay-type":"","overlay-color":"","overlay-opacity":"","overlay-gradient":""},"tablet":{"background-color":"","background-image":"","background-repeat":"repeat","background-position":"center center","background-size":"auto","background-attachment":"scroll","background-type":"","background-media":"","overlay-type":"","overlay-color":"","overlay-opacity":"","overlay-gradient":""},"mobile":{"background-color":"","background-image":"","background-repeat":"repeat","background-position":"center center","background-size":"auto","background-attachment":"scroll","background-type":"","background-media":"","overlay-type":"","overlay-color":"","overlay-opacity":"","overlay-gradient":""}},"ast-content-background-meta":{"desktop":{"background-color":"var(--ast-global-color-5)","background-image":"","background-repeat":"repeat","background-position":"center center","background-size":"auto","background-attachment":"scroll","background-type":"","background-media":"","overlay-type":"","overlay-color":"","overlay-opacity":"","overlay-gradient":""},"tablet":{"background-color":"var(--ast-global-color-5)","background-image":"","background-repeat":"repeat","background-position":"center center","background-size":"auto","background-attachment":"scroll","background-type":"","background-media":"","overlay-type":"","overlay-color":"","overlay-opacity":"","overlay-gradient":""},"mobile":{"background-color":"var(--ast-global-color-5)","background-image":"","background-repeat":"repeat","background-position":"center center","background-size":"auto","background-attachment":"scroll","background-type":"","background-media":"","overlay-type":"","overlay-color":"","overlay-opacity":"","overlay-gradient":""}},"footnotes":""},"categories":[23,30],"tags":[],"class_list":["post-1724","post","type-post","status-publish","format-standard","has-post-thumbnail","hentry","category-administracija","category-news"],"yoast_head":"<!-- This site is optimized with the Yoast SEO plugin v24.5 - https:\/\/yoast.com\/wordpress\/plugins\/seo\/ -->\n<title>Ste v letu 2016 pla\u010dali preve\u010d davka? - Slolux<\/title>\n<meta name=\"robots\" content=\"index, follow, max-snippet:-1, max-image-preview:large, max-video-preview:-1\" \/>\n<link rel=\"canonical\" href=\"https:\/\/slolux.eu\/fr\/ste-v-letu-2016-placali-prevec-davka\/\" \/>\n<meta property=\"og:locale\" content=\"fr_FR\" \/>\n<meta property=\"og:type\" content=\"article\" \/>\n<meta property=\"og:title\" content=\"Ste v letu 2016 pla\u010dali preve\u010d davka? - Slolux\" \/>\n<meta property=\"og:description\" content=\"\u010ce delate v privatnem sektorju, vam delodajalec avtomatsko odvaja davek. V kolikor izpolnjujete dolo\u010dene kriterije, vas bo dr\u017eava Luksemburg pozvala k\u00a0vlo\u017eitvi dav\u010dne napovedi, kar [&hellip;]\" \/>\n<meta property=\"og:url\" content=\"https:\/\/slolux.eu\/fr\/ste-v-letu-2016-placali-prevec-davka\/\" \/>\n<meta property=\"og:site_name\" content=\"Slolux\" \/>\n<meta property=\"article:published_time\" content=\"2017-03-22T09:44:04+00:00\" \/>\n<meta property=\"article:modified_time\" content=\"2024-06-10T07:58:53+00:00\" \/>\n<meta property=\"og:image\" content=\"https:\/\/slolux.eu\/wp-content\/uploads\/2017\/03\/tax-sense-on-Adsense.jpg\" \/>\n\t<meta property=\"og:image:width\" content=\"660\" \/>\n\t<meta property=\"og:image:height\" content=\"370\" \/>\n\t<meta property=\"og:image:type\" content=\"image\/jpeg\" \/>\n<meta name=\"author\" content=\"emilk\" \/>\n<meta name=\"twitter:card\" content=\"summary_large_image\" \/>\n<meta name=\"twitter:label1\" content=\"\u00c9crit par\" \/>\n\t<meta name=\"twitter:data1\" content=\"emilk\" \/>\n\t<meta name=\"twitter:label2\" content=\"Dur\u00e9e de lecture estim\u00e9e\" \/>\n\t<meta name=\"twitter:data2\" content=\"1 minute\" \/>\n<script type=\"application\/ld+json\" class=\"yoast-schema-graph\">{\"@context\":\"https:\/\/schema.org\",\"@graph\":[{\"@type\":\"Article\",\"@id\":\"https:\/\/slolux.eu\/ste-v-letu-2016-placali-prevec-davka\/#article\",\"isPartOf\":{\"@id\":\"https:\/\/slolux.eu\/ste-v-letu-2016-placali-prevec-davka\/\"},\"author\":{\"name\":\"emilk\",\"@id\":\"https:\/\/slolux.eu\/#\/schema\/person\/89c0bc490751fd8c820af6ec2049496a\"},\"headline\":\"Ste v letu 2016 pla\u010dali preve\u010d davka?\",\"datePublished\":\"2017-03-22T09:44:04+00:00\",\"dateModified\":\"2024-06-10T07:58:53+00:00\",\"mainEntityOfPage\":{\"@id\":\"https:\/\/slolux.eu\/ste-v-letu-2016-placali-prevec-davka\/\"},\"wordCount\":118,\"commentCount\":0,\"publisher\":{\"@id\":\"https:\/\/slolux.eu\/#organization\"},\"image\":{\"@id\":\"https:\/\/slolux.eu\/ste-v-letu-2016-placali-prevec-davka\/#primaryimage\"},\"thumbnailUrl\":\"https:\/\/slolux.eu\/wp-content\/uploads\/2017\/03\/tax-sense-on-Adsense.jpg\",\"articleSection\":[\"Administracija\",\"Novice\"],\"inLanguage\":\"fr-FR\",\"potentialAction\":[{\"@type\":\"CommentAction\",\"name\":\"Comment\",\"target\":[\"https:\/\/slolux.eu\/ste-v-letu-2016-placali-prevec-davka\/#respond\"]}]},{\"@type\":\"WebPage\",\"@id\":\"https:\/\/slolux.eu\/ste-v-letu-2016-placali-prevec-davka\/\",\"url\":\"https:\/\/slolux.eu\/ste-v-letu-2016-placali-prevec-davka\/\",\"name\":\"Ste v letu 2016 pla\u010dali preve\u010d davka? - Slolux\",\"isPartOf\":{\"@id\":\"https:\/\/slolux.eu\/#website\"},\"primaryImageOfPage\":{\"@id\":\"https:\/\/slolux.eu\/ste-v-letu-2016-placali-prevec-davka\/#primaryimage\"},\"image\":{\"@id\":\"https:\/\/slolux.eu\/ste-v-letu-2016-placali-prevec-davka\/#primaryimage\"},\"thumbnailUrl\":\"https:\/\/slolux.eu\/wp-content\/uploads\/2017\/03\/tax-sense-on-Adsense.jpg\",\"datePublished\":\"2017-03-22T09:44:04+00:00\",\"dateModified\":\"2024-06-10T07:58:53+00:00\",\"breadcrumb\":{\"@id\":\"https:\/\/slolux.eu\/ste-v-letu-2016-placali-prevec-davka\/#breadcrumb\"},\"inLanguage\":\"fr-FR\",\"potentialAction\":[{\"@type\":\"ReadAction\",\"target\":[\"https:\/\/slolux.eu\/ste-v-letu-2016-placali-prevec-davka\/\"]}]},{\"@type\":\"ImageObject\",\"inLanguage\":\"fr-FR\",\"@id\":\"https:\/\/slolux.eu\/ste-v-letu-2016-placali-prevec-davka\/#primaryimage\",\"url\":\"https:\/\/slolux.eu\/wp-content\/uploads\/2017\/03\/tax-sense-on-Adsense.jpg\",\"contentUrl\":\"https:\/\/slolux.eu\/wp-content\/uploads\/2017\/03\/tax-sense-on-Adsense.jpg\",\"width\":660,\"height\":370},{\"@type\":\"BreadcrumbList\",\"@id\":\"https:\/\/slolux.eu\/ste-v-letu-2016-placali-prevec-davka\/#breadcrumb\",\"itemListElement\":[{\"@type\":\"ListItem\",\"position\":1,\"name\":\"Home\",\"item\":\"https:\/\/slolux.eu\/\"},{\"@type\":\"ListItem\",\"position\":2,\"name\":\"Ste v letu 2016 pla\u010dali preve\u010d davka?\"}]},{\"@type\":\"WebSite\",\"@id\":\"https:\/\/slolux.eu\/#website\",\"url\":\"https:\/\/slolux.eu\/\",\"name\":\"Slovensko dru\u0161tvo v Luksemburgu\",\"description\":\"Slovensko dru\u0161tvo v Luksemburgu\",\"publisher\":{\"@id\":\"https:\/\/slolux.eu\/#organization\"},\"potentialAction\":[{\"@type\":\"SearchAction\",\"target\":{\"@type\":\"EntryPoint\",\"urlTemplate\":\"https:\/\/slolux.eu\/?s={search_term_string}\"},\"query-input\":{\"@type\":\"PropertyValueSpecification\",\"valueRequired\":true,\"valueName\":\"search_term_string\"}}],\"inLanguage\":\"fr-FR\"},{\"@type\":\"Organization\",\"@id\":\"https:\/\/slolux.eu\/#organization\",\"name\":\"Slovensko dru\u0161tvo v Luksemburgu\",\"url\":\"https:\/\/slolux.eu\/\",\"logo\":{\"@type\":\"ImageObject\",\"inLanguage\":\"fr-FR\",\"@id\":\"https:\/\/slolux.eu\/#\/schema\/logo\/image\/\",\"url\":\"https:\/\/slolux.eu\/wp-content\/uploads\/2023\/12\/barvnofinal.png\",\"contentUrl\":\"https:\/\/slolux.eu\/wp-content\/uploads\/2023\/12\/barvnofinal.png\",\"width\":2550,\"height\":938,\"caption\":\"Slovensko dru\u0161tvo v Luksemburgu\"},\"image\":{\"@id\":\"https:\/\/slolux.eu\/#\/schema\/logo\/image\/\"}},{\"@type\":\"Person\",\"@id\":\"https:\/\/slolux.eu\/#\/schema\/person\/89c0bc490751fd8c820af6ec2049496a\",\"name\":\"emilk\",\"image\":{\"@type\":\"ImageObject\",\"inLanguage\":\"fr-FR\",\"@id\":\"https:\/\/slolux.eu\/#\/schema\/person\/image\/\",\"url\":\"https:\/\/secure.gravatar.com\/avatar\/f0322d080f9bbb04c78300901a3f936bfd50777a1f9af51976123e266fbe5856?s=96&d=monsterid&r=g\",\"contentUrl\":\"https:\/\/secure.gravatar.com\/avatar\/f0322d080f9bbb04c78300901a3f936bfd50777a1f9af51976123e266fbe5856?s=96&d=monsterid&r=g\",\"caption\":\"emilk\"},\"url\":\"https:\/\/slolux.eu\/fr\/author\/emilk\/\"}]}<\/script>\n<!-- \/ Yoast SEO plugin. -->","yoast_head_json":{"title":"Ste v letu 2016 pla\u010dali preve\u010d davka? - Slolux","robots":{"index":"index","follow":"follow","max-snippet":"max-snippet:-1","max-image-preview":"max-image-preview:large","max-video-preview":"max-video-preview:-1"},"canonical":"https:\/\/slolux.eu\/fr\/ste-v-letu-2016-placali-prevec-davka\/","og_locale":"fr_FR","og_type":"article","og_title":"Ste v letu 2016 pla\u010dali preve\u010d davka? - Slolux","og_description":"\u010ce delate v privatnem sektorju, vam delodajalec avtomatsko odvaja davek. V kolikor izpolnjujete dolo\u010dene kriterije, vas bo dr\u017eava Luksemburg pozvala k\u00a0vlo\u017eitvi dav\u010dne napovedi, kar [&hellip;]","og_url":"https:\/\/slolux.eu\/fr\/ste-v-letu-2016-placali-prevec-davka\/","og_site_name":"Slolux","article_published_time":"2017-03-22T09:44:04+00:00","article_modified_time":"2024-06-10T07:58:53+00:00","og_image":[{"width":660,"height":370,"url":"https:\/\/slolux.eu\/wp-content\/uploads\/2017\/03\/tax-sense-on-Adsense.jpg","type":"image\/jpeg"}],"author":"emilk","twitter_card":"summary_large_image","twitter_misc":{"\u00c9crit par":"emilk","Dur\u00e9e de lecture estim\u00e9e":"1 minute"},"schema":{"@context":"https:\/\/schema.org","@graph":[{"@type":"Article","@id":"https:\/\/slolux.eu\/ste-v-letu-2016-placali-prevec-davka\/#article","isPartOf":{"@id":"https:\/\/slolux.eu\/ste-v-letu-2016-placali-prevec-davka\/"},"author":{"name":"emilk","@id":"https:\/\/slolux.eu\/#\/schema\/person\/89c0bc490751fd8c820af6ec2049496a"},"headline":"Ste v letu 2016 pla\u010dali preve\u010d davka?","datePublished":"2017-03-22T09:44:04+00:00","dateModified":"2024-06-10T07:58:53+00:00","mainEntityOfPage":{"@id":"https:\/\/slolux.eu\/ste-v-letu-2016-placali-prevec-davka\/"},"wordCount":118,"commentCount":0,"publisher":{"@id":"https:\/\/slolux.eu\/#organization"},"image":{"@id":"https:\/\/slolux.eu\/ste-v-letu-2016-placali-prevec-davka\/#primaryimage"},"thumbnailUrl":"https:\/\/slolux.eu\/wp-content\/uploads\/2017\/03\/tax-sense-on-Adsense.jpg","articleSection":["Administracija","Novice"],"inLanguage":"fr-FR","potentialAction":[{"@type":"CommentAction","name":"Comment","target":["https:\/\/slolux.eu\/ste-v-letu-2016-placali-prevec-davka\/#respond"]}]},{"@type":"WebPage","@id":"https:\/\/slolux.eu\/ste-v-letu-2016-placali-prevec-davka\/","url":"https:\/\/slolux.eu\/ste-v-letu-2016-placali-prevec-davka\/","name":"Ste v letu 2016 pla\u010dali preve\u010d davka? - Slolux","isPartOf":{"@id":"https:\/\/slolux.eu\/#website"},"primaryImageOfPage":{"@id":"https:\/\/slolux.eu\/ste-v-letu-2016-placali-prevec-davka\/#primaryimage"},"image":{"@id":"https:\/\/slolux.eu\/ste-v-letu-2016-placali-prevec-davka\/#primaryimage"},"thumbnailUrl":"https:\/\/slolux.eu\/wp-content\/uploads\/2017\/03\/tax-sense-on-Adsense.jpg","datePublished":"2017-03-22T09:44:04+00:00","dateModified":"2024-06-10T07:58:53+00:00","breadcrumb":{"@id":"https:\/\/slolux.eu\/ste-v-letu-2016-placali-prevec-davka\/#breadcrumb"},"inLanguage":"fr-FR","potentialAction":[{"@type":"ReadAction","target":["https:\/\/slolux.eu\/ste-v-letu-2016-placali-prevec-davka\/"]}]},{"@type":"ImageObject","inLanguage":"fr-FR","@id":"https:\/\/slolux.eu\/ste-v-letu-2016-placali-prevec-davka\/#primaryimage","url":"https:\/\/slolux.eu\/wp-content\/uploads\/2017\/03\/tax-sense-on-Adsense.jpg","contentUrl":"https:\/\/slolux.eu\/wp-content\/uploads\/2017\/03\/tax-sense-on-Adsense.jpg","width":660,"height":370},{"@type":"BreadcrumbList","@id":"https:\/\/slolux.eu\/ste-v-letu-2016-placali-prevec-davka\/#breadcrumb","itemListElement":[{"@type":"ListItem","position":1,"name":"Home","item":"https:\/\/slolux.eu\/"},{"@type":"ListItem","position":2,"name":"Ste v letu 2016 pla\u010dali preve\u010d davka?"}]},{"@type":"WebSite","@id":"https:\/\/slolux.eu\/#website","url":"https:\/\/slolux.eu\/","name":"Slovensko dru\u0161tvo v Luksemburgu","description":"Slovensko dru\u0161tvo v Luksemburgu","publisher":{"@id":"https:\/\/slolux.eu\/#organization"},"potentialAction":[{"@type":"SearchAction","target":{"@type":"EntryPoint","urlTemplate":"https:\/\/slolux.eu\/?s={search_term_string}"},"query-input":{"@type":"PropertyValueSpecification","valueRequired":true,"valueName":"search_term_string"}}],"inLanguage":"fr-FR"},{"@type":"Organization","@id":"https:\/\/slolux.eu\/#organization","name":"Slovensko dru\u0161tvo v Luksemburgu","url":"https:\/\/slolux.eu\/","logo":{"@type":"ImageObject","inLanguage":"fr-FR","@id":"https:\/\/slolux.eu\/#\/schema\/logo\/image\/","url":"https:\/\/slolux.eu\/wp-content\/uploads\/2023\/12\/barvnofinal.png","contentUrl":"https:\/\/slolux.eu\/wp-content\/uploads\/2023\/12\/barvnofinal.png","width":2550,"height":938,"caption":"Slovensko dru\u0161tvo v Luksemburgu"},"image":{"@id":"https:\/\/slolux.eu\/#\/schema\/logo\/image\/"}},{"@type":"Person","@id":"https:\/\/slolux.eu\/#\/schema\/person\/89c0bc490751fd8c820af6ec2049496a","name":"emilk","image":{"@type":"ImageObject","inLanguage":"fr-FR","@id":"https:\/\/slolux.eu\/#\/schema\/person\/image\/","url":"https:\/\/secure.gravatar.com\/avatar\/f0322d080f9bbb04c78300901a3f936bfd50777a1f9af51976123e266fbe5856?s=96&d=monsterid&r=g","contentUrl":"https:\/\/secure.gravatar.com\/avatar\/f0322d080f9bbb04c78300901a3f936bfd50777a1f9af51976123e266fbe5856?s=96&d=monsterid&r=g","caption":"emilk"},"url":"https:\/\/slolux.eu\/fr\/author\/emilk\/"}]}},"_links":{"self":[{"href":"https:\/\/slolux.eu\/fr\/wp-json\/wp\/v2\/posts\/1724","targetHints":{"allow":["GET"]}}],"collection":[{"href":"https:\/\/slolux.eu\/fr\/wp-json\/wp\/v2\/posts"}],"about":[{"href":"https:\/\/slolux.eu\/fr\/wp-json\/wp\/v2\/types\/post"}],"author":[{"embeddable":true,"href":"https:\/\/slolux.eu\/fr\/wp-json\/wp\/v2\/users\/1"}],"replies":[{"embeddable":true,"href":"https:\/\/slolux.eu\/fr\/wp-json\/wp\/v2\/comments?post=1724"}],"version-history":[{"count":1,"href":"https:\/\/slolux.eu\/fr\/wp-json\/wp\/v2\/posts\/1724\/revisions"}],"predecessor-version":[{"id":5627,"href":"https:\/\/slolux.eu\/fr\/wp-json\/wp\/v2\/posts\/1724\/revisions\/5627"}],"wp:featuredmedia":[{"embeddable":true,"href":"https:\/\/slolux.eu\/fr\/wp-json\/wp\/v2\/media\/1725"}],"wp:attachment":[{"href":"https:\/\/slolux.eu\/fr\/wp-json\/wp\/v2\/media?parent=1724"}],"wp:term":[{"taxonomy":"category","embeddable":true,"href":"https:\/\/slolux.eu\/fr\/wp-json\/wp\/v2\/categories?post=1724"},{"taxonomy":"post_tag","embeddable":true,"href":"https:\/\/slolux.eu\/fr\/wp-json\/wp\/v2\/tags?post=1724"}],"curies":[{"name":"wp","href":"https:\/\/api.w.org\/{rel}","templated":true}]}}