{"id":2187,"date":"2017-11-26T22:49:29","date_gmt":"2017-11-26T21:49:29","guid":{"rendered":"https:\/\/old.slolux.eu\/?p=2187"},"modified":"2024-01-03T18:10:25","modified_gmt":"2024-01-03T17:10:25","slug":"vabilo-na-dogodek-vtis-luksemburg-izmenjava-znanj-v-mednarodnem-prostoru-8-12-2017","status":"publish","type":"post","link":"https:\/\/slolux.eu\/fr\/vabilo-na-dogodek-vtis-luksemburg-izmenjava-znanj-v-mednarodnem-prostoru-8-12-2017\/","title":{"rendered":"Invitation \u00e0 l&#039;\u00e9v\u00e9nement &quot;VTIS Luxembourg : \u00e9change de connaissances dans l&#039;espace international&quot; (8 d\u00e9cembre 2017)"},"content":{"rendered":"<p><img loading=\"lazy\" decoding=\"async\" class=\"alignnone size-full wp-image-1069\" src=\"https:\/\/old.slolux.eu\/wp-content\/uploads\/2016\/04\/VTIS.png\" alt=\"\" width=\"234\" height=\"110\" \/><\/p>\n<p>Cher,<\/p>\n<p>La Soci\u00e9t\u00e9 VTIS (Soci\u00e9t\u00e9 des Slov\u00e8nes Instruits \u00e0 l&#039;Etranger) en coop\u00e9ration avec la Soci\u00e9t\u00e9 Slolux organise l&#039;\u00e9v\u00e9nement &quot;VTIS Luxembourg : \u00e9change de connaissances dans l&#039;espace international&quot;, qui aura lieu le vendredi 8 d\u00e9cembre 2017 \u00e0 17h00 (heure officielle). partie \u00e0 17h30) . L&#039;\u00e9v\u00e9nement sera anim\u00e9 par le juge du Tribunal de l&#039;Union europ\u00e9enne Miro Prek et le juge de la Cour de l&#039;Union europ\u00e9enne dr. Marko Ile\u0161i\u010d.<\/p>\n<p>L&#039;\u00e9v\u00e9nement fait partie d&#039;une s\u00e9rie d&#039;\u00e9v\u00e9nements de l&#039;association VTIS, qui ont lieu dans le monde entier, dont le but est de promouvoir le r\u00e9seautage, la coop\u00e9ration mutuelle, le partage d&#039;exp\u00e9riences et la pr\u00e9sentation du travail professionnel des Slov\u00e8nes travaillant dans le domaine \u00e9ducatif ou institutions \u00e9conomiques \u00e0 l\u2019\u00e9tranger. Les intervenants seront le prof. <strong>dr. Danilo Zavrtanik<\/strong>, recteur de l&#039;Universit\u00e9 de Nova Gorica, avocat <strong>Tatjana Andoljsek LLM<\/strong> (Cambridge UK) MBA, associ\u00e9 directeur du cabinet d&#039;avocats OPAM Law \u00e0 Ljubljana et au Luxembourg, <strong>dr. Jan Bednarich<\/strong>, chef du d\u00e9partement des langues \u00e0 la Commission europ\u00e9enne et <strong>dr. S\u00e9bastien Glin\u0161ek<\/strong>, chercheur \u00e0 l&#039;Institut luxembourgeois des sciences et technologies. De courtes pr\u00e9sentations seront suivies d&#039;une discussion interactive mod\u00e9r\u00e9e par lui <strong>\u00c9mile Kos<\/strong>, pr\u00e9sident de l&#039;association SloLux.<\/p>\n<p><strong>Vous pouvez trouver plus d&#039;informations sur l&#039;\u00e9v\u00e9nement et le formulaire d&#039;inscription (l&#039;inscription est obligatoire). <a href=\"https:\/\/old.slolux.eu\/events\/slovensko-znanje-v-svetu-izmenjava-znanju-v-mednarodnem-prostoru\/\" target=\"_blank\" rel=\"noopener\">sur ce lien<\/a>.<\/strong><\/p>","protected":false},"excerpt":{"rendered":"<p>Chers tous, L\u2019Association VTIS (Soci\u00e9t\u00e9 des Slov\u00e8nes instruits \u00e0 l\u2019\u00e9tranger) en coop\u00e9ration avec l\u2019Association Slolux organise l\u2019\u00e9v\u00e9nement \u00ab VTIS Luxembourg : \u00c9change international de connaissances \u00bb, qui [\u2026]<\/p>","protected":false},"author":1,"featured_media":1069,"comment_status":"open","ping_status":"closed","sticky":false,"template":"","format":"standard","meta":{"site-sidebar-layout":"default","site-content-layout":"","ast-site-content-layout":"","site-content-style":"default","site-sidebar-style":"default","ast-global-header-display":"","ast-banner-title-visibility":"","ast-main-header-display":"","ast-hfb-above-header-display":"","ast-hfb-below-header-display":"","ast-hfb-mobile-header-display":"","site-post-title":"","ast-breadcrumbs-content":"","ast-featured-img":"","footer-sml-layout":"","theme-transparent-header-meta":"","adv-header-id-meta":"","stick-header-meta":"","header-above-stick-meta":"","header-main-stick-meta":"","header-below-stick-meta":"","astra-migrate-meta-layouts":"default","ast-page-background-enabled":"default","ast-page-background-meta":{"desktop":{"background-color":"var(--ast-global-color-4)","background-image":"","background-repeat":"repeat","background-position":"center center","background-size":"auto","background-attachment":"scroll","background-type":"","background-media":"","overlay-type":"","overlay-color":"","overlay-opacity":"","overlay-gradient":""},"tablet":{"background-color":"","background-image":"","background-repeat":"repeat","background-position":"center center","background-size":"auto","background-attachment":"scroll","background-type":"","background-media":"","overlay-type":"","overlay-color":"","overlay-opacity":"","overlay-gradient":""},"mobile":{"background-color":"","background-image":"","background-repeat":"repeat","background-position":"center center","background-size":"auto","background-attachment":"scroll","background-type":"","background-media":"","overlay-type":"","overlay-color":"","overlay-opacity":"","overlay-gradient":""}},"ast-content-background-meta":{"desktop":{"background-color":"var(--ast-global-color-5)","background-image":"","background-repeat":"repeat","background-position":"center center","background-size":"auto","background-attachment":"scroll","background-type":"","background-media":"","overlay-type":"","overlay-color":"","overlay-opacity":"","overlay-gradient":""},"tablet":{"background-color":"var(--ast-global-color-5)","background-image":"","background-repeat":"repeat","background-position":"center center","background-size":"auto","background-attachment":"scroll","background-type":"","background-media":"","overlay-type":"","overlay-color":"","overlay-opacity":"","overlay-gradient":""},"mobile":{"background-color":"var(--ast-global-color-5)","background-image":"","background-repeat":"repeat","background-position":"center center","background-size":"auto","background-attachment":"scroll","background-type":"","background-media":"","overlay-type":"","overlay-color":"","overlay-opacity":"","overlay-gradient":""}},"footnotes":""},"categories":[30],"tags":[],"class_list":["post-2187","post","type-post","status-publish","format-standard","has-post-thumbnail","hentry","category-news"],"yoast_head":"<!-- This site is optimized with the Yoast SEO plugin v24.5 - https:\/\/yoast.com\/wordpress\/plugins\/seo\/ -->\n<title>Vabilo na dogodek \u00bbVTIS Luksemburg: izmenjava znanj v mednarodnem prostoru\u00ab (8. 12. 2017) - Slolux<\/title>\n<meta name=\"robots\" content=\"index, follow, max-snippet:-1, max-image-preview:large, max-video-preview:-1\" \/>\n<link rel=\"canonical\" href=\"https:\/\/slolux.eu\/fr\/vabilo-na-dogodek-vtis-luksemburg-izmenjava-znanj-v-mednarodnem-prostoru-8-12-2017\/\" \/>\n<meta property=\"og:locale\" content=\"fr_FR\" \/>\n<meta property=\"og:type\" content=\"article\" \/>\n<meta property=\"og:title\" content=\"Vabilo na dogodek \u00bbVTIS Luksemburg: izmenjava znanj v mednarodnem prostoru\u00ab (8. 12. 2017) - Slolux\" \/>\n<meta property=\"og:description\" content=\"Spo\u0161tovani, Dru\u0161tvo VTIS (Dru\u0161tvo v tujini izobra\u017eenih Slovencev) v sodelovanju z Dru\u0161tvom Slolux organizira dogodek &#8220;VTIS Luksemburg: izmenjava znanj v mednarodnem prostoru&#8221;, ki bo [&hellip;]\" \/>\n<meta property=\"og:url\" content=\"https:\/\/slolux.eu\/fr\/vabilo-na-dogodek-vtis-luksemburg-izmenjava-znanj-v-mednarodnem-prostoru-8-12-2017\/\" \/>\n<meta property=\"og:site_name\" content=\"Slolux\" \/>\n<meta property=\"article:published_time\" content=\"2017-11-26T21:49:29+00:00\" \/>\n<meta property=\"article:modified_time\" content=\"2024-01-03T17:10:25+00:00\" \/>\n<meta property=\"og:image\" content=\"https:\/\/slolux.eu\/wp-content\/uploads\/2016\/04\/VTIS.png\" \/>\n\t<meta property=\"og:image:width\" content=\"234\" \/>\n\t<meta property=\"og:image:height\" content=\"110\" \/>\n\t<meta property=\"og:image:type\" content=\"image\/png\" \/>\n<meta name=\"author\" content=\"emilk\" \/>\n<meta name=\"twitter:card\" content=\"summary_large_image\" \/>\n<meta name=\"twitter:label1\" content=\"\u00c9crit par\" \/>\n\t<meta name=\"twitter:data1\" content=\"emilk\" \/>\n\t<meta name=\"twitter:label2\" content=\"Dur\u00e9e de lecture estim\u00e9e\" \/>\n\t<meta name=\"twitter:data2\" content=\"1 minute\" \/>\n<script type=\"application\/ld+json\" class=\"yoast-schema-graph\">{\"@context\":\"https:\/\/schema.org\",\"@graph\":[{\"@type\":\"Article\",\"@id\":\"https:\/\/slolux.eu\/vabilo-na-dogodek-vtis-luksemburg-izmenjava-znanj-v-mednarodnem-prostoru-8-12-2017\/#article\",\"isPartOf\":{\"@id\":\"https:\/\/slolux.eu\/vabilo-na-dogodek-vtis-luksemburg-izmenjava-znanj-v-mednarodnem-prostoru-8-12-2017\/\"},\"author\":{\"name\":\"emilk\",\"@id\":\"https:\/\/slolux.eu\/#\/schema\/person\/89c0bc490751fd8c820af6ec2049496a\"},\"headline\":\"Vabilo na dogodek \u00bbVTIS Luksemburg: izmenjava znanj v mednarodnem prostoru\u00ab (8. 12. 2017)\",\"datePublished\":\"2017-11-26T21:49:29+00:00\",\"dateModified\":\"2024-01-03T17:10:25+00:00\",\"mainEntityOfPage\":{\"@id\":\"https:\/\/slolux.eu\/vabilo-na-dogodek-vtis-luksemburg-izmenjava-znanj-v-mednarodnem-prostoru-8-12-2017\/\"},\"wordCount\":204,\"commentCount\":0,\"publisher\":{\"@id\":\"https:\/\/slolux.eu\/#organization\"},\"image\":{\"@id\":\"https:\/\/slolux.eu\/vabilo-na-dogodek-vtis-luksemburg-izmenjava-znanj-v-mednarodnem-prostoru-8-12-2017\/#primaryimage\"},\"thumbnailUrl\":\"https:\/\/slolux.eu\/wp-content\/uploads\/2016\/04\/VTIS.png\",\"articleSection\":[\"Novice\"],\"inLanguage\":\"fr-FR\",\"potentialAction\":[{\"@type\":\"CommentAction\",\"name\":\"Comment\",\"target\":[\"https:\/\/slolux.eu\/vabilo-na-dogodek-vtis-luksemburg-izmenjava-znanj-v-mednarodnem-prostoru-8-12-2017\/#respond\"]}]},{\"@type\":\"WebPage\",\"@id\":\"https:\/\/slolux.eu\/vabilo-na-dogodek-vtis-luksemburg-izmenjava-znanj-v-mednarodnem-prostoru-8-12-2017\/\",\"url\":\"https:\/\/slolux.eu\/vabilo-na-dogodek-vtis-luksemburg-izmenjava-znanj-v-mednarodnem-prostoru-8-12-2017\/\",\"name\":\"Vabilo na dogodek \u00bbVTIS Luksemburg: izmenjava znanj v mednarodnem prostoru\u00ab (8. 12. 2017) - Slolux\",\"isPartOf\":{\"@id\":\"https:\/\/slolux.eu\/#website\"},\"primaryImageOfPage\":{\"@id\":\"https:\/\/slolux.eu\/vabilo-na-dogodek-vtis-luksemburg-izmenjava-znanj-v-mednarodnem-prostoru-8-12-2017\/#primaryimage\"},\"image\":{\"@id\":\"https:\/\/slolux.eu\/vabilo-na-dogodek-vtis-luksemburg-izmenjava-znanj-v-mednarodnem-prostoru-8-12-2017\/#primaryimage\"},\"thumbnailUrl\":\"https:\/\/slolux.eu\/wp-content\/uploads\/2016\/04\/VTIS.png\",\"datePublished\":\"2017-11-26T21:49:29+00:00\",\"dateModified\":\"2024-01-03T17:10:25+00:00\",\"breadcrumb\":{\"@id\":\"https:\/\/slolux.eu\/vabilo-na-dogodek-vtis-luksemburg-izmenjava-znanj-v-mednarodnem-prostoru-8-12-2017\/#breadcrumb\"},\"inLanguage\":\"fr-FR\",\"potentialAction\":[{\"@type\":\"ReadAction\",\"target\":[\"https:\/\/slolux.eu\/vabilo-na-dogodek-vtis-luksemburg-izmenjava-znanj-v-mednarodnem-prostoru-8-12-2017\/\"]}]},{\"@type\":\"ImageObject\",\"inLanguage\":\"fr-FR\",\"@id\":\"https:\/\/slolux.eu\/vabilo-na-dogodek-vtis-luksemburg-izmenjava-znanj-v-mednarodnem-prostoru-8-12-2017\/#primaryimage\",\"url\":\"https:\/\/slolux.eu\/wp-content\/uploads\/2016\/04\/VTIS.png\",\"contentUrl\":\"https:\/\/slolux.eu\/wp-content\/uploads\/2016\/04\/VTIS.png\",\"width\":234,\"height\":110},{\"@type\":\"BreadcrumbList\",\"@id\":\"https:\/\/slolux.eu\/vabilo-na-dogodek-vtis-luksemburg-izmenjava-znanj-v-mednarodnem-prostoru-8-12-2017\/#breadcrumb\",\"itemListElement\":[{\"@type\":\"ListItem\",\"position\":1,\"name\":\"Home\",\"item\":\"https:\/\/slolux.eu\/\"},{\"@type\":\"ListItem\",\"position\":2,\"name\":\"Vabilo na dogodek \u00bbVTIS Luksemburg: izmenjava znanj v mednarodnem prostoru\u00ab (8. 12. 2017)\"}]},{\"@type\":\"WebSite\",\"@id\":\"https:\/\/slolux.eu\/#website\",\"url\":\"https:\/\/slolux.eu\/\",\"name\":\"Slovensko dru\u0161tvo v Luksemburgu\",\"description\":\"Slovensko dru\u0161tvo v Luksemburgu\",\"publisher\":{\"@id\":\"https:\/\/slolux.eu\/#organization\"},\"potentialAction\":[{\"@type\":\"SearchAction\",\"target\":{\"@type\":\"EntryPoint\",\"urlTemplate\":\"https:\/\/slolux.eu\/?s={search_term_string}\"},\"query-input\":{\"@type\":\"PropertyValueSpecification\",\"valueRequired\":true,\"valueName\":\"search_term_string\"}}],\"inLanguage\":\"fr-FR\"},{\"@type\":\"Organization\",\"@id\":\"https:\/\/slolux.eu\/#organization\",\"name\":\"Slovensko dru\u0161tvo v Luksemburgu\",\"url\":\"https:\/\/slolux.eu\/\",\"logo\":{\"@type\":\"ImageObject\",\"inLanguage\":\"fr-FR\",\"@id\":\"https:\/\/slolux.eu\/#\/schema\/logo\/image\/\",\"url\":\"https:\/\/slolux.eu\/wp-content\/uploads\/2023\/12\/barvnofinal.png\",\"contentUrl\":\"https:\/\/slolux.eu\/wp-content\/uploads\/2023\/12\/barvnofinal.png\",\"width\":2550,\"height\":938,\"caption\":\"Slovensko dru\u0161tvo v Luksemburgu\"},\"image\":{\"@id\":\"https:\/\/slolux.eu\/#\/schema\/logo\/image\/\"}},{\"@type\":\"Person\",\"@id\":\"https:\/\/slolux.eu\/#\/schema\/person\/89c0bc490751fd8c820af6ec2049496a\",\"name\":\"emilk\",\"image\":{\"@type\":\"ImageObject\",\"inLanguage\":\"fr-FR\",\"@id\":\"https:\/\/slolux.eu\/#\/schema\/person\/image\/\",\"url\":\"https:\/\/secure.gravatar.com\/avatar\/f0322d080f9bbb04c78300901a3f936bfd50777a1f9af51976123e266fbe5856?s=96&d=monsterid&r=g\",\"contentUrl\":\"https:\/\/secure.gravatar.com\/avatar\/f0322d080f9bbb04c78300901a3f936bfd50777a1f9af51976123e266fbe5856?s=96&d=monsterid&r=g\",\"caption\":\"emilk\"},\"url\":\"https:\/\/slolux.eu\/fr\/author\/emilk\/\"}]}<\/script>\n<!-- \/ Yoast SEO plugin. -->","yoast_head_json":{"title":"Vabilo na dogodek \u00bbVTIS Luksemburg: izmenjava znanj v mednarodnem prostoru\u00ab (8. 12. 2017) - Slolux","robots":{"index":"index","follow":"follow","max-snippet":"max-snippet:-1","max-image-preview":"max-image-preview:large","max-video-preview":"max-video-preview:-1"},"canonical":"https:\/\/slolux.eu\/fr\/vabilo-na-dogodek-vtis-luksemburg-izmenjava-znanj-v-mednarodnem-prostoru-8-12-2017\/","og_locale":"fr_FR","og_type":"article","og_title":"Vabilo na dogodek \u00bbVTIS Luksemburg: izmenjava znanj v mednarodnem prostoru\u00ab (8. 12. 2017) - Slolux","og_description":"Spo\u0161tovani, Dru\u0161tvo VTIS (Dru\u0161tvo v tujini izobra\u017eenih Slovencev) v sodelovanju z Dru\u0161tvom Slolux organizira dogodek &#8220;VTIS Luksemburg: izmenjava znanj v mednarodnem prostoru&#8221;, ki bo [&hellip;]","og_url":"https:\/\/slolux.eu\/fr\/vabilo-na-dogodek-vtis-luksemburg-izmenjava-znanj-v-mednarodnem-prostoru-8-12-2017\/","og_site_name":"Slolux","article_published_time":"2017-11-26T21:49:29+00:00","article_modified_time":"2024-01-03T17:10:25+00:00","og_image":[{"width":234,"height":110,"url":"https:\/\/slolux.eu\/wp-content\/uploads\/2016\/04\/VTIS.png","type":"image\/png"}],"author":"emilk","twitter_card":"summary_large_image","twitter_misc":{"\u00c9crit par":"emilk","Dur\u00e9e de lecture estim\u00e9e":"1 minute"},"schema":{"@context":"https:\/\/schema.org","@graph":[{"@type":"Article","@id":"https:\/\/slolux.eu\/vabilo-na-dogodek-vtis-luksemburg-izmenjava-znanj-v-mednarodnem-prostoru-8-12-2017\/#article","isPartOf":{"@id":"https:\/\/slolux.eu\/vabilo-na-dogodek-vtis-luksemburg-izmenjava-znanj-v-mednarodnem-prostoru-8-12-2017\/"},"author":{"name":"emilk","@id":"https:\/\/slolux.eu\/#\/schema\/person\/89c0bc490751fd8c820af6ec2049496a"},"headline":"Vabilo na dogodek \u00bbVTIS Luksemburg: izmenjava znanj v mednarodnem prostoru\u00ab (8. 12. 2017)","datePublished":"2017-11-26T21:49:29+00:00","dateModified":"2024-01-03T17:10:25+00:00","mainEntityOfPage":{"@id":"https:\/\/slolux.eu\/vabilo-na-dogodek-vtis-luksemburg-izmenjava-znanj-v-mednarodnem-prostoru-8-12-2017\/"},"wordCount":204,"commentCount":0,"publisher":{"@id":"https:\/\/slolux.eu\/#organization"},"image":{"@id":"https:\/\/slolux.eu\/vabilo-na-dogodek-vtis-luksemburg-izmenjava-znanj-v-mednarodnem-prostoru-8-12-2017\/#primaryimage"},"thumbnailUrl":"https:\/\/slolux.eu\/wp-content\/uploads\/2016\/04\/VTIS.png","articleSection":["Novice"],"inLanguage":"fr-FR","potentialAction":[{"@type":"CommentAction","name":"Comment","target":["https:\/\/slolux.eu\/vabilo-na-dogodek-vtis-luksemburg-izmenjava-znanj-v-mednarodnem-prostoru-8-12-2017\/#respond"]}]},{"@type":"WebPage","@id":"https:\/\/slolux.eu\/vabilo-na-dogodek-vtis-luksemburg-izmenjava-znanj-v-mednarodnem-prostoru-8-12-2017\/","url":"https:\/\/slolux.eu\/vabilo-na-dogodek-vtis-luksemburg-izmenjava-znanj-v-mednarodnem-prostoru-8-12-2017\/","name":"Vabilo na dogodek \u00bbVTIS Luksemburg: izmenjava znanj v mednarodnem prostoru\u00ab (8. 12. 2017) - Slolux","isPartOf":{"@id":"https:\/\/slolux.eu\/#website"},"primaryImageOfPage":{"@id":"https:\/\/slolux.eu\/vabilo-na-dogodek-vtis-luksemburg-izmenjava-znanj-v-mednarodnem-prostoru-8-12-2017\/#primaryimage"},"image":{"@id":"https:\/\/slolux.eu\/vabilo-na-dogodek-vtis-luksemburg-izmenjava-znanj-v-mednarodnem-prostoru-8-12-2017\/#primaryimage"},"thumbnailUrl":"https:\/\/slolux.eu\/wp-content\/uploads\/2016\/04\/VTIS.png","datePublished":"2017-11-26T21:49:29+00:00","dateModified":"2024-01-03T17:10:25+00:00","breadcrumb":{"@id":"https:\/\/slolux.eu\/vabilo-na-dogodek-vtis-luksemburg-izmenjava-znanj-v-mednarodnem-prostoru-8-12-2017\/#breadcrumb"},"inLanguage":"fr-FR","potentialAction":[{"@type":"ReadAction","target":["https:\/\/slolux.eu\/vabilo-na-dogodek-vtis-luksemburg-izmenjava-znanj-v-mednarodnem-prostoru-8-12-2017\/"]}]},{"@type":"ImageObject","inLanguage":"fr-FR","@id":"https:\/\/slolux.eu\/vabilo-na-dogodek-vtis-luksemburg-izmenjava-znanj-v-mednarodnem-prostoru-8-12-2017\/#primaryimage","url":"https:\/\/slolux.eu\/wp-content\/uploads\/2016\/04\/VTIS.png","contentUrl":"https:\/\/slolux.eu\/wp-content\/uploads\/2016\/04\/VTIS.png","width":234,"height":110},{"@type":"BreadcrumbList","@id":"https:\/\/slolux.eu\/vabilo-na-dogodek-vtis-luksemburg-izmenjava-znanj-v-mednarodnem-prostoru-8-12-2017\/#breadcrumb","itemListElement":[{"@type":"ListItem","position":1,"name":"Home","item":"https:\/\/slolux.eu\/"},{"@type":"ListItem","position":2,"name":"Vabilo na dogodek \u00bbVTIS Luksemburg: izmenjava znanj v mednarodnem prostoru\u00ab (8. 12. 2017)"}]},{"@type":"WebSite","@id":"https:\/\/slolux.eu\/#website","url":"https:\/\/slolux.eu\/","name":"Slovensko dru\u0161tvo v Luksemburgu","description":"Slovensko dru\u0161tvo v Luksemburgu","publisher":{"@id":"https:\/\/slolux.eu\/#organization"},"potentialAction":[{"@type":"SearchAction","target":{"@type":"EntryPoint","urlTemplate":"https:\/\/slolux.eu\/?s={search_term_string}"},"query-input":{"@type":"PropertyValueSpecification","valueRequired":true,"valueName":"search_term_string"}}],"inLanguage":"fr-FR"},{"@type":"Organization","@id":"https:\/\/slolux.eu\/#organization","name":"Slovensko dru\u0161tvo v Luksemburgu","url":"https:\/\/slolux.eu\/","logo":{"@type":"ImageObject","inLanguage":"fr-FR","@id":"https:\/\/slolux.eu\/#\/schema\/logo\/image\/","url":"https:\/\/slolux.eu\/wp-content\/uploads\/2023\/12\/barvnofinal.png","contentUrl":"https:\/\/slolux.eu\/wp-content\/uploads\/2023\/12\/barvnofinal.png","width":2550,"height":938,"caption":"Slovensko dru\u0161tvo v Luksemburgu"},"image":{"@id":"https:\/\/slolux.eu\/#\/schema\/logo\/image\/"}},{"@type":"Person","@id":"https:\/\/slolux.eu\/#\/schema\/person\/89c0bc490751fd8c820af6ec2049496a","name":"emilk","image":{"@type":"ImageObject","inLanguage":"fr-FR","@id":"https:\/\/slolux.eu\/#\/schema\/person\/image\/","url":"https:\/\/secure.gravatar.com\/avatar\/f0322d080f9bbb04c78300901a3f936bfd50777a1f9af51976123e266fbe5856?s=96&d=monsterid&r=g","contentUrl":"https:\/\/secure.gravatar.com\/avatar\/f0322d080f9bbb04c78300901a3f936bfd50777a1f9af51976123e266fbe5856?s=96&d=monsterid&r=g","caption":"emilk"},"url":"https:\/\/slolux.eu\/fr\/author\/emilk\/"}]}},"_links":{"self":[{"href":"https:\/\/slolux.eu\/fr\/wp-json\/wp\/v2\/posts\/2187","targetHints":{"allow":["GET"]}}],"collection":[{"href":"https:\/\/slolux.eu\/fr\/wp-json\/wp\/v2\/posts"}],"about":[{"href":"https:\/\/slolux.eu\/fr\/wp-json\/wp\/v2\/types\/post"}],"author":[{"embeddable":true,"href":"https:\/\/slolux.eu\/fr\/wp-json\/wp\/v2\/users\/1"}],"replies":[{"embeddable":true,"href":"https:\/\/slolux.eu\/fr\/wp-json\/wp\/v2\/comments?post=2187"}],"version-history":[{"count":1,"href":"https:\/\/slolux.eu\/fr\/wp-json\/wp\/v2\/posts\/2187\/revisions"}],"predecessor-version":[{"id":5593,"href":"https:\/\/slolux.eu\/fr\/wp-json\/wp\/v2\/posts\/2187\/revisions\/5593"}],"wp:featuredmedia":[{"embeddable":true,"href":"https:\/\/slolux.eu\/fr\/wp-json\/wp\/v2\/media\/1069"}],"wp:attachment":[{"href":"https:\/\/slolux.eu\/fr\/wp-json\/wp\/v2\/media?parent=2187"}],"wp:term":[{"taxonomy":"category","embeddable":true,"href":"https:\/\/slolux.eu\/fr\/wp-json\/wp\/v2\/categories?post=2187"},{"taxonomy":"post_tag","embeddable":true,"href":"https:\/\/slolux.eu\/fr\/wp-json\/wp\/v2\/tags?post=2187"}],"curies":[{"name":"wp","href":"https:\/\/api.w.org\/{rel}","templated":true}]}}