{"id":4279,"date":"2018-04-11T16:34:09","date_gmt":"2018-04-11T14:34:09","guid":{"rendered":"https:\/\/slolux.eu\/?p=4279"},"modified":"2025-09-30T20:42:01","modified_gmt":"2025-09-30T18:42:01","slug":"pouk","status":"publish","type":"post","link":"https:\/\/slolux.eu\/fr\/pouk\/","title":{"rendered":"Cours suppl\u00e9mentaires de langue slov\u00e8ne 2024\/25"},"content":{"rendered":"<p>Chers parents!<\/p>\n<div>Je vous \u00e9cris pour vous informer de la mise en place de cours compl\u00e9mentaires de langue slov\u00e8ne au Luxembourg.<\/div>\n<div><\/div>\n<div>Cette ann\u00e9e scolaire, les cours auront lieu le samedi matin \u00e0<b>\u00a0Lyc\u00e9e Ath\u00e9n\u00e9e de Luxembourg.\u00a0<\/b><\/div>\n<div>Je n&#039;ai pas encore d&#039;informations sur la classe ni le lieu exacts. Je les recevrai d&#039;ici la fin de la semaine et les transmettrai aux parents qui ont\/vont d\u00e9pos\u00e9 leur dossier de candidature.<\/div>\n<div><\/div>\n<div><b>Nous commen\u00e7ons ce samedi 4 octobre 2025.\u00a0<\/b>Nous nous r\u00e9unirons tous les samedis, sauf avant et apr\u00e8s les vacances. J&#039;ajouterai la liste exacte ci-dessous. Si j&#039;ai bien v\u00e9rifi\u00e9 les informations en ligne, les vacances de l&#039;\u00c9cole europ\u00e9enne et des \u00e9coles luxembourgeoises se chevauchent cette ann\u00e9e scolaire. Je vous tiendrai inform\u00e9(e) de tout changement. Je vous serais reconnaissant(e) de bien vouloir me tenir inform\u00e9(e) de toute absence d&#039;enfant.<\/div>\n<div><\/div>\n<div>La le\u00e7on se d\u00e9roulera en deux groupes :<\/div>\n<div>\n<ul>\n<li><b>9h00 \u00e0 10h30 \u2013 groupe des plus jeunes (enfants n\u00e9s en 2019 et moins)<\/b><\/li>\n<li><b>10h45 \u00e0 12h15 \u2013 groupe plus \u00e2g\u00e9<\/b><\/li>\n<\/ul>\n<p><span style=\"color: #1f1f1f; font-family: Google Sans, Arial, sans-serif;\">Je ne connais pas encore l&#039;enfant, donc des changements sont possibles en fonction du niveau de slov\u00e8ne de l&#039;enfant (alphab\u00e9tisation) et de la dynamique du groupe.<\/span><\/div>\n<div><span style=\"color: #1f1f1f; font-family: Google Sans, Arial, sans-serif;\">\u00a0<\/span><\/div>\n<div><span style=\"color: #1f1f1f; font-family: Google Sans, Arial, sans-serif;\"><b>Les \u00e9l\u00e8ves ont besoin d&#039;un stylo (stylo, crayons ou feutres, ciseaux, colle), d&#039;un cahier (A4) et d&#039;un classeur pour chaque le\u00e7on.<\/b>Si les enfants ont d\u00e9j\u00e0 suivi des cours l&#039;ann\u00e9e scolaire pr\u00e9c\u00e9dente et ont encore des cahiers, des cahiers d&#039;exercices ou des manuels \u00e0 la maison, ils doivent les apporter lors de la premi\u00e8re rencontre. Cela me permettra d&#039;obtenir des informations compl\u00e9mentaires sur leur niveau et leurs progr\u00e8s en slov\u00e8ne.<\/span><\/div>\n<div><span style=\"color: #1f1f1f; font-family: Google Sans, Arial, sans-serif;\">\u00a0<\/span><\/div>\n<div>Calendrier des r\u00e9unions pour l&#039;ann\u00e9e scolaire 2025\/26 :<\/div>\n<div>\n<ul>\n<li>Octobre : 4, 11, 18 (le cours du 25 est annul\u00e9 en raison de mon absence)<\/li>\n<li>Novembre : 15, 22, (29e classe annul\u00e9e \u2013 March\u00e9 de No\u00ebl avec stand slov\u00e8ne \u00e0 l\u2019\u00c9cole europ\u00e9enne \u2013 Vous \u00eates invit\u00e9s !)<\/li>\n<li>D\u00e9cembre : 6, 13<\/li>\n<li>Janvier : 10, 17, 24, 31<\/li>\n<li>F\u00e9vrier : 7, 28<\/li>\n<li>Mars : 7, 14, 21<\/li>\n<li>Avril : 18, 25<\/li>\n<li>Mai : 16, 23<\/li>\n<li>Juin : 6, 13, 20, 27<\/li>\n<\/ul>\n<div>Des changements sont possibles en raison d&#039;\u00e9v\u00e9nements impr\u00e9vus.<\/div>\n<\/div>\n<div><\/div>\n<div>Je suis disponible pour toutes questions suppl\u00e9mentaires, suggestions et encouragements \u00e0 l&#039;adresse email\u00a0<b>tadeja.komac<\/b><span style=\"color: #1f1f1f; font-family: Google Sans, Arial, sans-serif;\"><b>@<a href=\"http:\/\/gmail.com\/\" target=\"_blank\" rel=\"noopener\" data-saferedirecturl=\"https:\/\/www.google.com\/url?q=http:\/\/gmail.com&amp;source=gmail&amp;ust=1759343575344000&amp;usg=AOvVaw2QaOwN4uWKB749eS85ILjW\">gmail.com<\/a><\/b>.<\/span><\/div>\n<div><span style=\"color: #1f1f1f; font-family: Google Sans, Arial, sans-serif;\">\u00a0<\/span><\/div>\n<div><span style=\"color: #1f1f1f; font-family: Google Sans, Arial, sans-serif;\">Cordialement!<\/span><\/div>\n<div><span style=\"color: #1f1f1f; font-family: Google Sans, Arial, sans-serif;\">\u00a0<\/span><\/div>\n<div><span style=\"color: #1f1f1f; font-family: Google Sans, Arial, sans-serif;\">Tadej Komac<\/span><\/div>","protected":false},"excerpt":{"rendered":"<p>Cours suppl\u00e9mentaires de langue slov\u00e8ne pour enfants au Luxembourg.<\/p>","protected":false},"author":1,"featured_media":2559,"comment_status":"open","ping_status":"closed","sticky":false,"template":"","format":"standard","meta":{"site-sidebar-layout":"default","site-content-layout":"","ast-site-content-layout":"","site-content-style":"default","site-sidebar-style":"default","ast-global-header-display":"","ast-banner-title-visibility":"","ast-main-header-display":"","ast-hfb-above-header-display":"","ast-hfb-below-header-display":"","ast-hfb-mobile-header-display":"","site-post-title":"","ast-breadcrumbs-content":"","ast-featured-img":"","footer-sml-layout":"","theme-transparent-header-meta":"","adv-header-id-meta":"","stick-header-meta":"","header-above-stick-meta":"","header-main-stick-meta":"","header-below-stick-meta":"","astra-migrate-meta-layouts":"default","ast-page-background-enabled":"default","ast-page-background-meta":{"desktop":{"background-color":"var(--ast-global-color-4)","background-image":"","background-repeat":"repeat","background-position":"center center","background-size":"auto","background-attachment":"scroll","background-type":"","background-media":"","overlay-type":"","overlay-color":"","overlay-opacity":"","overlay-gradient":""},"tablet":{"background-color":"","background-image":"","background-repeat":"repeat","background-position":"center center","background-size":"auto","background-attachment":"scroll","background-type":"","background-media":"","overlay-type":"","overlay-color":"","overlay-opacity":"","overlay-gradient":""},"mobile":{"background-color":"","background-image":"","background-repeat":"repeat","background-position":"center center","background-size":"auto","background-attachment":"scroll","background-type":"","background-media":"","overlay-type":"","overlay-color":"","overlay-opacity":"","overlay-gradient":""}},"ast-content-background-meta":{"desktop":{"background-color":"var(--ast-global-color-5)","background-image":"","background-repeat":"repeat","background-position":"center center","background-size":"auto","background-attachment":"scroll","background-type":"","background-media":"","overlay-type":"","overlay-color":"","overlay-opacity":"","overlay-gradient":""},"tablet":{"background-color":"var(--ast-global-color-5)","background-image":"","background-repeat":"repeat","background-position":"center center","background-size":"auto","background-attachment":"scroll","background-type":"","background-media":"","overlay-type":"","overlay-color":"","overlay-opacity":"","overlay-gradient":""},"mobile":{"background-color":"var(--ast-global-color-5)","background-image":"","background-repeat":"repeat","background-position":"center center","background-size":"auto","background-attachment":"scroll","background-type":"","background-media":"","overlay-type":"","overlay-color":"","overlay-opacity":"","overlay-gradient":""}},"footnotes":""},"categories":[290,25,26,30,24,46],"tags":[],"class_list":["post-4279","post","type-post","status-publish","format-standard","has-post-thumbnail","hentry","category-dopolnilni-pouk","category-druzine","category-ne-zamudite","category-news","category-otroci","category-slovenscina"],"yoast_head":"<!-- This site is optimized with the Yoast SEO plugin v24.5 - https:\/\/yoast.com\/wordpress\/plugins\/seo\/ -->\n<title>Dopolnilni pouk slovenskega jezika 2024\/25 - Slolux<\/title>\n<meta name=\"robots\" content=\"index, follow, max-snippet:-1, max-image-preview:large, max-video-preview:-1\" \/>\n<link rel=\"canonical\" href=\"https:\/\/slolux.eu\/fr\/pouk\/\" \/>\n<meta property=\"og:locale\" content=\"fr_FR\" \/>\n<meta property=\"og:type\" content=\"article\" \/>\n<meta property=\"og:title\" content=\"Dopolnilni pouk slovenskega jezika 2024\/25 - Slolux\" \/>\n<meta property=\"og:description\" content=\"Dopolnilni pouk slovenskega jezika za otroke v Luksemburgu.\" \/>\n<meta property=\"og:url\" content=\"https:\/\/slolux.eu\/fr\/pouk\/\" \/>\n<meta property=\"og:site_name\" content=\"Slolux\" \/>\n<meta property=\"article:published_time\" content=\"2018-04-11T14:34:09+00:00\" \/>\n<meta property=\"article:modified_time\" content=\"2025-09-30T18:42:01+00:00\" \/>\n<meta property=\"og:image\" content=\"https:\/\/slolux.eu\/wp-content\/uploads\/2018\/01\/group-of-school-kids-with-teacher-sitting-in-classroom-and-raising-hands.jpg\" \/>\n\t<meta property=\"og:image:width\" content=\"1678\" \/>\n\t<meta property=\"og:image:height\" content=\"1119\" \/>\n\t<meta property=\"og:image:type\" content=\"image\/jpeg\" \/>\n<meta name=\"author\" content=\"emilk\" \/>\n<meta name=\"twitter:card\" content=\"summary_large_image\" \/>\n<meta name=\"twitter:label1\" content=\"\u00c9crit par\" \/>\n\t<meta name=\"twitter:data1\" content=\"emilk\" \/>\n\t<meta name=\"twitter:label2\" content=\"Dur\u00e9e de lecture estim\u00e9e\" \/>\n\t<meta name=\"twitter:data2\" content=\"2 minutes\" \/>\n<script type=\"application\/ld+json\" class=\"yoast-schema-graph\">{\"@context\":\"https:\/\/schema.org\",\"@graph\":[{\"@type\":\"Article\",\"@id\":\"https:\/\/slolux.eu\/pouk\/#article\",\"isPartOf\":{\"@id\":\"https:\/\/slolux.eu\/pouk\/\"},\"author\":{\"name\":\"emilk\",\"@id\":\"https:\/\/slolux.eu\/#\/schema\/person\/89c0bc490751fd8c820af6ec2049496a\"},\"headline\":\"Dopolnilni pouk slovenskega jezika 2024\/25\",\"datePublished\":\"2018-04-11T14:34:09+00:00\",\"dateModified\":\"2025-09-30T18:42:01+00:00\",\"mainEntityOfPage\":{\"@id\":\"https:\/\/slolux.eu\/pouk\/\"},\"wordCount\":296,\"commentCount\":0,\"publisher\":{\"@id\":\"https:\/\/slolux.eu\/#organization\"},\"image\":{\"@id\":\"https:\/\/slolux.eu\/pouk\/#primaryimage\"},\"thumbnailUrl\":\"https:\/\/slolux.eu\/wp-content\/uploads\/2018\/01\/group-of-school-kids-with-teacher-sitting-in-classroom-and-raising-hands.jpg\",\"articleSection\":[\"Dopolnilni pouk\",\"Dru\u017eine\",\"Ne zamudite\",\"Novice\",\"Otroci\",\"Sloven\u0161\u010dina\"],\"inLanguage\":\"fr-FR\",\"potentialAction\":[{\"@type\":\"CommentAction\",\"name\":\"Comment\",\"target\":[\"https:\/\/slolux.eu\/pouk\/#respond\"]}]},{\"@type\":\"WebPage\",\"@id\":\"https:\/\/slolux.eu\/pouk\/\",\"url\":\"https:\/\/slolux.eu\/pouk\/\",\"name\":\"Dopolnilni pouk slovenskega jezika 2024\/25 - Slolux\",\"isPartOf\":{\"@id\":\"https:\/\/slolux.eu\/#website\"},\"primaryImageOfPage\":{\"@id\":\"https:\/\/slolux.eu\/pouk\/#primaryimage\"},\"image\":{\"@id\":\"https:\/\/slolux.eu\/pouk\/#primaryimage\"},\"thumbnailUrl\":\"https:\/\/slolux.eu\/wp-content\/uploads\/2018\/01\/group-of-school-kids-with-teacher-sitting-in-classroom-and-raising-hands.jpg\",\"datePublished\":\"2018-04-11T14:34:09+00:00\",\"dateModified\":\"2025-09-30T18:42:01+00:00\",\"breadcrumb\":{\"@id\":\"https:\/\/slolux.eu\/pouk\/#breadcrumb\"},\"inLanguage\":\"fr-FR\",\"potentialAction\":[{\"@type\":\"ReadAction\",\"target\":[\"https:\/\/slolux.eu\/pouk\/\"]}]},{\"@type\":\"ImageObject\",\"inLanguage\":\"fr-FR\",\"@id\":\"https:\/\/slolux.eu\/pouk\/#primaryimage\",\"url\":\"https:\/\/slolux.eu\/wp-content\/uploads\/2018\/01\/group-of-school-kids-with-teacher-sitting-in-classroom-and-raising-hands.jpg\",\"contentUrl\":\"https:\/\/slolux.eu\/wp-content\/uploads\/2018\/01\/group-of-school-kids-with-teacher-sitting-in-classroom-and-raising-hands.jpg\",\"width\":1678,\"height\":1119},{\"@type\":\"BreadcrumbList\",\"@id\":\"https:\/\/slolux.eu\/pouk\/#breadcrumb\",\"itemListElement\":[{\"@type\":\"ListItem\",\"position\":1,\"name\":\"Home\",\"item\":\"https:\/\/slolux.eu\/\"},{\"@type\":\"ListItem\",\"position\":2,\"name\":\"Dopolnilni pouk slovenskega jezika 2024\/25\"}]},{\"@type\":\"WebSite\",\"@id\":\"https:\/\/slolux.eu\/#website\",\"url\":\"https:\/\/slolux.eu\/\",\"name\":\"Slovensko dru\u0161tvo v Luksemburgu\",\"description\":\"Slovensko dru\u0161tvo v Luksemburgu\",\"publisher\":{\"@id\":\"https:\/\/slolux.eu\/#organization\"},\"potentialAction\":[{\"@type\":\"SearchAction\",\"target\":{\"@type\":\"EntryPoint\",\"urlTemplate\":\"https:\/\/slolux.eu\/?s={search_term_string}\"},\"query-input\":{\"@type\":\"PropertyValueSpecification\",\"valueRequired\":true,\"valueName\":\"search_term_string\"}}],\"inLanguage\":\"fr-FR\"},{\"@type\":\"Organization\",\"@id\":\"https:\/\/slolux.eu\/#organization\",\"name\":\"Slovensko dru\u0161tvo v Luksemburgu\",\"url\":\"https:\/\/slolux.eu\/\",\"logo\":{\"@type\":\"ImageObject\",\"inLanguage\":\"fr-FR\",\"@id\":\"https:\/\/slolux.eu\/#\/schema\/logo\/image\/\",\"url\":\"https:\/\/slolux.eu\/wp-content\/uploads\/2023\/12\/barvnofinal.png\",\"contentUrl\":\"https:\/\/slolux.eu\/wp-content\/uploads\/2023\/12\/barvnofinal.png\",\"width\":2550,\"height\":938,\"caption\":\"Slovensko dru\u0161tvo v Luksemburgu\"},\"image\":{\"@id\":\"https:\/\/slolux.eu\/#\/schema\/logo\/image\/\"}},{\"@type\":\"Person\",\"@id\":\"https:\/\/slolux.eu\/#\/schema\/person\/89c0bc490751fd8c820af6ec2049496a\",\"name\":\"emilk\",\"image\":{\"@type\":\"ImageObject\",\"inLanguage\":\"fr-FR\",\"@id\":\"https:\/\/slolux.eu\/#\/schema\/person\/image\/\",\"url\":\"https:\/\/secure.gravatar.com\/avatar\/f0322d080f9bbb04c78300901a3f936bfd50777a1f9af51976123e266fbe5856?s=96&d=monsterid&r=g\",\"contentUrl\":\"https:\/\/secure.gravatar.com\/avatar\/f0322d080f9bbb04c78300901a3f936bfd50777a1f9af51976123e266fbe5856?s=96&d=monsterid&r=g\",\"caption\":\"emilk\"},\"url\":\"https:\/\/slolux.eu\/fr\/author\/emilk\/\"}]}<\/script>\n<!-- \/ Yoast SEO plugin. -->","yoast_head_json":{"title":"Dopolnilni pouk slovenskega jezika 2024\/25 - Slolux","robots":{"index":"index","follow":"follow","max-snippet":"max-snippet:-1","max-image-preview":"max-image-preview:large","max-video-preview":"max-video-preview:-1"},"canonical":"https:\/\/slolux.eu\/fr\/pouk\/","og_locale":"fr_FR","og_type":"article","og_title":"Dopolnilni pouk slovenskega jezika 2024\/25 - Slolux","og_description":"Dopolnilni pouk slovenskega jezika za otroke v Luksemburgu.","og_url":"https:\/\/slolux.eu\/fr\/pouk\/","og_site_name":"Slolux","article_published_time":"2018-04-11T14:34:09+00:00","article_modified_time":"2025-09-30T18:42:01+00:00","og_image":[{"width":1678,"height":1119,"url":"https:\/\/slolux.eu\/wp-content\/uploads\/2018\/01\/group-of-school-kids-with-teacher-sitting-in-classroom-and-raising-hands.jpg","type":"image\/jpeg"}],"author":"emilk","twitter_card":"summary_large_image","twitter_misc":{"\u00c9crit par":"emilk","Dur\u00e9e de lecture estim\u00e9e":"2 minutes"},"schema":{"@context":"https:\/\/schema.org","@graph":[{"@type":"Article","@id":"https:\/\/slolux.eu\/pouk\/#article","isPartOf":{"@id":"https:\/\/slolux.eu\/pouk\/"},"author":{"name":"emilk","@id":"https:\/\/slolux.eu\/#\/schema\/person\/89c0bc490751fd8c820af6ec2049496a"},"headline":"Dopolnilni pouk slovenskega jezika 2024\/25","datePublished":"2018-04-11T14:34:09+00:00","dateModified":"2025-09-30T18:42:01+00:00","mainEntityOfPage":{"@id":"https:\/\/slolux.eu\/pouk\/"},"wordCount":296,"commentCount":0,"publisher":{"@id":"https:\/\/slolux.eu\/#organization"},"image":{"@id":"https:\/\/slolux.eu\/pouk\/#primaryimage"},"thumbnailUrl":"https:\/\/slolux.eu\/wp-content\/uploads\/2018\/01\/group-of-school-kids-with-teacher-sitting-in-classroom-and-raising-hands.jpg","articleSection":["Dopolnilni pouk","Dru\u017eine","Ne zamudite","Novice","Otroci","Sloven\u0161\u010dina"],"inLanguage":"fr-FR","potentialAction":[{"@type":"CommentAction","name":"Comment","target":["https:\/\/slolux.eu\/pouk\/#respond"]}]},{"@type":"WebPage","@id":"https:\/\/slolux.eu\/pouk\/","url":"https:\/\/slolux.eu\/pouk\/","name":"Dopolnilni pouk slovenskega jezika 2024\/25 - Slolux","isPartOf":{"@id":"https:\/\/slolux.eu\/#website"},"primaryImageOfPage":{"@id":"https:\/\/slolux.eu\/pouk\/#primaryimage"},"image":{"@id":"https:\/\/slolux.eu\/pouk\/#primaryimage"},"thumbnailUrl":"https:\/\/slolux.eu\/wp-content\/uploads\/2018\/01\/group-of-school-kids-with-teacher-sitting-in-classroom-and-raising-hands.jpg","datePublished":"2018-04-11T14:34:09+00:00","dateModified":"2025-09-30T18:42:01+00:00","breadcrumb":{"@id":"https:\/\/slolux.eu\/pouk\/#breadcrumb"},"inLanguage":"fr-FR","potentialAction":[{"@type":"ReadAction","target":["https:\/\/slolux.eu\/pouk\/"]}]},{"@type":"ImageObject","inLanguage":"fr-FR","@id":"https:\/\/slolux.eu\/pouk\/#primaryimage","url":"https:\/\/slolux.eu\/wp-content\/uploads\/2018\/01\/group-of-school-kids-with-teacher-sitting-in-classroom-and-raising-hands.jpg","contentUrl":"https:\/\/slolux.eu\/wp-content\/uploads\/2018\/01\/group-of-school-kids-with-teacher-sitting-in-classroom-and-raising-hands.jpg","width":1678,"height":1119},{"@type":"BreadcrumbList","@id":"https:\/\/slolux.eu\/pouk\/#breadcrumb","itemListElement":[{"@type":"ListItem","position":1,"name":"Home","item":"https:\/\/slolux.eu\/"},{"@type":"ListItem","position":2,"name":"Dopolnilni pouk slovenskega jezika 2024\/25"}]},{"@type":"WebSite","@id":"https:\/\/slolux.eu\/#website","url":"https:\/\/slolux.eu\/","name":"Slovensko dru\u0161tvo v Luksemburgu","description":"Slovensko dru\u0161tvo v Luksemburgu","publisher":{"@id":"https:\/\/slolux.eu\/#organization"},"potentialAction":[{"@type":"SearchAction","target":{"@type":"EntryPoint","urlTemplate":"https:\/\/slolux.eu\/?s={search_term_string}"},"query-input":{"@type":"PropertyValueSpecification","valueRequired":true,"valueName":"search_term_string"}}],"inLanguage":"fr-FR"},{"@type":"Organization","@id":"https:\/\/slolux.eu\/#organization","name":"Slovensko dru\u0161tvo v Luksemburgu","url":"https:\/\/slolux.eu\/","logo":{"@type":"ImageObject","inLanguage":"fr-FR","@id":"https:\/\/slolux.eu\/#\/schema\/logo\/image\/","url":"https:\/\/slolux.eu\/wp-content\/uploads\/2023\/12\/barvnofinal.png","contentUrl":"https:\/\/slolux.eu\/wp-content\/uploads\/2023\/12\/barvnofinal.png","width":2550,"height":938,"caption":"Slovensko dru\u0161tvo v Luksemburgu"},"image":{"@id":"https:\/\/slolux.eu\/#\/schema\/logo\/image\/"}},{"@type":"Person","@id":"https:\/\/slolux.eu\/#\/schema\/person\/89c0bc490751fd8c820af6ec2049496a","name":"emilk","image":{"@type":"ImageObject","inLanguage":"fr-FR","@id":"https:\/\/slolux.eu\/#\/schema\/person\/image\/","url":"https:\/\/secure.gravatar.com\/avatar\/f0322d080f9bbb04c78300901a3f936bfd50777a1f9af51976123e266fbe5856?s=96&d=monsterid&r=g","contentUrl":"https:\/\/secure.gravatar.com\/avatar\/f0322d080f9bbb04c78300901a3f936bfd50777a1f9af51976123e266fbe5856?s=96&d=monsterid&r=g","caption":"emilk"},"url":"https:\/\/slolux.eu\/fr\/author\/emilk\/"}]}},"_links":{"self":[{"href":"https:\/\/slolux.eu\/fr\/wp-json\/wp\/v2\/posts\/4279","targetHints":{"allow":["GET"]}}],"collection":[{"href":"https:\/\/slolux.eu\/fr\/wp-json\/wp\/v2\/posts"}],"about":[{"href":"https:\/\/slolux.eu\/fr\/wp-json\/wp\/v2\/types\/post"}],"author":[{"embeddable":true,"href":"https:\/\/slolux.eu\/fr\/wp-json\/wp\/v2\/users\/1"}],"replies":[{"embeddable":true,"href":"https:\/\/slolux.eu\/fr\/wp-json\/wp\/v2\/comments?post=4279"}],"version-history":[{"count":28,"href":"https:\/\/slolux.eu\/fr\/wp-json\/wp\/v2\/posts\/4279\/revisions"}],"predecessor-version":[{"id":6930,"href":"https:\/\/slolux.eu\/fr\/wp-json\/wp\/v2\/posts\/4279\/revisions\/6930"}],"wp:featuredmedia":[{"embeddable":true,"href":"https:\/\/slolux.eu\/fr\/wp-json\/wp\/v2\/media\/2559"}],"wp:attachment":[{"href":"https:\/\/slolux.eu\/fr\/wp-json\/wp\/v2\/media?parent=4279"}],"wp:term":[{"taxonomy":"category","embeddable":true,"href":"https:\/\/slolux.eu\/fr\/wp-json\/wp\/v2\/categories?post=4279"},{"taxonomy":"post_tag","embeddable":true,"href":"https:\/\/slolux.eu\/fr\/wp-json\/wp\/v2\/tags?post=4279"}],"curies":[{"name":"wp","href":"https:\/\/api.w.org\/{rel}","templated":true}]}}