{"id":4879,"date":"2022-10-28T14:05:56","date_gmt":"2022-10-28T12:05:56","guid":{"rendered":"https:\/\/slolux.eu\/?p=4879"},"modified":"2024-12-03T11:18:50","modified_gmt":"2024-12-03T10:18:50","slug":"slovenska-uspesnica-gajin-svet-2-tudi-v-luksemburgu","status":"publish","type":"post","link":"https:\/\/slolux.eu\/fr\/slovenska-uspesnica-gajin-svet-2-tudi-v-luksemburgu\/","title":{"rendered":"Le hit slov\u00e8ne Gajin svet 2 est \u00e9galement au Luxembourg"},"content":{"rendered":"<p>Le 25 octobre 2022, plus de 60 personnes se sont rassembl\u00e9es au cin\u00e9ma Utopia pour regarder l&#039;histoire dans laquelle Gaja, 14 ans, qui vit dans une famille s\u00e9par\u00e9e, affronte des camarades de classe jaloux, se fait pirater son profil personnel sur un r\u00e9seau social et r\u00e9alise ce que signifie la v\u00e9ritable amiti\u00e9. M\u00eame si ce sont les vacances et que Gaja va au camp en bord de mer avec son p\u00e8re et sa s\u0153ur adolescente Teo, les vacances n&#039;ont pas encore commenc\u00e9. Avec l&#039;aide de son ami Matic et de l&#039;inspecteur de police, Gaja sauve le propri\u00e9taire du bar des extorsions, r\u00e9unit la famille et, avec l&#039;aide de ses amis, de sa m\u00e8re et d&#039;Emma, la professeur de saxophone de Gaja, rend \u00e9galement son p\u00e8re heureux. .<\/p>\n<p>Le film a impressionn\u00e9 tous les visiteurs qui, \u00e0 la fin, ont exprim\u00e9 leur d\u00e9sir de voir davantage d&#039;\u00e9v\u00e9nements de ce type. Et nous ferons de notre mieux pour les amener.<\/p>\n<p><em>L&#039;\u00e9mission \u00e9tait organis\u00e9e par Emil Kos et Maja \u017du\u017eman.<\/em><\/p>\n\n\n\n<figure class=\"wp-block-image size-large\"><a href=\"https:\/\/slolux.eu\/wp-content\/uploads\/2022\/12\/IMG-20221025-WA0029.jpg\"><img loading=\"lazy\" decoding=\"async\" width=\"1024\" height=\"768\" src=\"https:\/\/slolux.eu\/wp-content\/uploads\/2022\/12\/IMG-20221025-WA0029-1024x768.jpg\" alt=\"\" class=\"wp-image-4880\" srcset=\"https:\/\/slolux.eu\/wp-content\/uploads\/2022\/12\/IMG-20221025-WA0029-1024x768.jpg 1024w, https:\/\/slolux.eu\/wp-content\/uploads\/2022\/12\/IMG-20221025-WA0029-300x225.jpg 300w, https:\/\/slolux.eu\/wp-content\/uploads\/2022\/12\/IMG-20221025-WA0029-768x576.jpg 768w, https:\/\/slolux.eu\/wp-content\/uploads\/2022\/12\/IMG-20221025-WA0029-1536x1152.jpg 1536w, https:\/\/slolux.eu\/wp-content\/uploads\/2022\/12\/IMG-20221025-WA0029-285x214.jpg 285w, https:\/\/slolux.eu\/wp-content\/uploads\/2022\/12\/IMG-20221025-WA0029.jpg 2048w\" sizes=\"auto, (max-width: 1024px) 100vw, 1024px\" \/><\/a><\/figure>\n\n\n\n<figure class=\"wp-block-image size-large\"><a href=\"https:\/\/slolux.eu\/wp-content\/uploads\/2022\/12\/IMG-20221025-WA0028.jpg\"><img loading=\"lazy\" decoding=\"async\" width=\"1024\" height=\"768\" src=\"https:\/\/slolux.eu\/wp-content\/uploads\/2022\/12\/IMG-20221025-WA0028-1024x768.jpg\" alt=\"\" class=\"wp-image-4881\" srcset=\"https:\/\/slolux.eu\/wp-content\/uploads\/2022\/12\/IMG-20221025-WA0028-1024x768.jpg 1024w, https:\/\/slolux.eu\/wp-content\/uploads\/2022\/12\/IMG-20221025-WA0028-300x225.jpg 300w, https:\/\/slolux.eu\/wp-content\/uploads\/2022\/12\/IMG-20221025-WA0028-768x576.jpg 768w, https:\/\/slolux.eu\/wp-content\/uploads\/2022\/12\/IMG-20221025-WA0028-1536x1152.jpg 1536w, https:\/\/slolux.eu\/wp-content\/uploads\/2022\/12\/IMG-20221025-WA0028-285x214.jpg 285w, https:\/\/slolux.eu\/wp-content\/uploads\/2022\/12\/IMG-20221025-WA0028.jpg 2048w\" sizes=\"auto, (max-width: 1024px) 100vw, 1024px\" \/><\/a><\/figure>\n\n\n\n<figure class=\"wp-block-image size-full\"><a href=\"https:\/\/slolux.eu\/wp-content\/uploads\/2022\/10\/plakat.jpg\"><img loading=\"lazy\" decoding=\"async\" width=\"851\" height=\"315\" src=\"https:\/\/slolux.eu\/wp-content\/uploads\/2022\/10\/plakat.jpg\" alt=\"\" class=\"wp-image-4848\" srcset=\"https:\/\/slolux.eu\/wp-content\/uploads\/2022\/10\/plakat.jpg 851w, https:\/\/slolux.eu\/wp-content\/uploads\/2022\/10\/plakat-300x111.jpg 300w, https:\/\/slolux.eu\/wp-content\/uploads\/2022\/10\/plakat-768x284.jpg 768w\" sizes=\"auto, (max-width: 851px) 100vw, 851px\" \/><\/a><\/figure>","protected":false},"excerpt":{"rendered":"","protected":false},"author":1,"featured_media":4848,"comment_status":"open","ping_status":"closed","sticky":false,"template":"","format":"standard","meta":{"site-sidebar-layout":"default","site-content-layout":"","ast-site-content-layout":"","site-content-style":"default","site-sidebar-style":"default","ast-global-header-display":"","ast-banner-title-visibility":"","ast-main-header-display":"","ast-hfb-above-header-display":"","ast-hfb-below-header-display":"","ast-hfb-mobile-header-display":"","site-post-title":"","ast-breadcrumbs-content":"","ast-featured-img":"","footer-sml-layout":"","theme-transparent-header-meta":"","adv-header-id-meta":"","stick-header-meta":"","header-above-stick-meta":"","header-main-stick-meta":"","header-below-stick-meta":"","astra-migrate-meta-layouts":"default","ast-page-background-enabled":"default","ast-page-background-meta":{"desktop":{"background-color":"var(--ast-global-color-4)","background-image":"","background-repeat":"repeat","background-position":"center center","background-size":"auto","background-attachment":"scroll","background-type":"","background-media":"","overlay-type":"","overlay-color":"","overlay-opacity":"","overlay-gradient":""},"tablet":{"background-color":"","background-image":"","background-repeat":"repeat","background-position":"center center","background-size":"auto","background-attachment":"scroll","background-type":"","background-media":"","overlay-type":"","overlay-color":"","overlay-opacity":"","overlay-gradient":""},"mobile":{"background-color":"","background-image":"","background-repeat":"repeat","background-position":"center center","background-size":"auto","background-attachment":"scroll","background-type":"","background-media":"","overlay-type":"","overlay-color":"","overlay-opacity":"","overlay-gradient":""}},"ast-content-background-meta":{"desktop":{"background-color":"var(--ast-global-color-5)","background-image":"","background-repeat":"repeat","background-position":"center center","background-size":"auto","background-attachment":"scroll","background-type":"","background-media":"","overlay-type":"","overlay-color":"","overlay-opacity":"","overlay-gradient":""},"tablet":{"background-color":"var(--ast-global-color-5)","background-image":"","background-repeat":"repeat","background-position":"center center","background-size":"auto","background-attachment":"scroll","background-type":"","background-media":"","overlay-type":"","overlay-color":"","overlay-opacity":"","overlay-gradient":""},"mobile":{"background-color":"var(--ast-global-color-5)","background-image":"","background-repeat":"repeat","background-position":"center center","background-size":"auto","background-attachment":"scroll","background-type":"","background-media":"","overlay-type":"","overlay-color":"","overlay-opacity":"","overlay-gradient":""}},"footnotes":""},"categories":[18,25,22,37],"tags":[9,317,320,322],"class_list":["post-4879","post","type-post","status-publish","format-standard","has-post-thumbnail","hentry","category-druzabno-srecanje","category-druzine","category-kino","category-po-dogodku","tag-druzenje","tag-film","tag-otroci","tag-starsi"],"yoast_head":"<!-- This site is optimized with the Yoast SEO plugin v24.5 - https:\/\/yoast.com\/wordpress\/plugins\/seo\/ -->\n<title>Slovenska uspe\u0161nica Gajin svet 2 tudi v Luksemburgu - Slolux<\/title>\n<meta name=\"robots\" content=\"index, follow, max-snippet:-1, max-image-preview:large, max-video-preview:-1\" \/>\n<link rel=\"canonical\" href=\"https:\/\/slolux.eu\/fr\/slovenska-uspesnica-gajin-svet-2-tudi-v-luksemburgu\/\" \/>\n<meta property=\"og:locale\" content=\"fr_FR\" \/>\n<meta property=\"og:type\" content=\"article\" \/>\n<meta property=\"og:title\" content=\"Slovenska uspe\u0161nica Gajin svet 2 tudi v Luksemburgu - Slolux\" \/>\n<meta property=\"og:url\" content=\"https:\/\/slolux.eu\/fr\/slovenska-uspesnica-gajin-svet-2-tudi-v-luksemburgu\/\" \/>\n<meta property=\"og:site_name\" content=\"Slolux\" \/>\n<meta property=\"article:published_time\" content=\"2022-10-28T12:05:56+00:00\" \/>\n<meta property=\"article:modified_time\" content=\"2024-12-03T10:18:50+00:00\" \/>\n<meta property=\"og:image\" content=\"https:\/\/slolux.eu\/wp-content\/uploads\/2022\/10\/plakat.jpg\" \/>\n\t<meta property=\"og:image:width\" content=\"851\" \/>\n\t<meta property=\"og:image:height\" content=\"315\" \/>\n\t<meta property=\"og:image:type\" content=\"image\/jpeg\" \/>\n<meta name=\"author\" content=\"emilk\" \/>\n<meta name=\"twitter:card\" content=\"summary_large_image\" \/>\n<meta name=\"twitter:label1\" content=\"\u00c9crit par\" \/>\n\t<meta name=\"twitter:data1\" content=\"emilk\" \/>\n\t<meta name=\"twitter:label2\" content=\"Dur\u00e9e de lecture estim\u00e9e\" \/>\n\t<meta name=\"twitter:data2\" content=\"2 minutes\" \/>\n<script type=\"application\/ld+json\" class=\"yoast-schema-graph\">{\"@context\":\"https:\/\/schema.org\",\"@graph\":[{\"@type\":\"Article\",\"@id\":\"https:\/\/slolux.eu\/slovenska-uspesnica-gajin-svet-2-tudi-v-luksemburgu\/#article\",\"isPartOf\":{\"@id\":\"https:\/\/slolux.eu\/slovenska-uspesnica-gajin-svet-2-tudi-v-luksemburgu\/\"},\"author\":{\"name\":\"emilk\",\"@id\":\"https:\/\/slolux.eu\/#\/schema\/person\/89c0bc490751fd8c820af6ec2049496a\"},\"headline\":\"Slovenska uspe\u0161nica Gajin svet 2 tudi v Luksemburgu\",\"datePublished\":\"2022-10-28T12:05:56+00:00\",\"dateModified\":\"2024-12-03T10:18:50+00:00\",\"mainEntityOfPage\":{\"@id\":\"https:\/\/slolux.eu\/slovenska-uspesnica-gajin-svet-2-tudi-v-luksemburgu\/\"},\"wordCount\":160,\"commentCount\":0,\"publisher\":{\"@id\":\"https:\/\/slolux.eu\/#organization\"},\"image\":{\"@id\":\"https:\/\/slolux.eu\/slovenska-uspesnica-gajin-svet-2-tudi-v-luksemburgu\/#primaryimage\"},\"thumbnailUrl\":\"https:\/\/slolux.eu\/wp-content\/uploads\/2022\/10\/plakat.jpg\",\"keywords\":[\"dru\u017eenje\",\"film\",\"otroci\",\"star\u0161i\"],\"articleSection\":[\"Dru\u017eabno sre\u010danje\",\"Dru\u017eine\",\"Kino\",\"Utrinki preteklih dogodkov\"],\"inLanguage\":\"fr-FR\",\"potentialAction\":[{\"@type\":\"CommentAction\",\"name\":\"Comment\",\"target\":[\"https:\/\/slolux.eu\/slovenska-uspesnica-gajin-svet-2-tudi-v-luksemburgu\/#respond\"]}]},{\"@type\":\"WebPage\",\"@id\":\"https:\/\/slolux.eu\/slovenska-uspesnica-gajin-svet-2-tudi-v-luksemburgu\/\",\"url\":\"https:\/\/slolux.eu\/slovenska-uspesnica-gajin-svet-2-tudi-v-luksemburgu\/\",\"name\":\"Slovenska uspe\u0161nica Gajin svet 2 tudi v Luksemburgu - Slolux\",\"isPartOf\":{\"@id\":\"https:\/\/slolux.eu\/#website\"},\"primaryImageOfPage\":{\"@id\":\"https:\/\/slolux.eu\/slovenska-uspesnica-gajin-svet-2-tudi-v-luksemburgu\/#primaryimage\"},\"image\":{\"@id\":\"https:\/\/slolux.eu\/slovenska-uspesnica-gajin-svet-2-tudi-v-luksemburgu\/#primaryimage\"},\"thumbnailUrl\":\"https:\/\/slolux.eu\/wp-content\/uploads\/2022\/10\/plakat.jpg\",\"datePublished\":\"2022-10-28T12:05:56+00:00\",\"dateModified\":\"2024-12-03T10:18:50+00:00\",\"breadcrumb\":{\"@id\":\"https:\/\/slolux.eu\/slovenska-uspesnica-gajin-svet-2-tudi-v-luksemburgu\/#breadcrumb\"},\"inLanguage\":\"fr-FR\",\"potentialAction\":[{\"@type\":\"ReadAction\",\"target\":[\"https:\/\/slolux.eu\/slovenska-uspesnica-gajin-svet-2-tudi-v-luksemburgu\/\"]}]},{\"@type\":\"ImageObject\",\"inLanguage\":\"fr-FR\",\"@id\":\"https:\/\/slolux.eu\/slovenska-uspesnica-gajin-svet-2-tudi-v-luksemburgu\/#primaryimage\",\"url\":\"https:\/\/slolux.eu\/wp-content\/uploads\/2022\/10\/plakat.jpg\",\"contentUrl\":\"https:\/\/slolux.eu\/wp-content\/uploads\/2022\/10\/plakat.jpg\",\"width\":851,\"height\":315},{\"@type\":\"BreadcrumbList\",\"@id\":\"https:\/\/slolux.eu\/slovenska-uspesnica-gajin-svet-2-tudi-v-luksemburgu\/#breadcrumb\",\"itemListElement\":[{\"@type\":\"ListItem\",\"position\":1,\"name\":\"Home\",\"item\":\"https:\/\/slolux.eu\/\"},{\"@type\":\"ListItem\",\"position\":2,\"name\":\"Slovenska uspe\u0161nica Gajin svet 2 tudi v Luksemburgu\"}]},{\"@type\":\"WebSite\",\"@id\":\"https:\/\/slolux.eu\/#website\",\"url\":\"https:\/\/slolux.eu\/\",\"name\":\"Slovensko dru\u0161tvo v Luksemburgu\",\"description\":\"Slovensko dru\u0161tvo v Luksemburgu\",\"publisher\":{\"@id\":\"https:\/\/slolux.eu\/#organization\"},\"potentialAction\":[{\"@type\":\"SearchAction\",\"target\":{\"@type\":\"EntryPoint\",\"urlTemplate\":\"https:\/\/slolux.eu\/?s={search_term_string}\"},\"query-input\":{\"@type\":\"PropertyValueSpecification\",\"valueRequired\":true,\"valueName\":\"search_term_string\"}}],\"inLanguage\":\"fr-FR\"},{\"@type\":\"Organization\",\"@id\":\"https:\/\/slolux.eu\/#organization\",\"name\":\"Slovensko dru\u0161tvo v Luksemburgu\",\"url\":\"https:\/\/slolux.eu\/\",\"logo\":{\"@type\":\"ImageObject\",\"inLanguage\":\"fr-FR\",\"@id\":\"https:\/\/slolux.eu\/#\/schema\/logo\/image\/\",\"url\":\"https:\/\/slolux.eu\/wp-content\/uploads\/2023\/12\/barvnofinal.png\",\"contentUrl\":\"https:\/\/slolux.eu\/wp-content\/uploads\/2023\/12\/barvnofinal.png\",\"width\":2550,\"height\":938,\"caption\":\"Slovensko dru\u0161tvo v Luksemburgu\"},\"image\":{\"@id\":\"https:\/\/slolux.eu\/#\/schema\/logo\/image\/\"}},{\"@type\":\"Person\",\"@id\":\"https:\/\/slolux.eu\/#\/schema\/person\/89c0bc490751fd8c820af6ec2049496a\",\"name\":\"emilk\",\"image\":{\"@type\":\"ImageObject\",\"inLanguage\":\"fr-FR\",\"@id\":\"https:\/\/slolux.eu\/#\/schema\/person\/image\/\",\"url\":\"https:\/\/secure.gravatar.com\/avatar\/f0322d080f9bbb04c78300901a3f936bfd50777a1f9af51976123e266fbe5856?s=96&d=monsterid&r=g\",\"contentUrl\":\"https:\/\/secure.gravatar.com\/avatar\/f0322d080f9bbb04c78300901a3f936bfd50777a1f9af51976123e266fbe5856?s=96&d=monsterid&r=g\",\"caption\":\"emilk\"},\"url\":\"https:\/\/slolux.eu\/fr\/author\/emilk\/\"}]}<\/script>\n<!-- \/ Yoast SEO plugin. -->","yoast_head_json":{"title":"Slovenska uspe\u0161nica Gajin svet 2 tudi v Luksemburgu - Slolux","robots":{"index":"index","follow":"follow","max-snippet":"max-snippet:-1","max-image-preview":"max-image-preview:large","max-video-preview":"max-video-preview:-1"},"canonical":"https:\/\/slolux.eu\/fr\/slovenska-uspesnica-gajin-svet-2-tudi-v-luksemburgu\/","og_locale":"fr_FR","og_type":"article","og_title":"Slovenska uspe\u0161nica Gajin svet 2 tudi v Luksemburgu - Slolux","og_url":"https:\/\/slolux.eu\/fr\/slovenska-uspesnica-gajin-svet-2-tudi-v-luksemburgu\/","og_site_name":"Slolux","article_published_time":"2022-10-28T12:05:56+00:00","article_modified_time":"2024-12-03T10:18:50+00:00","og_image":[{"width":851,"height":315,"url":"https:\/\/slolux.eu\/wp-content\/uploads\/2022\/10\/plakat.jpg","type":"image\/jpeg"}],"author":"emilk","twitter_card":"summary_large_image","twitter_misc":{"\u00c9crit par":"emilk","Dur\u00e9e de lecture estim\u00e9e":"2 minutes"},"schema":{"@context":"https:\/\/schema.org","@graph":[{"@type":"Article","@id":"https:\/\/slolux.eu\/slovenska-uspesnica-gajin-svet-2-tudi-v-luksemburgu\/#article","isPartOf":{"@id":"https:\/\/slolux.eu\/slovenska-uspesnica-gajin-svet-2-tudi-v-luksemburgu\/"},"author":{"name":"emilk","@id":"https:\/\/slolux.eu\/#\/schema\/person\/89c0bc490751fd8c820af6ec2049496a"},"headline":"Slovenska uspe\u0161nica Gajin svet 2 tudi v Luksemburgu","datePublished":"2022-10-28T12:05:56+00:00","dateModified":"2024-12-03T10:18:50+00:00","mainEntityOfPage":{"@id":"https:\/\/slolux.eu\/slovenska-uspesnica-gajin-svet-2-tudi-v-luksemburgu\/"},"wordCount":160,"commentCount":0,"publisher":{"@id":"https:\/\/slolux.eu\/#organization"},"image":{"@id":"https:\/\/slolux.eu\/slovenska-uspesnica-gajin-svet-2-tudi-v-luksemburgu\/#primaryimage"},"thumbnailUrl":"https:\/\/slolux.eu\/wp-content\/uploads\/2022\/10\/plakat.jpg","keywords":["dru\u017eenje","film","otroci","star\u0161i"],"articleSection":["Dru\u017eabno sre\u010danje","Dru\u017eine","Kino","Utrinki preteklih dogodkov"],"inLanguage":"fr-FR","potentialAction":[{"@type":"CommentAction","name":"Comment","target":["https:\/\/slolux.eu\/slovenska-uspesnica-gajin-svet-2-tudi-v-luksemburgu\/#respond"]}]},{"@type":"WebPage","@id":"https:\/\/slolux.eu\/slovenska-uspesnica-gajin-svet-2-tudi-v-luksemburgu\/","url":"https:\/\/slolux.eu\/slovenska-uspesnica-gajin-svet-2-tudi-v-luksemburgu\/","name":"Slovenska uspe\u0161nica Gajin svet 2 tudi v Luksemburgu - Slolux","isPartOf":{"@id":"https:\/\/slolux.eu\/#website"},"primaryImageOfPage":{"@id":"https:\/\/slolux.eu\/slovenska-uspesnica-gajin-svet-2-tudi-v-luksemburgu\/#primaryimage"},"image":{"@id":"https:\/\/slolux.eu\/slovenska-uspesnica-gajin-svet-2-tudi-v-luksemburgu\/#primaryimage"},"thumbnailUrl":"https:\/\/slolux.eu\/wp-content\/uploads\/2022\/10\/plakat.jpg","datePublished":"2022-10-28T12:05:56+00:00","dateModified":"2024-12-03T10:18:50+00:00","breadcrumb":{"@id":"https:\/\/slolux.eu\/slovenska-uspesnica-gajin-svet-2-tudi-v-luksemburgu\/#breadcrumb"},"inLanguage":"fr-FR","potentialAction":[{"@type":"ReadAction","target":["https:\/\/slolux.eu\/slovenska-uspesnica-gajin-svet-2-tudi-v-luksemburgu\/"]}]},{"@type":"ImageObject","inLanguage":"fr-FR","@id":"https:\/\/slolux.eu\/slovenska-uspesnica-gajin-svet-2-tudi-v-luksemburgu\/#primaryimage","url":"https:\/\/slolux.eu\/wp-content\/uploads\/2022\/10\/plakat.jpg","contentUrl":"https:\/\/slolux.eu\/wp-content\/uploads\/2022\/10\/plakat.jpg","width":851,"height":315},{"@type":"BreadcrumbList","@id":"https:\/\/slolux.eu\/slovenska-uspesnica-gajin-svet-2-tudi-v-luksemburgu\/#breadcrumb","itemListElement":[{"@type":"ListItem","position":1,"name":"Home","item":"https:\/\/slolux.eu\/"},{"@type":"ListItem","position":2,"name":"Slovenska uspe\u0161nica Gajin svet 2 tudi v Luksemburgu"}]},{"@type":"WebSite","@id":"https:\/\/slolux.eu\/#website","url":"https:\/\/slolux.eu\/","name":"Slovensko dru\u0161tvo v Luksemburgu","description":"Slovensko dru\u0161tvo v Luksemburgu","publisher":{"@id":"https:\/\/slolux.eu\/#organization"},"potentialAction":[{"@type":"SearchAction","target":{"@type":"EntryPoint","urlTemplate":"https:\/\/slolux.eu\/?s={search_term_string}"},"query-input":{"@type":"PropertyValueSpecification","valueRequired":true,"valueName":"search_term_string"}}],"inLanguage":"fr-FR"},{"@type":"Organization","@id":"https:\/\/slolux.eu\/#organization","name":"Slovensko dru\u0161tvo v Luksemburgu","url":"https:\/\/slolux.eu\/","logo":{"@type":"ImageObject","inLanguage":"fr-FR","@id":"https:\/\/slolux.eu\/#\/schema\/logo\/image\/","url":"https:\/\/slolux.eu\/wp-content\/uploads\/2023\/12\/barvnofinal.png","contentUrl":"https:\/\/slolux.eu\/wp-content\/uploads\/2023\/12\/barvnofinal.png","width":2550,"height":938,"caption":"Slovensko dru\u0161tvo v Luksemburgu"},"image":{"@id":"https:\/\/slolux.eu\/#\/schema\/logo\/image\/"}},{"@type":"Person","@id":"https:\/\/slolux.eu\/#\/schema\/person\/89c0bc490751fd8c820af6ec2049496a","name":"emilk","image":{"@type":"ImageObject","inLanguage":"fr-FR","@id":"https:\/\/slolux.eu\/#\/schema\/person\/image\/","url":"https:\/\/secure.gravatar.com\/avatar\/f0322d080f9bbb04c78300901a3f936bfd50777a1f9af51976123e266fbe5856?s=96&d=monsterid&r=g","contentUrl":"https:\/\/secure.gravatar.com\/avatar\/f0322d080f9bbb04c78300901a3f936bfd50777a1f9af51976123e266fbe5856?s=96&d=monsterid&r=g","caption":"emilk"},"url":"https:\/\/slolux.eu\/fr\/author\/emilk\/"}]}},"_links":{"self":[{"href":"https:\/\/slolux.eu\/fr\/wp-json\/wp\/v2\/posts\/4879","targetHints":{"allow":["GET"]}}],"collection":[{"href":"https:\/\/slolux.eu\/fr\/wp-json\/wp\/v2\/posts"}],"about":[{"href":"https:\/\/slolux.eu\/fr\/wp-json\/wp\/v2\/types\/post"}],"author":[{"embeddable":true,"href":"https:\/\/slolux.eu\/fr\/wp-json\/wp\/v2\/users\/1"}],"replies":[{"embeddable":true,"href":"https:\/\/slolux.eu\/fr\/wp-json\/wp\/v2\/comments?post=4879"}],"version-history":[{"count":4,"href":"https:\/\/slolux.eu\/fr\/wp-json\/wp\/v2\/posts\/4879\/revisions"}],"predecessor-version":[{"id":4889,"href":"https:\/\/slolux.eu\/fr\/wp-json\/wp\/v2\/posts\/4879\/revisions\/4889"}],"wp:featuredmedia":[{"embeddable":true,"href":"https:\/\/slolux.eu\/fr\/wp-json\/wp\/v2\/media\/4848"}],"wp:attachment":[{"href":"https:\/\/slolux.eu\/fr\/wp-json\/wp\/v2\/media?parent=4879"}],"wp:term":[{"taxonomy":"category","embeddable":true,"href":"https:\/\/slolux.eu\/fr\/wp-json\/wp\/v2\/categories?post=4879"},{"taxonomy":"post_tag","embeddable":true,"href":"https:\/\/slolux.eu\/fr\/wp-json\/wp\/v2\/tags?post=4879"}],"curies":[{"name":"wp","href":"https:\/\/api.w.org\/{rel}","templated":true}]}}