{"id":4995,"date":"2023-05-18T17:56:00","date_gmt":"2023-05-18T15:56:00","guid":{"rendered":"https:\/\/slolux.eu\/?p=4995"},"modified":"2024-12-03T11:15:02","modified_gmt":"2024-12-03T10:15:02","slug":"vecer-z-urosem-kuzmanom","status":"publish","type":"post","link":"https:\/\/slolux.eu\/fr\/vecer-z-urosem-kuzmanom\/","title":{"rendered":"Kuzman a fait rire le Luxembourg"},"content":{"rendered":"<div dir=\"auto\">Merci, <a class=\"x1i10hfl xjbqb8w x6umtig x1b1mbwd xaqea5y xav7gou x9f619 x1ypdohk xt0psk2 xe8uvvx xdj266r x11i5rnm xat24cr x1mh8g0r xexx8yu x4uap5 x18d9i69 xkhd6sd x16tdsg8 x1hl2dhg xggy1nq x1a2a7pz xt0b8zv xi81zsa x1s688f\" tabindex=\"0\" role=\"link\" href=\"https:\/\/www.facebook.com\/groups\/358497920888934\/user\/100000955865427\/?__cft__[0]=AZW6_lhQSHVXiAnKwDUa3aszAqQZB9Cb7k0GXSGjoyWlzzcCV-CcRUCVqGIbdTaJre4Br-EoVoF0HsohBU0WHthSaGHkT9hyk3QjIwESmoRKq5AAYXPkIJAE2TAJx0w_RQPbE-Xl2rhfBzPTC6t5k6gK4nSr8OCD4j8JaSucDETWQLhwHUlUng_ZLTRQOzM5Kww&amp;__tn__=-]K-R\"><i class=\"x1b0d499 x1d69dk1\" data-visualcompletion=\"css-img\"><\/i><span class=\"xt0psk2\">Uros Kuzman<\/span><\/a>, pour beaucoup de rires dimanche et merci \u00e0 tous les plus de 90 Slov\u00e8nes qui ont assist\u00e9 \u00e0 cette agr\u00e9able soir\u00e9e.<\/div>\n<div dir=\"auto\">Nous sommes \u00e9galement reconnaissants que tous nos efforts soient constamment soutenus par le Bureau du gouvernement de la R\u00e9publique de Slov\u00e9nie pour les Slov\u00e8nes de l\u2019\u00e9tranger et du monde entier.<\/div>\n<div dir=\"auto\"><em>L&#039;\u00e9v\u00e9nement \u00e9tait organis\u00e9 par Emil Kos.<\/em><\/div>\n\n\n\n<figure class=\"wp-block-image size-large\"><a href=\"https:\/\/slolux.eu\/wp-content\/uploads\/2023\/11\/347802112_1872347629807221_7614341449542388787_n.jpg\"><img loading=\"lazy\" decoding=\"async\" width=\"1024\" height=\"576\" src=\"https:\/\/slolux.eu\/wp-content\/uploads\/2023\/11\/347802112_1872347629807221_7614341449542388787_n-1024x576.jpg\" alt=\"\" class=\"wp-image-4997\" srcset=\"https:\/\/slolux.eu\/wp-content\/uploads\/2023\/11\/347802112_1872347629807221_7614341449542388787_n-1024x576.jpg 1024w, https:\/\/slolux.eu\/wp-content\/uploads\/2023\/11\/347802112_1872347629807221_7614341449542388787_n-300x169.jpg 300w, https:\/\/slolux.eu\/wp-content\/uploads\/2023\/11\/347802112_1872347629807221_7614341449542388787_n-768x432.jpg 768w, https:\/\/slolux.eu\/wp-content\/uploads\/2023\/11\/347802112_1872347629807221_7614341449542388787_n-1536x864.jpg 1536w, https:\/\/slolux.eu\/wp-content\/uploads\/2023\/11\/347802112_1872347629807221_7614341449542388787_n.jpg 2048w\" sizes=\"auto, (max-width: 1024px) 100vw, 1024px\" \/><\/a><\/figure>","protected":false},"excerpt":{"rendered":"","protected":false},"author":1,"featured_media":4996,"comment_status":"open","ping_status":"closed","sticky":false,"template":"","format":"standard","meta":{"site-sidebar-layout":"default","site-content-layout":"","ast-site-content-layout":"","site-content-style":"default","site-sidebar-style":"default","ast-global-header-display":"","ast-banner-title-visibility":"","ast-main-header-display":"","ast-hfb-above-header-display":"","ast-hfb-below-header-display":"","ast-hfb-mobile-header-display":"","site-post-title":"","ast-breadcrumbs-content":"","ast-featured-img":"","footer-sml-layout":"","theme-transparent-header-meta":"","adv-header-id-meta":"","stick-header-meta":"","header-above-stick-meta":"","header-main-stick-meta":"","header-below-stick-meta":"","astra-migrate-meta-layouts":"default","ast-page-background-enabled":"default","ast-page-background-meta":{"desktop":{"background-color":"var(--ast-global-color-4)","background-image":"","background-repeat":"repeat","background-position":"center center","background-size":"auto","background-attachment":"scroll","background-type":"","background-media":"","overlay-type":"","overlay-color":"","overlay-opacity":"","overlay-gradient":""},"tablet":{"background-color":"","background-image":"","background-repeat":"repeat","background-position":"center center","background-size":"auto","background-attachment":"scroll","background-type":"","background-media":"","overlay-type":"","overlay-color":"","overlay-opacity":"","overlay-gradient":""},"mobile":{"background-color":"","background-image":"","background-repeat":"repeat","background-position":"center center","background-size":"auto","background-attachment":"scroll","background-type":"","background-media":"","overlay-type":"","overlay-color":"","overlay-opacity":"","overlay-gradient":""}},"ast-content-background-meta":{"desktop":{"background-color":"var(--ast-global-color-5)","background-image":"","background-repeat":"repeat","background-position":"center center","background-size":"auto","background-attachment":"scroll","background-type":"","background-media":"","overlay-type":"","overlay-color":"","overlay-opacity":"","overlay-gradient":""},"tablet":{"background-color":"var(--ast-global-color-5)","background-image":"","background-repeat":"repeat","background-position":"center center","background-size":"auto","background-attachment":"scroll","background-type":"","background-media":"","overlay-type":"","overlay-color":"","overlay-opacity":"","overlay-gradient":""},"mobile":{"background-color":"var(--ast-global-color-5)","background-image":"","background-repeat":"repeat","background-position":"center center","background-size":"auto","background-attachment":"scroll","background-type":"","background-media":"","overlay-type":"","overlay-color":"","overlay-opacity":"","overlay-gradient":""}},"footnotes":""},"categories":[18,48,26,30,46,15,37],"tags":[9,314],"class_list":["post-4995","post","type-post","status-publish","format-standard","has-post-thumbnail","hentry","category-druzabno-srecanje","category-gostovanja-iz-slovenije","category-ne-zamudite","category-news","category-slovenscina","category-teater","category-po-dogodku","tag-druzenje","tag-stand-up"],"yoast_head":"<!-- This site is optimized with the Yoast SEO plugin v24.5 - https:\/\/yoast.com\/wordpress\/plugins\/seo\/ -->\n<title>Kuzman nasmejal Luksemburg - Slolux<\/title>\n<meta name=\"robots\" content=\"index, follow, max-snippet:-1, max-image-preview:large, max-video-preview:-1\" \/>\n<link rel=\"canonical\" href=\"https:\/\/slolux.eu\/fr\/vecer-z-urosem-kuzmanom\/\" \/>\n<meta property=\"og:locale\" content=\"fr_FR\" \/>\n<meta property=\"og:type\" content=\"article\" \/>\n<meta property=\"og:title\" content=\"Kuzman nasmejal Luksemburg - Slolux\" \/>\n<meta property=\"og:url\" content=\"https:\/\/slolux.eu\/fr\/vecer-z-urosem-kuzmanom\/\" \/>\n<meta property=\"og:site_name\" content=\"Slolux\" \/>\n<meta property=\"article:published_time\" content=\"2023-05-18T15:56:00+00:00\" \/>\n<meta property=\"article:modified_time\" content=\"2024-12-03T10:15:02+00:00\" \/>\n<meta property=\"og:image\" content=\"https:\/\/slolux.eu\/wp-content\/uploads\/2023\/11\/347832785_6280755778630293_963130232700555908_n.jpg\" \/>\n\t<meta property=\"og:image:width\" content=\"1536\" \/>\n\t<meta property=\"og:image:height\" content=\"2048\" \/>\n\t<meta property=\"og:image:type\" content=\"image\/jpeg\" \/>\n<meta name=\"author\" content=\"emilk\" \/>\n<meta name=\"twitter:card\" content=\"summary_large_image\" \/>\n<meta name=\"twitter:label1\" content=\"\u00c9crit par\" \/>\n\t<meta name=\"twitter:data1\" content=\"emilk\" \/>\n\t<meta name=\"twitter:label2\" content=\"Dur\u00e9e de lecture estim\u00e9e\" \/>\n\t<meta name=\"twitter:data2\" content=\"1 minute\" \/>\n<script type=\"application\/ld+json\" class=\"yoast-schema-graph\">{\"@context\":\"https:\/\/schema.org\",\"@graph\":[{\"@type\":\"Article\",\"@id\":\"https:\/\/slolux.eu\/vecer-z-urosem-kuzmanom\/#article\",\"isPartOf\":{\"@id\":\"https:\/\/slolux.eu\/vecer-z-urosem-kuzmanom\/\"},\"author\":{\"name\":\"emilk\",\"@id\":\"https:\/\/slolux.eu\/#\/schema\/person\/89c0bc490751fd8c820af6ec2049496a\"},\"headline\":\"Kuzman nasmejal Luksemburg\",\"datePublished\":\"2023-05-18T15:56:00+00:00\",\"dateModified\":\"2024-12-03T10:15:02+00:00\",\"mainEntityOfPage\":{\"@id\":\"https:\/\/slolux.eu\/vecer-z-urosem-kuzmanom\/\"},\"wordCount\":53,\"commentCount\":0,\"publisher\":{\"@id\":\"https:\/\/slolux.eu\/#organization\"},\"image\":{\"@id\":\"https:\/\/slolux.eu\/vecer-z-urosem-kuzmanom\/#primaryimage\"},\"thumbnailUrl\":\"https:\/\/slolux.eu\/wp-content\/uploads\/2023\/11\/347832785_6280755778630293_963130232700555908_n.jpg\",\"keywords\":[\"dru\u017eenje\",\"Stand-up\"],\"articleSection\":[\"Dru\u017eabno sre\u010danje\",\"Gostovanja iz Slovenije\",\"Ne zamudite\",\"Novice\",\"Sloven\u0161\u010dina\",\"Teater\",\"Utrinki preteklih dogodkov\"],\"inLanguage\":\"fr-FR\",\"potentialAction\":[{\"@type\":\"CommentAction\",\"name\":\"Comment\",\"target\":[\"https:\/\/slolux.eu\/vecer-z-urosem-kuzmanom\/#respond\"]}]},{\"@type\":\"WebPage\",\"@id\":\"https:\/\/slolux.eu\/vecer-z-urosem-kuzmanom\/\",\"url\":\"https:\/\/slolux.eu\/vecer-z-urosem-kuzmanom\/\",\"name\":\"Kuzman nasmejal Luksemburg - Slolux\",\"isPartOf\":{\"@id\":\"https:\/\/slolux.eu\/#website\"},\"primaryImageOfPage\":{\"@id\":\"https:\/\/slolux.eu\/vecer-z-urosem-kuzmanom\/#primaryimage\"},\"image\":{\"@id\":\"https:\/\/slolux.eu\/vecer-z-urosem-kuzmanom\/#primaryimage\"},\"thumbnailUrl\":\"https:\/\/slolux.eu\/wp-content\/uploads\/2023\/11\/347832785_6280755778630293_963130232700555908_n.jpg\",\"datePublished\":\"2023-05-18T15:56:00+00:00\",\"dateModified\":\"2024-12-03T10:15:02+00:00\",\"breadcrumb\":{\"@id\":\"https:\/\/slolux.eu\/vecer-z-urosem-kuzmanom\/#breadcrumb\"},\"inLanguage\":\"fr-FR\",\"potentialAction\":[{\"@type\":\"ReadAction\",\"target\":[\"https:\/\/slolux.eu\/vecer-z-urosem-kuzmanom\/\"]}]},{\"@type\":\"ImageObject\",\"inLanguage\":\"fr-FR\",\"@id\":\"https:\/\/slolux.eu\/vecer-z-urosem-kuzmanom\/#primaryimage\",\"url\":\"https:\/\/slolux.eu\/wp-content\/uploads\/2023\/11\/347832785_6280755778630293_963130232700555908_n.jpg\",\"contentUrl\":\"https:\/\/slolux.eu\/wp-content\/uploads\/2023\/11\/347832785_6280755778630293_963130232700555908_n.jpg\",\"width\":1536,\"height\":2048},{\"@type\":\"BreadcrumbList\",\"@id\":\"https:\/\/slolux.eu\/vecer-z-urosem-kuzmanom\/#breadcrumb\",\"itemListElement\":[{\"@type\":\"ListItem\",\"position\":1,\"name\":\"Home\",\"item\":\"https:\/\/slolux.eu\/\"},{\"@type\":\"ListItem\",\"position\":2,\"name\":\"Kuzman nasmejal Luksemburg\"}]},{\"@type\":\"WebSite\",\"@id\":\"https:\/\/slolux.eu\/#website\",\"url\":\"https:\/\/slolux.eu\/\",\"name\":\"Slovensko dru\u0161tvo v Luksemburgu\",\"description\":\"Slovensko dru\u0161tvo v Luksemburgu\",\"publisher\":{\"@id\":\"https:\/\/slolux.eu\/#organization\"},\"potentialAction\":[{\"@type\":\"SearchAction\",\"target\":{\"@type\":\"EntryPoint\",\"urlTemplate\":\"https:\/\/slolux.eu\/?s={search_term_string}\"},\"query-input\":{\"@type\":\"PropertyValueSpecification\",\"valueRequired\":true,\"valueName\":\"search_term_string\"}}],\"inLanguage\":\"fr-FR\"},{\"@type\":\"Organization\",\"@id\":\"https:\/\/slolux.eu\/#organization\",\"name\":\"Slovensko dru\u0161tvo v Luksemburgu\",\"url\":\"https:\/\/slolux.eu\/\",\"logo\":{\"@type\":\"ImageObject\",\"inLanguage\":\"fr-FR\",\"@id\":\"https:\/\/slolux.eu\/#\/schema\/logo\/image\/\",\"url\":\"https:\/\/slolux.eu\/wp-content\/uploads\/2023\/12\/barvnofinal.png\",\"contentUrl\":\"https:\/\/slolux.eu\/wp-content\/uploads\/2023\/12\/barvnofinal.png\",\"width\":2550,\"height\":938,\"caption\":\"Slovensko dru\u0161tvo v Luksemburgu\"},\"image\":{\"@id\":\"https:\/\/slolux.eu\/#\/schema\/logo\/image\/\"}},{\"@type\":\"Person\",\"@id\":\"https:\/\/slolux.eu\/#\/schema\/person\/89c0bc490751fd8c820af6ec2049496a\",\"name\":\"emilk\",\"image\":{\"@type\":\"ImageObject\",\"inLanguage\":\"fr-FR\",\"@id\":\"https:\/\/slolux.eu\/#\/schema\/person\/image\/\",\"url\":\"https:\/\/secure.gravatar.com\/avatar\/f0322d080f9bbb04c78300901a3f936bfd50777a1f9af51976123e266fbe5856?s=96&d=monsterid&r=g\",\"contentUrl\":\"https:\/\/secure.gravatar.com\/avatar\/f0322d080f9bbb04c78300901a3f936bfd50777a1f9af51976123e266fbe5856?s=96&d=monsterid&r=g\",\"caption\":\"emilk\"},\"url\":\"https:\/\/slolux.eu\/fr\/author\/emilk\/\"}]}<\/script>\n<!-- \/ Yoast SEO plugin. -->","yoast_head_json":{"title":"Kuzman nasmejal Luksemburg - Slolux","robots":{"index":"index","follow":"follow","max-snippet":"max-snippet:-1","max-image-preview":"max-image-preview:large","max-video-preview":"max-video-preview:-1"},"canonical":"https:\/\/slolux.eu\/fr\/vecer-z-urosem-kuzmanom\/","og_locale":"fr_FR","og_type":"article","og_title":"Kuzman nasmejal Luksemburg - Slolux","og_url":"https:\/\/slolux.eu\/fr\/vecer-z-urosem-kuzmanom\/","og_site_name":"Slolux","article_published_time":"2023-05-18T15:56:00+00:00","article_modified_time":"2024-12-03T10:15:02+00:00","og_image":[{"width":1536,"height":2048,"url":"https:\/\/slolux.eu\/wp-content\/uploads\/2023\/11\/347832785_6280755778630293_963130232700555908_n.jpg","type":"image\/jpeg"}],"author":"emilk","twitter_card":"summary_large_image","twitter_misc":{"\u00c9crit par":"emilk","Dur\u00e9e de lecture estim\u00e9e":"1 minute"},"schema":{"@context":"https:\/\/schema.org","@graph":[{"@type":"Article","@id":"https:\/\/slolux.eu\/vecer-z-urosem-kuzmanom\/#article","isPartOf":{"@id":"https:\/\/slolux.eu\/vecer-z-urosem-kuzmanom\/"},"author":{"name":"emilk","@id":"https:\/\/slolux.eu\/#\/schema\/person\/89c0bc490751fd8c820af6ec2049496a"},"headline":"Kuzman nasmejal Luksemburg","datePublished":"2023-05-18T15:56:00+00:00","dateModified":"2024-12-03T10:15:02+00:00","mainEntityOfPage":{"@id":"https:\/\/slolux.eu\/vecer-z-urosem-kuzmanom\/"},"wordCount":53,"commentCount":0,"publisher":{"@id":"https:\/\/slolux.eu\/#organization"},"image":{"@id":"https:\/\/slolux.eu\/vecer-z-urosem-kuzmanom\/#primaryimage"},"thumbnailUrl":"https:\/\/slolux.eu\/wp-content\/uploads\/2023\/11\/347832785_6280755778630293_963130232700555908_n.jpg","keywords":["dru\u017eenje","Stand-up"],"articleSection":["Dru\u017eabno sre\u010danje","Gostovanja iz Slovenije","Ne zamudite","Novice","Sloven\u0161\u010dina","Teater","Utrinki preteklih dogodkov"],"inLanguage":"fr-FR","potentialAction":[{"@type":"CommentAction","name":"Comment","target":["https:\/\/slolux.eu\/vecer-z-urosem-kuzmanom\/#respond"]}]},{"@type":"WebPage","@id":"https:\/\/slolux.eu\/vecer-z-urosem-kuzmanom\/","url":"https:\/\/slolux.eu\/vecer-z-urosem-kuzmanom\/","name":"Kuzman nasmejal Luksemburg - Slolux","isPartOf":{"@id":"https:\/\/slolux.eu\/#website"},"primaryImageOfPage":{"@id":"https:\/\/slolux.eu\/vecer-z-urosem-kuzmanom\/#primaryimage"},"image":{"@id":"https:\/\/slolux.eu\/vecer-z-urosem-kuzmanom\/#primaryimage"},"thumbnailUrl":"https:\/\/slolux.eu\/wp-content\/uploads\/2023\/11\/347832785_6280755778630293_963130232700555908_n.jpg","datePublished":"2023-05-18T15:56:00+00:00","dateModified":"2024-12-03T10:15:02+00:00","breadcrumb":{"@id":"https:\/\/slolux.eu\/vecer-z-urosem-kuzmanom\/#breadcrumb"},"inLanguage":"fr-FR","potentialAction":[{"@type":"ReadAction","target":["https:\/\/slolux.eu\/vecer-z-urosem-kuzmanom\/"]}]},{"@type":"ImageObject","inLanguage":"fr-FR","@id":"https:\/\/slolux.eu\/vecer-z-urosem-kuzmanom\/#primaryimage","url":"https:\/\/slolux.eu\/wp-content\/uploads\/2023\/11\/347832785_6280755778630293_963130232700555908_n.jpg","contentUrl":"https:\/\/slolux.eu\/wp-content\/uploads\/2023\/11\/347832785_6280755778630293_963130232700555908_n.jpg","width":1536,"height":2048},{"@type":"BreadcrumbList","@id":"https:\/\/slolux.eu\/vecer-z-urosem-kuzmanom\/#breadcrumb","itemListElement":[{"@type":"ListItem","position":1,"name":"Home","item":"https:\/\/slolux.eu\/"},{"@type":"ListItem","position":2,"name":"Kuzman nasmejal Luksemburg"}]},{"@type":"WebSite","@id":"https:\/\/slolux.eu\/#website","url":"https:\/\/slolux.eu\/","name":"Slovensko dru\u0161tvo v Luksemburgu","description":"Slovensko dru\u0161tvo v Luksemburgu","publisher":{"@id":"https:\/\/slolux.eu\/#organization"},"potentialAction":[{"@type":"SearchAction","target":{"@type":"EntryPoint","urlTemplate":"https:\/\/slolux.eu\/?s={search_term_string}"},"query-input":{"@type":"PropertyValueSpecification","valueRequired":true,"valueName":"search_term_string"}}],"inLanguage":"fr-FR"},{"@type":"Organization","@id":"https:\/\/slolux.eu\/#organization","name":"Slovensko dru\u0161tvo v Luksemburgu","url":"https:\/\/slolux.eu\/","logo":{"@type":"ImageObject","inLanguage":"fr-FR","@id":"https:\/\/slolux.eu\/#\/schema\/logo\/image\/","url":"https:\/\/slolux.eu\/wp-content\/uploads\/2023\/12\/barvnofinal.png","contentUrl":"https:\/\/slolux.eu\/wp-content\/uploads\/2023\/12\/barvnofinal.png","width":2550,"height":938,"caption":"Slovensko dru\u0161tvo v Luksemburgu"},"image":{"@id":"https:\/\/slolux.eu\/#\/schema\/logo\/image\/"}},{"@type":"Person","@id":"https:\/\/slolux.eu\/#\/schema\/person\/89c0bc490751fd8c820af6ec2049496a","name":"emilk","image":{"@type":"ImageObject","inLanguage":"fr-FR","@id":"https:\/\/slolux.eu\/#\/schema\/person\/image\/","url":"https:\/\/secure.gravatar.com\/avatar\/f0322d080f9bbb04c78300901a3f936bfd50777a1f9af51976123e266fbe5856?s=96&d=monsterid&r=g","contentUrl":"https:\/\/secure.gravatar.com\/avatar\/f0322d080f9bbb04c78300901a3f936bfd50777a1f9af51976123e266fbe5856?s=96&d=monsterid&r=g","caption":"emilk"},"url":"https:\/\/slolux.eu\/fr\/author\/emilk\/"}]}},"_links":{"self":[{"href":"https:\/\/slolux.eu\/fr\/wp-json\/wp\/v2\/posts\/4995","targetHints":{"allow":["GET"]}}],"collection":[{"href":"https:\/\/slolux.eu\/fr\/wp-json\/wp\/v2\/posts"}],"about":[{"href":"https:\/\/slolux.eu\/fr\/wp-json\/wp\/v2\/types\/post"}],"author":[{"embeddable":true,"href":"https:\/\/slolux.eu\/fr\/wp-json\/wp\/v2\/users\/1"}],"replies":[{"embeddable":true,"href":"https:\/\/slolux.eu\/fr\/wp-json\/wp\/v2\/comments?post=4995"}],"version-history":[{"count":2,"href":"https:\/\/slolux.eu\/fr\/wp-json\/wp\/v2\/posts\/4995\/revisions"}],"predecessor-version":[{"id":6051,"href":"https:\/\/slolux.eu\/fr\/wp-json\/wp\/v2\/posts\/4995\/revisions\/6051"}],"wp:featuredmedia":[{"embeddable":true,"href":"https:\/\/slolux.eu\/fr\/wp-json\/wp\/v2\/media\/4996"}],"wp:attachment":[{"href":"https:\/\/slolux.eu\/fr\/wp-json\/wp\/v2\/media?parent=4995"}],"wp:term":[{"taxonomy":"category","embeddable":true,"href":"https:\/\/slolux.eu\/fr\/wp-json\/wp\/v2\/categories?post=4995"},{"taxonomy":"post_tag","embeddable":true,"href":"https:\/\/slolux.eu\/fr\/wp-json\/wp\/v2\/tags?post=4995"}],"curies":[{"name":"wp","href":"https:\/\/api.w.org\/{rel}","templated":true}]}}