{"id":6233,"date":"2024-02-09T22:25:47","date_gmt":"2024-02-09T21:25:47","guid":{"rendered":"https:\/\/slolux.eu\/?p=6233"},"modified":"2024-12-03T11:10:45","modified_gmt":"2024-12-03T10:10:45","slug":"proslava-ob-slovenskem-kulturnem-dnevu","status":"publish","type":"post","link":"https:\/\/slolux.eu\/fr\/proslava-ob-slovenskem-kulturnem-dnevu\/","title":{"rendered":"C\u00e9l\u00e9bration \u00e0 l&#039;occasion de la Journ\u00e9e culturelle slov\u00e8ne"},"content":{"rendered":"<div data-elementor-type=\"wp-post\" data-elementor-id=\"6233\" class=\"elementor elementor-6233\" data-elementor-post-type=\"post\">\n\t\t\t\t\t\t<section class=\"elementor-section elementor-top-section elementor-element elementor-element-5b1f4679 elementor-section-boxed elementor-section-height-default elementor-section-height-default\" data-id=\"5b1f4679\" data-element_type=\"section\">\n\t\t\t\t\t\t<div class=\"elementor-container elementor-column-gap-default\">\n\t\t\t\t\t<div class=\"elementor-column elementor-col-100 elementor-top-column elementor-element elementor-element-4c41be73\" data-id=\"4c41be73\" data-element_type=\"column\">\n\t\t\t<div class=\"elementor-widget-wrap elementor-element-populated\">\n\t\t\t\t\t\t<div class=\"elementor-element elementor-element-63d06d21 elementor-widget elementor-widget-text-editor\" data-id=\"63d06d21\" data-element_type=\"widget\" data-widget_type=\"text-editor.default\">\n\t\t\t\t<div class=\"elementor-widget-container\">\n\t\t\t\t\t\t\t\t\t<p><\/p>\n<p>Le jeudi 6 f\u00e9vrier 2024, nous avons organis\u00e9 \u00e0 Dommeldange <strong>c\u00e9l\u00e9bration \u00e0 l&#039;occasion de la journ\u00e9e culturelle slov\u00e8ne<\/strong>. L&#039;\u00e9v\u00e9nement d\u00e9di\u00e9 \u00e0 Sre\u010dko Kosovel a \u00e9t\u00e9 organis\u00e9 en coop\u00e9ration avec l&#039;association d&#039;Breck, qui travaille activement dans le domaine de l&#039;int\u00e9gration linguistique, nous avons donc organis\u00e9 l&#039;\u00e9v\u00e9nement bilingue en slov\u00e8ne et en fran\u00e7ais.<\/p>\n<p><\/p>\n<p><\/p>\n<p>L&#039;\u00e9v\u00e9nement a \u00e9t\u00e9 organis\u00e9 par Maja \u017du\u017eman et Emil Kos, qui ont \u00e9galement coordonn\u00e9 l&#039;\u00e9v\u00e9nement. Le discours c\u00e9r\u00e9monial a \u00e9t\u00e9 prononc\u00e9 par le Dr. Sa\u0161a Sever, avocat \u00e0 la Cour de justice de l&#039;UE, et les r\u00e9citals ont \u00e9t\u00e9 pr\u00e9par\u00e9s par des b\u00e9n\u00e9voles de diff\u00e9rentes nationalit\u00e9s, des \u00e9tudiants de l&#039;\u00c9cole europ\u00e9enne de Luxembourg et des \u00e9tudiants des classes suppl\u00e9mentaires de langue slov\u00e8ne sous le mentorat de ge. Petre Likar janv.<\/p>\n<p><\/p>\n<p><\/p>\n<p>Gaja et Vida Su\u0161elj, \u00e9tudiants du conservatoire de Luxembourg, ont apport\u00e9 une contribution musicale touchante. Pr\u00e8s de 60 personnes ont assist\u00e9 \u00e0 l&#039;\u00e9v\u00e9nement et l&#039;association Slolux s&#039;est charg\u00e9e du ravitaillement.<\/p>\n<p>Nous tenons \u00e0 remercier tous ceux qui ont assist\u00e9 \u00e0 la c\u00e9l\u00e9bration.<\/p>\n<p>Lors de cet \u00e9v\u00e9nement, nous avons \u00e9galement lanc\u00e9 une campagne caritative en faveur des jeunes espoirs musicaux slov\u00e8nes. Vous \u00eates invit\u00e9s \u00e0 en savoir plus sur le lien ci-dessous et \u00e0 faire un don selon vos moyens !<\/p>\n<p><\/p>\t\t\t\t\t\t\t\t<\/div>\n\t\t\t\t<\/div>\n\t\t\t\t\t<\/div>\n\t\t<\/div>\n\t\t\t\t\t<\/div>\n\t\t<\/section>\n\t\t\t\t<section class=\"elementor-section elementor-top-section elementor-element elementor-element-a70ba7a elementor-section-boxed elementor-section-height-default elementor-section-height-default\" data-id=\"a70ba7a\" data-element_type=\"section\">\n\t\t\t\t\t\t<div class=\"elementor-container elementor-column-gap-default\">\n\t\t\t\t\t<div class=\"elementor-column elementor-col-100 elementor-top-column elementor-element elementor-element-b11ce6c\" data-id=\"b11ce6c\" data-element_type=\"column\">\n\t\t\t<div class=\"elementor-widget-wrap elementor-element-populated\">\n\t\t\t\t\t\t<div class=\"elementor-element elementor-element-9c4b1bc elementor-widget elementor-widget-image-gallery\" data-id=\"9c4b1bc\" data-element_type=\"widget\" data-widget_type=\"image-gallery.default\">\n\t\t\t\t<div class=\"elementor-widget-container\">\n\t\t\t\t\t\t\t<div class=\"elementor-image-gallery\">\n\t\t\t<div id='gallery-1' class='gallery galleryid-6233 gallery-columns-4 gallery-size-thumbnail'><figure class='gallery-item'>\n\t\t\t<div class='gallery-icon landscape'>\n\t\t\t\t<a data-elementor-open-lightbox=\"yes\" data-elementor-lightbox-slideshow=\"9c4b1bc\" data-e-action-hash=\"#elementor-action%3Aaction%3Dlightbox%26settings%3DeyJpZCI6NjIzNywidXJsIjoiaHR0cHM6XC9cL3Nsb2x1eC5ldVwvd3AtY29udGVudFwvdXBsb2Fkc1wvMjAyNFwvMDJcLzIwMjQwMjA2X3Bob3RvX21hdGljX3pvcm1hbl8wMDUzLXNjYWxlZC5qcGciLCJzbGlkZXNob3ciOiI5YzRiMWJjIn0%3D\" href='https:\/\/slolux.eu\/wp-content\/uploads\/2024\/02\/20240206_photo_matic_zorman_0053-scaled.jpg'><img loading=\"lazy\" decoding=\"async\" width=\"150\" height=\"150\" src=\"https:\/\/slolux.eu\/wp-content\/uploads\/2024\/02\/20240206_photo_matic_zorman_0053-150x150.jpg\" class=\"attachment-thumbnail size-thumbnail\" alt=\"\" \/><\/a>\n\t\t\t<\/div><\/figure><figure class='gallery-item'>\n\t\t\t<div class='gallery-icon landscape'>\n\t\t\t\t<a data-elementor-open-lightbox=\"yes\" data-elementor-lightbox-slideshow=\"9c4b1bc\" data-e-action-hash=\"#elementor-action%3Aaction%3Dlightbox%26settings%3DeyJpZCI6NjIzOCwidXJsIjoiaHR0cHM6XC9cL3Nsb2x1eC5ldVwvd3AtY29udGVudFwvdXBsb2Fkc1wvMjAyNFwvMDJcLzIwMjQwMjA2X3Bob3RvX21hdGljX3pvcm1hbl8wMDYyLXNjYWxlZC5qcGciLCJzbGlkZXNob3ciOiI5YzRiMWJjIn0%3D\" href='https:\/\/slolux.eu\/wp-content\/uploads\/2024\/02\/20240206_photo_matic_zorman_0062-scaled.jpg'><img loading=\"lazy\" decoding=\"async\" width=\"150\" height=\"150\" src=\"https:\/\/slolux.eu\/wp-content\/uploads\/2024\/02\/20240206_photo_matic_zorman_0062-150x150.jpg\" class=\"attachment-thumbnail size-thumbnail\" alt=\"\" \/><\/a>\n\t\t\t<\/div><\/figure><figure class='gallery-item'>\n\t\t\t<div class='gallery-icon landscape'>\n\t\t\t\t<a data-elementor-open-lightbox=\"yes\" data-elementor-lightbox-slideshow=\"9c4b1bc\" data-e-action-hash=\"#elementor-action%3Aaction%3Dlightbox%26settings%3DeyJpZCI6NjI0NywidXJsIjoiaHR0cHM6XC9cL3Nsb2x1eC5ldVwvd3AtY29udGVudFwvdXBsb2Fkc1wvMjAyNFwvMDJcLzIwMjQwMjA2X3Bob3RvX21hdGljX3pvcm1hbl8wMDU5LXNjYWxlZC5qcGciLCJzbGlkZXNob3ciOiI5YzRiMWJjIn0%3D\" href='https:\/\/slolux.eu\/wp-content\/uploads\/2024\/02\/20240206_photo_matic_zorman_0059-scaled.jpg'><img loading=\"lazy\" decoding=\"async\" width=\"150\" height=\"150\" src=\"https:\/\/slolux.eu\/wp-content\/uploads\/2024\/02\/20240206_photo_matic_zorman_0059-150x150.jpg\" class=\"attachment-thumbnail size-thumbnail\" alt=\"\" \/><\/a>\n\t\t\t<\/div><\/figure><figure class='gallery-item'>\n\t\t\t<div class='gallery-icon landscape'>\n\t\t\t\t<a data-elementor-open-lightbox=\"yes\" data-elementor-lightbox-slideshow=\"9c4b1bc\" data-e-action-hash=\"#elementor-action%3Aaction%3Dlightbox%26settings%3DeyJpZCI6NjIzOSwidXJsIjoiaHR0cHM6XC9cL3Nsb2x1eC5ldVwvd3AtY29udGVudFwvdXBsb2Fkc1wvMjAyNFwvMDJcLzIwMjQwMjA2X3Bob3RvX21hdGljX3pvcm1hbl8wMDY0LXNjYWxlZC5qcGciLCJzbGlkZXNob3ciOiI5YzRiMWJjIn0%3D\" href='https:\/\/slolux.eu\/wp-content\/uploads\/2024\/02\/20240206_photo_matic_zorman_0064-scaled.jpg'><img loading=\"lazy\" decoding=\"async\" width=\"150\" height=\"150\" src=\"https:\/\/slolux.eu\/wp-content\/uploads\/2024\/02\/20240206_photo_matic_zorman_0064-150x150.jpg\" class=\"attachment-thumbnail size-thumbnail\" alt=\"\" \/><\/a>\n\t\t\t<\/div><\/figure><figure class='gallery-item'>\n\t\t\t<div class='gallery-icon landscape'>\n\t\t\t\t<a data-elementor-open-lightbox=\"yes\" data-elementor-lightbox-slideshow=\"9c4b1bc\" data-e-action-hash=\"#elementor-action%3Aaction%3Dlightbox%26settings%3DeyJpZCI6NjI0MSwidXJsIjoiaHR0cHM6XC9cL3Nsb2x1eC5ldVwvd3AtY29udGVudFwvdXBsb2Fkc1wvMjAyNFwvMDJcLzIwMjQwMjA2X3Bob3RvX21hdGljX3pvcm1hbl8wMDc1LXNjYWxlZC5qcGciLCJzbGlkZXNob3ciOiI5YzRiMWJjIn0%3D\" href='https:\/\/slolux.eu\/wp-content\/uploads\/2024\/02\/20240206_photo_matic_zorman_0075-scaled.jpg'><img loading=\"lazy\" decoding=\"async\" width=\"150\" height=\"150\" src=\"https:\/\/slolux.eu\/wp-content\/uploads\/2024\/02\/20240206_photo_matic_zorman_0075-150x150.jpg\" class=\"attachment-thumbnail size-thumbnail\" alt=\"\" \/><\/a>\n\t\t\t<\/div><\/figure><figure class='gallery-item'>\n\t\t\t<div class='gallery-icon landscape'>\n\t\t\t\t<a data-elementor-open-lightbox=\"yes\" data-elementor-lightbox-slideshow=\"9c4b1bc\" data-e-action-hash=\"#elementor-action%3Aaction%3Dlightbox%26settings%3DeyJpZCI6NjI0MiwidXJsIjoiaHR0cHM6XC9cL3Nsb2x1eC5ldVwvd3AtY29udGVudFwvdXBsb2Fkc1wvMjAyNFwvMDJcLzIwMjQwMjA2X3Bob3RvX21hdGljX3pvcm1hbl8wMDgyLXNjYWxlZC5qcGciLCJzbGlkZXNob3ciOiI5YzRiMWJjIn0%3D\" href='https:\/\/slolux.eu\/wp-content\/uploads\/2024\/02\/20240206_photo_matic_zorman_0082-scaled.jpg'><img loading=\"lazy\" decoding=\"async\" width=\"150\" height=\"150\" src=\"https:\/\/slolux.eu\/wp-content\/uploads\/2024\/02\/20240206_photo_matic_zorman_0082-150x150.jpg\" class=\"attachment-thumbnail size-thumbnail\" alt=\"\" \/><\/a>\n\t\t\t<\/div><\/figure><figure class='gallery-item'>\n\t\t\t<div class='gallery-icon landscape'>\n\t\t\t\t<a data-elementor-open-lightbox=\"yes\" data-elementor-lightbox-slideshow=\"9c4b1bc\" data-e-action-hash=\"#elementor-action%3Aaction%3Dlightbox%26settings%3DeyJpZCI6NjI0MywidXJsIjoiaHR0cHM6XC9cL3Nsb2x1eC5ldVwvd3AtY29udGVudFwvdXBsb2Fkc1wvMjAyNFwvMDJcLzIwMjQwMjA2X3Bob3RvX21hdGljX3pvcm1hbl8wMDk1LXNjYWxlZC5qcGciLCJzbGlkZXNob3ciOiI5YzRiMWJjIn0%3D\" href='https:\/\/slolux.eu\/wp-content\/uploads\/2024\/02\/20240206_photo_matic_zorman_0095-scaled.jpg'><img loading=\"lazy\" decoding=\"async\" width=\"150\" height=\"150\" src=\"https:\/\/slolux.eu\/wp-content\/uploads\/2024\/02\/20240206_photo_matic_zorman_0095-150x150.jpg\" class=\"attachment-thumbnail size-thumbnail\" alt=\"\" \/><\/a>\n\t\t\t<\/div><\/figure><figure class='gallery-item'>\n\t\t\t<div class='gallery-icon landscape'>\n\t\t\t\t<a data-elementor-open-lightbox=\"yes\" data-elementor-lightbox-slideshow=\"9c4b1bc\" data-e-action-hash=\"#elementor-action%3Aaction%3Dlightbox%26settings%3DeyJpZCI6NjI0NCwidXJsIjoiaHR0cHM6XC9cL3Nsb2x1eC5ldVwvd3AtY29udGVudFwvdXBsb2Fkc1wvMjAyNFwvMDJcLzIwMjQwMjA2X3Bob3RvX21hdGljX3pvcm1hbl8wMTA0LXNjYWxlZC5qcGciLCJzbGlkZXNob3ciOiI5YzRiMWJjIn0%3D\" href='https:\/\/slolux.eu\/wp-content\/uploads\/2024\/02\/20240206_photo_matic_zorman_0104-scaled.jpg'><img loading=\"lazy\" decoding=\"async\" width=\"150\" height=\"150\" src=\"https:\/\/slolux.eu\/wp-content\/uploads\/2024\/02\/20240206_photo_matic_zorman_0104-150x150.jpg\" class=\"attachment-thumbnail size-thumbnail\" alt=\"\" \/><\/a>\n\t\t\t<\/div><\/figure><figure class='gallery-item'>\n\t\t\t<div class='gallery-icon landscape'>\n\t\t\t\t<a data-elementor-open-lightbox=\"yes\" data-elementor-lightbox-slideshow=\"9c4b1bc\" data-e-action-hash=\"#elementor-action%3Aaction%3Dlightbox%26settings%3DeyJpZCI6NjI0NSwidXJsIjoiaHR0cHM6XC9cL3Nsb2x1eC5ldVwvd3AtY29udGVudFwvdXBsb2Fkc1wvMjAyNFwvMDJcLzIwMjQwMjA2X3Bob3RvX21hdGljX3pvcm1hbl8wMTI3LXNjYWxlZC5qcGciLCJzbGlkZXNob3ciOiI5YzRiMWJjIn0%3D\" href='https:\/\/slolux.eu\/wp-content\/uploads\/2024\/02\/20240206_photo_matic_zorman_0127-scaled.jpg'><img loading=\"lazy\" decoding=\"async\" width=\"150\" height=\"150\" src=\"https:\/\/slolux.eu\/wp-content\/uploads\/2024\/02\/20240206_photo_matic_zorman_0127-150x150.jpg\" class=\"attachment-thumbnail size-thumbnail\" alt=\"\" \/><\/a>\n\t\t\t<\/div><\/figure><figure class='gallery-item'>\n\t\t\t<div class='gallery-icon landscape'>\n\t\t\t\t<a data-elementor-open-lightbox=\"yes\" data-elementor-lightbox-slideshow=\"9c4b1bc\" data-e-action-hash=\"#elementor-action%3Aaction%3Dlightbox%26settings%3DeyJpZCI6NjI0NiwidXJsIjoiaHR0cHM6XC9cL3Nsb2x1eC5ldVwvd3AtY29udGVudFwvdXBsb2Fkc1wvMjAyNFwvMDJcLzIwMjQwMjA2X3Bob3RvX21hdGljX3pvcm1hbl8wMTMyLXNjYWxlZC5qcGciLCJzbGlkZXNob3ciOiI5YzRiMWJjIn0%3D\" href='https:\/\/slolux.eu\/wp-content\/uploads\/2024\/02\/20240206_photo_matic_zorman_0132-scaled.jpg'><img loading=\"lazy\" decoding=\"async\" width=\"150\" height=\"150\" src=\"https:\/\/slolux.eu\/wp-content\/uploads\/2024\/02\/20240206_photo_matic_zorman_0132-150x150.jpg\" class=\"attachment-thumbnail size-thumbnail\" alt=\"\" \/><\/a>\n\t\t\t<\/div><\/figure>\n\t\t<\/div>\n\t\t<\/div>\n\t\t\t\t\t\t<\/div>\n\t\t\t\t<\/div>\n\t\t\t\t\t<\/div>\n\t\t<\/div>\n\t\t\t\t\t<\/div>\n\t\t<\/section>\n\t\t\t\t<section class=\"elementor-section elementor-top-section elementor-element elementor-element-088fb97 elementor-section-boxed elementor-section-height-default elementor-section-height-default\" data-id=\"088fb97\" data-element_type=\"section\">\n\t\t\t\t\t\t<div class=\"elementor-container elementor-column-gap-default\">\n\t\t\t\t\t<div class=\"elementor-column elementor-col-100 elementor-top-column elementor-element elementor-element-b5fabaf\" data-id=\"b5fabaf\" data-element_type=\"column\">\n\t\t\t<div class=\"elementor-widget-wrap elementor-element-populated\">\n\t\t\t\t\t\t<div class=\"elementor-element elementor-element-965e08b elementor-widget elementor-widget-text-editor\" data-id=\"965e08b\" data-element_type=\"widget\" data-widget_type=\"text-editor.default\">\n\t\t\t\t<div class=\"elementor-widget-container\">\n\t\t\t\t\t\t\t\t\t<p>Photo de : Matic Zorman<\/p>\t\t\t\t\t\t\t\t<\/div>\n\t\t\t\t<\/div>\n\t\t\t\t\t<\/div>\n\t\t<\/div>\n\t\t\t\t\t<\/div>\n\t\t<\/section>\n\t\t\t\t<section class=\"elementor-section elementor-top-section elementor-element elementor-element-0d98f09 elementor-section-boxed elementor-section-height-default elementor-section-height-default\" data-id=\"0d98f09\" data-element_type=\"section\">\n\t\t\t\t\t\t<div class=\"elementor-container elementor-column-gap-default\">\n\t\t\t\t\t<div class=\"elementor-column elementor-col-100 elementor-top-column elementor-element elementor-element-a2eefb0\" data-id=\"a2eefb0\" data-element_type=\"column\">\n\t\t\t<div class=\"elementor-widget-wrap elementor-element-populated\">\n\t\t\t\t\t\t<div class=\"elementor-element elementor-element-785edf4 elementor-widget-divider--view-line elementor-widget elementor-widget-divider\" data-id=\"785edf4\" data-element_type=\"widget\" data-widget_type=\"divider.default\">\n\t\t\t\t<div class=\"elementor-widget-container\">\n\t\t\t\t\t\t\t<div class=\"elementor-divider\">\n\t\t\t<span class=\"elementor-divider-separator\">\n\t\t\t\t\t\t<\/span>\n\t\t<\/div>\n\t\t\t\t\t\t<\/div>\n\t\t\t\t<\/div>\n\t\t\t\t<div class=\"elementor-element elementor-element-376b55f elementor-widget elementor-widget-heading\" data-id=\"376b55f\" data-element_type=\"widget\" data-widget_type=\"heading.default\">\n\t\t\t\t<div class=\"elementor-widget-container\">\n\t\t\t\t\t<h2 class=\"elementor-heading-title elementor-size-default\">Campagne caritative en faveur de jeunes musiciens issus de milieux socialement moins favoris\u00e9s<\/h2>\t\t\t\t<\/div>\n\t\t\t\t<\/div>\n\t\t\t\t\t<\/div>\n\t\t<\/div>\n\t\t\t\t\t<\/div>\n\t\t<\/section>\n\t\t\t\t<section class=\"elementor-section elementor-top-section elementor-element elementor-element-3f4554c elementor-section-boxed elementor-section-height-default elementor-section-height-default\" data-id=\"3f4554c\" data-element_type=\"section\">\n\t\t\t\t\t\t<div class=\"elementor-container elementor-column-gap-default\">\n\t\t\t\t\t<div class=\"elementor-column elementor-col-100 elementor-top-column elementor-element elementor-element-fe9939b\" data-id=\"fe9939b\" data-element_type=\"column\">\n\t\t\t<div class=\"elementor-widget-wrap elementor-element-populated\">\n\t\t\t\t\t\t<div class=\"elementor-element elementor-element-ce174c7 elementor-widget elementor-widget-image\" data-id=\"ce174c7\" data-element_type=\"widget\" data-widget_type=\"image.default\">\n\t\t\t\t<div class=\"elementor-widget-container\">\n\t\t\t\t\t\t\t\t\t\t\t\t\t\t\t\t<a href=\"https:\/\/slolux.eu\/fr\/events\/kosovelova-dobrodelna-akcija\/\">\n\t\t\t\t\t\t\t<img loading=\"lazy\" decoding=\"async\" width=\"1024\" height=\"538\" src=\"https:\/\/slolux.eu\/wp-content\/uploads\/2024\/02\/iscemo-1024x538-1.png\" class=\"attachment-large size-large wp-image-6235\" alt=\"\" srcset=\"https:\/\/slolux.eu\/wp-content\/uploads\/2024\/02\/iscemo-1024x538-1.png 1024w, https:\/\/slolux.eu\/wp-content\/uploads\/2024\/02\/iscemo-1024x538-1-300x158.png 300w, https:\/\/slolux.eu\/wp-content\/uploads\/2024\/02\/iscemo-1024x538-1-768x404.png 768w, https:\/\/slolux.eu\/wp-content\/uploads\/2024\/02\/iscemo-1024x538-1-18x9.png 18w\" sizes=\"auto, (max-width: 1024px) 100vw, 1024px\" \/>\t\t\t\t\t\t\t\t<\/a>\n\t\t\t\t\t\t\t\t\t\t\t\t\t\t\t<\/div>\n\t\t\t\t<\/div>\n\t\t\t\t\t<\/div>\n\t\t<\/div>\n\t\t\t\t\t<\/div>\n\t\t<\/section>\n\t\t\t\t<section class=\"elementor-section elementor-top-section elementor-element elementor-element-0cb802f elementor-section-boxed elementor-section-height-default elementor-section-height-default\" data-id=\"0cb802f\" data-element_type=\"section\">\n\t\t\t\t\t\t<div class=\"elementor-container elementor-column-gap-default\">\n\t\t\t\t\t<div class=\"elementor-column elementor-col-100 elementor-top-column elementor-element elementor-element-bbcb630\" data-id=\"bbcb630\" data-element_type=\"column\">\n\t\t\t<div class=\"elementor-widget-wrap elementor-element-populated\">\n\t\t\t\t\t\t<div class=\"elementor-element elementor-element-83784a1 elementor-widget elementor-widget-text-editor\" data-id=\"83784a1\" data-element_type=\"widget\" data-widget_type=\"text-editor.default\">\n\t\t\t\t<div class=\"elementor-widget-container\">\n\t\t\t\t\t\t\t\t\t<p><strong>Lors de l&#039;\u00e9v\u00e9nement, nous avons pr\u00e9sent\u00e9 une campagne caritative en faveur des jeunes musiciens slov\u00e8nes. Il sera ouvert jusqu&#039;au 25 f\u00e9vrier 2014.<\/strong><\/p>\n<p>Nous consacrons la campagne caritative au fonds \u00bb<a href=\"https:\/\/www.zpms.si\/programi\/socialni-in-humanitarni-programi\/glasbenik-sem\/\" target=\"_blank\" rel=\"noopener\">Je suis un musicien<\/a>&quot;, qui est le fondement du programme <em>Un coeur<\/em>, dirig\u00e9 par l&#039;Association des Amis de la Jeunesse de Slov\u00e9nie. En savoir plus sur le programme ci-dessous.<\/p>\n<p>L&#039;objectif du fonds Glasbenik sem est d&#039;aider les enfants et les jeunes issus de milieux socialement d\u00e9favoris\u00e9s \u00e0 r\u00e9aliser leur potentiel musical. Nous voulons permettre aux enfants et aux jeunes qui souhaitent cr\u00e9er de la musique de fr\u00e9quenter une \u00e9cole de musique ou les aider \u00e0 acheter un instrument s&#039;ils souhaitent d\u00e9velopper davantage leur potentiel musical.<\/p>\t\t\t\t\t\t\t\t<\/div>\n\t\t\t\t<\/div>\n\t\t\t\t\t<\/div>\n\t\t<\/div>\n\t\t\t\t\t<\/div>\n\t\t<\/section>\n\t\t\t\t<section class=\"elementor-section elementor-top-section elementor-element elementor-element-5f675d0 elementor-section-boxed elementor-section-height-default elementor-section-height-default\" data-id=\"5f675d0\" data-element_type=\"section\">\n\t\t\t\t\t\t<div class=\"elementor-container elementor-column-gap-default\">\n\t\t\t\t\t<div class=\"elementor-column elementor-col-100 elementor-top-column elementor-element elementor-element-b5ad768\" data-id=\"b5ad768\" data-element_type=\"column\">\n\t\t\t<div class=\"elementor-widget-wrap elementor-element-populated\">\n\t\t\t\t\t\t<div class=\"elementor-element elementor-element-55fb09b elementor-align-center elementor-widget elementor-widget-button\" data-id=\"55fb09b\" data-element_type=\"widget\" data-widget_type=\"button.default\">\n\t\t\t\t<div class=\"elementor-widget-container\">\n\t\t\t\t\t\t\t\t\t<div class=\"elementor-button-wrapper\">\n\t\t\t\t\t<a class=\"elementor-button elementor-button-link elementor-size-sm\" href=\"https:\/\/slolux.eu\/fr\/events\/kosovelova-dobrodelna-akcija\/\">\n\t\t\t\t\t\t<span class=\"elementor-button-content-wrapper\">\n\t\t\t\t\t\t\t\t\t<span class=\"elementor-button-text\">En savoir plus sur la campagne<\/span>\n\t\t\t\t\t<\/span>\n\t\t\t\t\t<\/a>\n\t\t\t\t<\/div>\n\t\t\t\t\t\t\t\t<\/div>\n\t\t\t\t<\/div>\n\t\t\t\t\t<\/div>\n\t\t<\/div>\n\t\t\t\t\t<\/div>\n\t\t<\/section>\n\t\t\t\t<\/div>","protected":false},"excerpt":{"rendered":"<p>Le jeudi 6 f\u00e9vrier 2024, nous avons organis\u00e9 une c\u00e9l\u00e9bration \u00e0 Dommeldange \u00e0 l&#039;occasion de la Journ\u00e9e culturelle slov\u00e8ne. D\u00e9couvrez les photos.<\/p>","protected":false},"author":1,"featured_media":6237,"comment_status":"open","ping_status":"closed","sticky":false,"template":"","format":"standard","meta":{"site-sidebar-layout":"default","site-content-layout":"","ast-site-content-layout":"","site-content-style":"default","site-sidebar-style":"default","ast-global-header-display":"","ast-banner-title-visibility":"","ast-main-header-display":"","ast-hfb-above-header-display":"","ast-hfb-below-header-display":"","ast-hfb-mobile-header-display":"","site-post-title":"","ast-breadcrumbs-content":"","ast-featured-img":"","footer-sml-layout":"","theme-transparent-header-meta":"","adv-header-id-meta":"","stick-header-meta":"","header-above-stick-meta":"","header-main-stick-meta":"","header-below-stick-meta":"","astra-migrate-meta-layouts":"default","ast-page-background-enabled":"default","ast-page-background-meta":{"desktop":{"background-color":"var(--ast-global-color-4)","background-image":"","background-repeat":"repeat","background-position":"center center","background-size":"auto","background-attachment":"scroll","background-type":"","background-media":"","overlay-type":"","overlay-color":"","overlay-opacity":"","overlay-gradient":""},"tablet":{"background-color":"","background-image":"","background-repeat":"repeat","background-position":"center center","background-size":"auto","background-attachment":"scroll","background-type":"","background-media":"","overlay-type":"","overlay-color":"","overlay-opacity":"","overlay-gradient":""},"mobile":{"background-color":"","background-image":"","background-repeat":"repeat","background-position":"center center","background-size":"auto","background-attachment":"scroll","background-type":"","background-media":"","overlay-type":"","overlay-color":"","overlay-opacity":"","overlay-gradient":""}},"ast-content-background-meta":{"desktop":{"background-color":"var(--ast-global-color-5)","background-image":"","background-repeat":"repeat","background-position":"center center","background-size":"auto","background-attachment":"scroll","background-type":"","background-media":"","overlay-type":"","overlay-color":"","overlay-opacity":"","overlay-gradient":""},"tablet":{"background-color":"var(--ast-global-color-5)","background-image":"","background-repeat":"repeat","background-position":"center center","background-size":"auto","background-attachment":"scroll","background-type":"","background-media":"","overlay-type":"","overlay-color":"","overlay-opacity":"","overlay-gradient":""},"mobile":{"background-color":"var(--ast-global-color-5)","background-image":"","background-repeat":"repeat","background-position":"center center","background-size":"auto","background-attachment":"scroll","background-type":"","background-media":"","overlay-type":"","overlay-color":"","overlay-opacity":"","overlay-gradient":""}},"footnotes":""},"categories":[30,37],"tags":[9,316],"class_list":["post-6233","post","type-post","status-publish","format-standard","has-post-thumbnail","hentry","category-news","category-po-dogodku","tag-druzenje","tag-proslava"],"yoast_head":"<!-- This site is optimized with the Yoast SEO plugin v24.5 - https:\/\/yoast.com\/wordpress\/plugins\/seo\/ -->\n<title>Proslava ob slovenskem kulturnem dnevu - Slolux<\/title>\n<meta name=\"description\" content=\"V \u010detrtek, 6. 2. 2024, smo v dru\u0161tvu Slolux v Dommeldange-u organizirali proslavo ob slovenskem kulturnem dnevu.\" \/>\n<meta name=\"robots\" content=\"index, follow, max-snippet:-1, max-image-preview:large, max-video-preview:-1\" \/>\n<link rel=\"canonical\" href=\"https:\/\/slolux.eu\/fr\/proslava-ob-slovenskem-kulturnem-dnevu\/\" \/>\n<meta property=\"og:locale\" content=\"fr_FR\" \/>\n<meta property=\"og:type\" content=\"article\" \/>\n<meta property=\"og:title\" content=\"Proslava ob slovenskem kulturnem dnevu - Slolux\" \/>\n<meta property=\"og:description\" content=\"V \u010detrtek, 6. 2. 2024, smo v dru\u0161tvu Slolux v Dommeldange-u organizirali proslavo ob slovenskem kulturnem dnevu.\" \/>\n<meta property=\"og:url\" content=\"https:\/\/slolux.eu\/fr\/proslava-ob-slovenskem-kulturnem-dnevu\/\" \/>\n<meta property=\"og:site_name\" content=\"Slolux\" \/>\n<meta property=\"article:published_time\" content=\"2024-02-09T21:25:47+00:00\" \/>\n<meta property=\"article:modified_time\" content=\"2024-12-03T10:10:45+00:00\" \/>\n<meta property=\"og:image\" content=\"https:\/\/slolux.eu\/wp-content\/uploads\/2024\/02\/20240206_photo_matic_zorman_0053-scaled.jpg\" \/>\n\t<meta property=\"og:image:width\" content=\"2560\" \/>\n\t<meta property=\"og:image:height\" content=\"1707\" \/>\n\t<meta property=\"og:image:type\" content=\"image\/jpeg\" \/>\n<meta name=\"author\" content=\"emilk\" \/>\n<meta name=\"twitter:card\" content=\"summary_large_image\" \/>\n<meta name=\"twitter:label1\" content=\"\u00c9crit par\" \/>\n\t<meta name=\"twitter:data1\" content=\"emilk\" \/>\n\t<meta name=\"twitter:label2\" content=\"Dur\u00e9e de lecture estim\u00e9e\" \/>\n\t<meta name=\"twitter:data2\" content=\"4 minutes\" \/>\n<script type=\"application\/ld+json\" class=\"yoast-schema-graph\">{\"@context\":\"https:\/\/schema.org\",\"@graph\":[{\"@type\":\"Article\",\"@id\":\"https:\/\/slolux.eu\/proslava-ob-slovenskem-kulturnem-dnevu\/#article\",\"isPartOf\":{\"@id\":\"https:\/\/slolux.eu\/proslava-ob-slovenskem-kulturnem-dnevu\/\"},\"author\":{\"name\":\"emilk\",\"@id\":\"https:\/\/slolux.eu\/#\/schema\/person\/89c0bc490751fd8c820af6ec2049496a\"},\"headline\":\"Proslava ob slovenskem kulturnem dnevu\",\"datePublished\":\"2024-02-09T21:25:47+00:00\",\"dateModified\":\"2024-12-03T10:10:45+00:00\",\"mainEntityOfPage\":{\"@id\":\"https:\/\/slolux.eu\/proslava-ob-slovenskem-kulturnem-dnevu\/\"},\"wordCount\":277,\"commentCount\":0,\"publisher\":{\"@id\":\"https:\/\/slolux.eu\/#organization\"},\"image\":{\"@id\":\"https:\/\/slolux.eu\/proslava-ob-slovenskem-kulturnem-dnevu\/#primaryimage\"},\"thumbnailUrl\":\"https:\/\/slolux.eu\/wp-content\/uploads\/2024\/02\/20240206_photo_matic_zorman_0053-scaled.jpg\",\"keywords\":[\"dru\u017eenje\",\"proslava\"],\"articleSection\":[\"Novice\",\"Utrinki preteklih dogodkov\"],\"inLanguage\":\"fr-FR\",\"potentialAction\":[{\"@type\":\"CommentAction\",\"name\":\"Comment\",\"target\":[\"https:\/\/slolux.eu\/proslava-ob-slovenskem-kulturnem-dnevu\/#respond\"]}]},{\"@type\":\"WebPage\",\"@id\":\"https:\/\/slolux.eu\/proslava-ob-slovenskem-kulturnem-dnevu\/\",\"url\":\"https:\/\/slolux.eu\/proslava-ob-slovenskem-kulturnem-dnevu\/\",\"name\":\"Proslava ob slovenskem kulturnem dnevu - Slolux\",\"isPartOf\":{\"@id\":\"https:\/\/slolux.eu\/#website\"},\"primaryImageOfPage\":{\"@id\":\"https:\/\/slolux.eu\/proslava-ob-slovenskem-kulturnem-dnevu\/#primaryimage\"},\"image\":{\"@id\":\"https:\/\/slolux.eu\/proslava-ob-slovenskem-kulturnem-dnevu\/#primaryimage\"},\"thumbnailUrl\":\"https:\/\/slolux.eu\/wp-content\/uploads\/2024\/02\/20240206_photo_matic_zorman_0053-scaled.jpg\",\"datePublished\":\"2024-02-09T21:25:47+00:00\",\"dateModified\":\"2024-12-03T10:10:45+00:00\",\"description\":\"V \u010detrtek, 6. 2. 2024, smo v dru\u0161tvu Slolux v Dommeldange-u organizirali proslavo ob slovenskem kulturnem dnevu.\",\"breadcrumb\":{\"@id\":\"https:\/\/slolux.eu\/proslava-ob-slovenskem-kulturnem-dnevu\/#breadcrumb\"},\"inLanguage\":\"fr-FR\",\"potentialAction\":[{\"@type\":\"ReadAction\",\"target\":[\"https:\/\/slolux.eu\/proslava-ob-slovenskem-kulturnem-dnevu\/\"]}]},{\"@type\":\"ImageObject\",\"inLanguage\":\"fr-FR\",\"@id\":\"https:\/\/slolux.eu\/proslava-ob-slovenskem-kulturnem-dnevu\/#primaryimage\",\"url\":\"https:\/\/slolux.eu\/wp-content\/uploads\/2024\/02\/20240206_photo_matic_zorman_0053-scaled.jpg\",\"contentUrl\":\"https:\/\/slolux.eu\/wp-content\/uploads\/2024\/02\/20240206_photo_matic_zorman_0053-scaled.jpg\",\"width\":2560,\"height\":1707},{\"@type\":\"BreadcrumbList\",\"@id\":\"https:\/\/slolux.eu\/proslava-ob-slovenskem-kulturnem-dnevu\/#breadcrumb\",\"itemListElement\":[{\"@type\":\"ListItem\",\"position\":1,\"name\":\"Home\",\"item\":\"https:\/\/slolux.eu\/\"},{\"@type\":\"ListItem\",\"position\":2,\"name\":\"Proslava ob slovenskem kulturnem dnevu\"}]},{\"@type\":\"WebSite\",\"@id\":\"https:\/\/slolux.eu\/#website\",\"url\":\"https:\/\/slolux.eu\/\",\"name\":\"Slovensko dru\u0161tvo v Luksemburgu\",\"description\":\"Slovensko dru\u0161tvo v Luksemburgu\",\"publisher\":{\"@id\":\"https:\/\/slolux.eu\/#organization\"},\"potentialAction\":[{\"@type\":\"SearchAction\",\"target\":{\"@type\":\"EntryPoint\",\"urlTemplate\":\"https:\/\/slolux.eu\/?s={search_term_string}\"},\"query-input\":{\"@type\":\"PropertyValueSpecification\",\"valueRequired\":true,\"valueName\":\"search_term_string\"}}],\"inLanguage\":\"fr-FR\"},{\"@type\":\"Organization\",\"@id\":\"https:\/\/slolux.eu\/#organization\",\"name\":\"Slovensko dru\u0161tvo v Luksemburgu\",\"url\":\"https:\/\/slolux.eu\/\",\"logo\":{\"@type\":\"ImageObject\",\"inLanguage\":\"fr-FR\",\"@id\":\"https:\/\/slolux.eu\/#\/schema\/logo\/image\/\",\"url\":\"https:\/\/slolux.eu\/wp-content\/uploads\/2023\/12\/barvnofinal.png\",\"contentUrl\":\"https:\/\/slolux.eu\/wp-content\/uploads\/2023\/12\/barvnofinal.png\",\"width\":2550,\"height\":938,\"caption\":\"Slovensko dru\u0161tvo v Luksemburgu\"},\"image\":{\"@id\":\"https:\/\/slolux.eu\/#\/schema\/logo\/image\/\"}},{\"@type\":\"Person\",\"@id\":\"https:\/\/slolux.eu\/#\/schema\/person\/89c0bc490751fd8c820af6ec2049496a\",\"name\":\"emilk\",\"image\":{\"@type\":\"ImageObject\",\"inLanguage\":\"fr-FR\",\"@id\":\"https:\/\/slolux.eu\/#\/schema\/person\/image\/\",\"url\":\"https:\/\/secure.gravatar.com\/avatar\/f0322d080f9bbb04c78300901a3f936bfd50777a1f9af51976123e266fbe5856?s=96&d=monsterid&r=g\",\"contentUrl\":\"https:\/\/secure.gravatar.com\/avatar\/f0322d080f9bbb04c78300901a3f936bfd50777a1f9af51976123e266fbe5856?s=96&d=monsterid&r=g\",\"caption\":\"emilk\"},\"url\":\"https:\/\/slolux.eu\/fr\/author\/emilk\/\"}]}<\/script>\n<!-- \/ Yoast SEO plugin. -->","yoast_head_json":{"title":"Proslava ob slovenskem kulturnem dnevu - Slolux","description":"V \u010detrtek, 6. 2. 2024, smo v dru\u0161tvu Slolux v Dommeldange-u organizirali proslavo ob slovenskem kulturnem dnevu.","robots":{"index":"index","follow":"follow","max-snippet":"max-snippet:-1","max-image-preview":"max-image-preview:large","max-video-preview":"max-video-preview:-1"},"canonical":"https:\/\/slolux.eu\/fr\/proslava-ob-slovenskem-kulturnem-dnevu\/","og_locale":"fr_FR","og_type":"article","og_title":"Proslava ob slovenskem kulturnem dnevu - Slolux","og_description":"V \u010detrtek, 6. 2. 2024, smo v dru\u0161tvu Slolux v Dommeldange-u organizirali proslavo ob slovenskem kulturnem dnevu.","og_url":"https:\/\/slolux.eu\/fr\/proslava-ob-slovenskem-kulturnem-dnevu\/","og_site_name":"Slolux","article_published_time":"2024-02-09T21:25:47+00:00","article_modified_time":"2024-12-03T10:10:45+00:00","og_image":[{"width":2560,"height":1707,"url":"https:\/\/slolux.eu\/wp-content\/uploads\/2024\/02\/20240206_photo_matic_zorman_0053-scaled.jpg","type":"image\/jpeg"}],"author":"emilk","twitter_card":"summary_large_image","twitter_misc":{"\u00c9crit par":"emilk","Dur\u00e9e de lecture estim\u00e9e":"4 minutes"},"schema":{"@context":"https:\/\/schema.org","@graph":[{"@type":"Article","@id":"https:\/\/slolux.eu\/proslava-ob-slovenskem-kulturnem-dnevu\/#article","isPartOf":{"@id":"https:\/\/slolux.eu\/proslava-ob-slovenskem-kulturnem-dnevu\/"},"author":{"name":"emilk","@id":"https:\/\/slolux.eu\/#\/schema\/person\/89c0bc490751fd8c820af6ec2049496a"},"headline":"Proslava ob slovenskem kulturnem dnevu","datePublished":"2024-02-09T21:25:47+00:00","dateModified":"2024-12-03T10:10:45+00:00","mainEntityOfPage":{"@id":"https:\/\/slolux.eu\/proslava-ob-slovenskem-kulturnem-dnevu\/"},"wordCount":277,"commentCount":0,"publisher":{"@id":"https:\/\/slolux.eu\/#organization"},"image":{"@id":"https:\/\/slolux.eu\/proslava-ob-slovenskem-kulturnem-dnevu\/#primaryimage"},"thumbnailUrl":"https:\/\/slolux.eu\/wp-content\/uploads\/2024\/02\/20240206_photo_matic_zorman_0053-scaled.jpg","keywords":["dru\u017eenje","proslava"],"articleSection":["Novice","Utrinki preteklih dogodkov"],"inLanguage":"fr-FR","potentialAction":[{"@type":"CommentAction","name":"Comment","target":["https:\/\/slolux.eu\/proslava-ob-slovenskem-kulturnem-dnevu\/#respond"]}]},{"@type":"WebPage","@id":"https:\/\/slolux.eu\/proslava-ob-slovenskem-kulturnem-dnevu\/","url":"https:\/\/slolux.eu\/proslava-ob-slovenskem-kulturnem-dnevu\/","name":"Proslava ob slovenskem kulturnem dnevu - Slolux","isPartOf":{"@id":"https:\/\/slolux.eu\/#website"},"primaryImageOfPage":{"@id":"https:\/\/slolux.eu\/proslava-ob-slovenskem-kulturnem-dnevu\/#primaryimage"},"image":{"@id":"https:\/\/slolux.eu\/proslava-ob-slovenskem-kulturnem-dnevu\/#primaryimage"},"thumbnailUrl":"https:\/\/slolux.eu\/wp-content\/uploads\/2024\/02\/20240206_photo_matic_zorman_0053-scaled.jpg","datePublished":"2024-02-09T21:25:47+00:00","dateModified":"2024-12-03T10:10:45+00:00","description":"V \u010detrtek, 6. 2. 2024, smo v dru\u0161tvu Slolux v Dommeldange-u organizirali proslavo ob slovenskem kulturnem dnevu.","breadcrumb":{"@id":"https:\/\/slolux.eu\/proslava-ob-slovenskem-kulturnem-dnevu\/#breadcrumb"},"inLanguage":"fr-FR","potentialAction":[{"@type":"ReadAction","target":["https:\/\/slolux.eu\/proslava-ob-slovenskem-kulturnem-dnevu\/"]}]},{"@type":"ImageObject","inLanguage":"fr-FR","@id":"https:\/\/slolux.eu\/proslava-ob-slovenskem-kulturnem-dnevu\/#primaryimage","url":"https:\/\/slolux.eu\/wp-content\/uploads\/2024\/02\/20240206_photo_matic_zorman_0053-scaled.jpg","contentUrl":"https:\/\/slolux.eu\/wp-content\/uploads\/2024\/02\/20240206_photo_matic_zorman_0053-scaled.jpg","width":2560,"height":1707},{"@type":"BreadcrumbList","@id":"https:\/\/slolux.eu\/proslava-ob-slovenskem-kulturnem-dnevu\/#breadcrumb","itemListElement":[{"@type":"ListItem","position":1,"name":"Home","item":"https:\/\/slolux.eu\/"},{"@type":"ListItem","position":2,"name":"Proslava ob slovenskem kulturnem dnevu"}]},{"@type":"WebSite","@id":"https:\/\/slolux.eu\/#website","url":"https:\/\/slolux.eu\/","name":"Slovensko dru\u0161tvo v Luksemburgu","description":"Slovensko dru\u0161tvo v Luksemburgu","publisher":{"@id":"https:\/\/slolux.eu\/#organization"},"potentialAction":[{"@type":"SearchAction","target":{"@type":"EntryPoint","urlTemplate":"https:\/\/slolux.eu\/?s={search_term_string}"},"query-input":{"@type":"PropertyValueSpecification","valueRequired":true,"valueName":"search_term_string"}}],"inLanguage":"fr-FR"},{"@type":"Organization","@id":"https:\/\/slolux.eu\/#organization","name":"Slovensko dru\u0161tvo v Luksemburgu","url":"https:\/\/slolux.eu\/","logo":{"@type":"ImageObject","inLanguage":"fr-FR","@id":"https:\/\/slolux.eu\/#\/schema\/logo\/image\/","url":"https:\/\/slolux.eu\/wp-content\/uploads\/2023\/12\/barvnofinal.png","contentUrl":"https:\/\/slolux.eu\/wp-content\/uploads\/2023\/12\/barvnofinal.png","width":2550,"height":938,"caption":"Slovensko dru\u0161tvo v Luksemburgu"},"image":{"@id":"https:\/\/slolux.eu\/#\/schema\/logo\/image\/"}},{"@type":"Person","@id":"https:\/\/slolux.eu\/#\/schema\/person\/89c0bc490751fd8c820af6ec2049496a","name":"emilk","image":{"@type":"ImageObject","inLanguage":"fr-FR","@id":"https:\/\/slolux.eu\/#\/schema\/person\/image\/","url":"https:\/\/secure.gravatar.com\/avatar\/f0322d080f9bbb04c78300901a3f936bfd50777a1f9af51976123e266fbe5856?s=96&d=monsterid&r=g","contentUrl":"https:\/\/secure.gravatar.com\/avatar\/f0322d080f9bbb04c78300901a3f936bfd50777a1f9af51976123e266fbe5856?s=96&d=monsterid&r=g","caption":"emilk"},"url":"https:\/\/slolux.eu\/fr\/author\/emilk\/"}]}},"_links":{"self":[{"href":"https:\/\/slolux.eu\/fr\/wp-json\/wp\/v2\/posts\/6233","targetHints":{"allow":["GET"]}}],"collection":[{"href":"https:\/\/slolux.eu\/fr\/wp-json\/wp\/v2\/posts"}],"about":[{"href":"https:\/\/slolux.eu\/fr\/wp-json\/wp\/v2\/types\/post"}],"author":[{"embeddable":true,"href":"https:\/\/slolux.eu\/fr\/wp-json\/wp\/v2\/users\/1"}],"replies":[{"embeddable":true,"href":"https:\/\/slolux.eu\/fr\/wp-json\/wp\/v2\/comments?post=6233"}],"version-history":[{"count":23,"href":"https:\/\/slolux.eu\/fr\/wp-json\/wp\/v2\/posts\/6233\/revisions"}],"predecessor-version":[{"id":6301,"href":"https:\/\/slolux.eu\/fr\/wp-json\/wp\/v2\/posts\/6233\/revisions\/6301"}],"wp:featuredmedia":[{"embeddable":true,"href":"https:\/\/slolux.eu\/fr\/wp-json\/wp\/v2\/media\/6237"}],"wp:attachment":[{"href":"https:\/\/slolux.eu\/fr\/wp-json\/wp\/v2\/media?parent=6233"}],"wp:term":[{"taxonomy":"category","embeddable":true,"href":"https:\/\/slolux.eu\/fr\/wp-json\/wp\/v2\/categories?post=6233"},{"taxonomy":"post_tag","embeddable":true,"href":"https:\/\/slolux.eu\/fr\/wp-json\/wp\/v2\/tags?post=6233"}],"curies":[{"name":"wp","href":"https:\/\/api.w.org\/{rel}","templated":true}]}}