{"id":6550,"date":"2024-10-11T11:26:37","date_gmt":"2024-10-11T09:26:37","guid":{"rendered":"https:\/\/slolux.eu\/?p=6550"},"modified":"2024-12-03T11:31:39","modified_gmt":"2024-12-03T10:31:39","slug":"slovenski-vecer-na-festivalu-cineast","status":"publish","type":"post","link":"https:\/\/slolux.eu\/fr\/slovenski-vecer-na-festivalu-cineast\/","title":{"rendered":"Soir\u00e9e slov\u00e8ne au festival Cineast"},"content":{"rendered":"<div data-elementor-type=\"wp-post\" data-elementor-id=\"6550\" class=\"elementor elementor-6550\" data-elementor-post-type=\"post\">\n\t\t\t\t\t\t<section class=\"elementor-section elementor-top-section elementor-element elementor-element-96f6b83 elementor-section-boxed elementor-section-height-default elementor-section-height-default\" data-id=\"96f6b83\" data-element_type=\"section\">\n\t\t\t\t\t\t<div class=\"elementor-container elementor-column-gap-default\">\n\t\t\t\t\t<div class=\"elementor-column elementor-col-100 elementor-top-column elementor-element elementor-element-1eb3365\" data-id=\"1eb3365\" data-element_type=\"column\">\n\t\t\t<div class=\"elementor-widget-wrap elementor-element-populated\">\n\t\t\t\t\t\t<div class=\"elementor-element elementor-element-ace7960 elementor-widget elementor-widget-text-editor\" data-id=\"ace7960\" data-element_type=\"widget\" data-widget_type=\"text-editor.default\">\n\t\t\t\t<div class=\"elementor-widget-container\">\n\t\t\t\t\t\t\t\t\t<p>Dans le cadre de sa visite \u00e0 LU, le vice-Premier ministre et ministre des Slov\u00e8nes de l&#039;\u00e9tranger et du monde, Matej Archon, a \u00e9galement particip\u00e9 au Festival CinEast \u00e0 Luxembourg, o\u00f9 l&#039;ambassade a organis\u00e9 une soir\u00e9e sp\u00e9ciale slov\u00e8ne en coop\u00e9ration avec Slolux.eu \u2014 Les Slov\u00e8nes au Luxembourg ( groupe). L&#039;\u00e9v\u00e9nement a eu lieu \u00e0 la Cin\u00e9math\u00e8que et a \u00e9t\u00e9 une merveilleuse occasion de promouvoir la culture et le cin\u00e9ma slov\u00e8nes. \ud83c\udfa5<\/p><p>Le ministre Archon a ouvert la soir\u00e9e par un bref discours de bienvenue, dans lequel il a soulign\u00e9 l&#039;importance de la coop\u00e9ration et de l&#039;int\u00e9gration des Slov\u00e8nes dans le monde. Apr\u00e8s son discours, nous avons assist\u00e9 \u00e0 la projection du film slov\u00e8ne Cent&#039;anni r\u00e9alis\u00e9 par Maja Doroteja Prelog, qui nous a impressionn\u00e9s par son histoire profonde et son excellent jeu d&#039;acteurs de la vie r\u00e9elle.<\/p>\t\t\t\t\t\t\t\t<\/div>\n\t\t\t\t<\/div>\n\t\t\t\t\t<\/div>\n\t\t<\/div>\n\t\t\t\t\t<\/div>\n\t\t<\/section>\n\t\t\t\t<section class=\"elementor-section elementor-top-section elementor-element elementor-element-40cff3d elementor-section-boxed elementor-section-height-default elementor-section-height-default\" data-id=\"40cff3d\" data-element_type=\"section\">\n\t\t\t\t\t\t<div class=\"elementor-container elementor-column-gap-default\">\n\t\t\t\t\t<div class=\"elementor-column elementor-col-100 elementor-top-column elementor-element elementor-element-b53dabf\" data-id=\"b53dabf\" data-element_type=\"column\">\n\t\t\t<div class=\"elementor-widget-wrap elementor-element-populated\">\n\t\t\t\t\t\t<div class=\"elementor-element elementor-element-9de9894 elementor-widget elementor-widget-gallery\" data-id=\"9de9894\" data-element_type=\"widget\" data-settings=\"{&quot;lazyload&quot;:&quot;yes&quot;,&quot;gallery_layout&quot;:&quot;grid&quot;,&quot;columns&quot;:4,&quot;columns_tablet&quot;:2,&quot;columns_mobile&quot;:1,&quot;gap&quot;:{&quot;unit&quot;:&quot;px&quot;,&quot;size&quot;:10,&quot;sizes&quot;:[]},&quot;gap_tablet&quot;:{&quot;unit&quot;:&quot;px&quot;,&quot;size&quot;:10,&quot;sizes&quot;:[]},&quot;gap_mobile&quot;:{&quot;unit&quot;:&quot;px&quot;,&quot;size&quot;:10,&quot;sizes&quot;:[]},&quot;link_to&quot;:&quot;file&quot;,&quot;aspect_ratio&quot;:&quot;3:2&quot;,&quot;overlay_background&quot;:&quot;yes&quot;,&quot;content_hover_animation&quot;:&quot;fade-in&quot;}\" data-widget_type=\"gallery.default\">\n\t\t\t\t<div class=\"elementor-widget-container\">\n\t\t\t\t\t\t\t<div class=\"elementor-gallery__container\">\n\t\t\t\t\t\t\t<a class=\"e-gallery-item elementor-gallery-item elementor-animated-content\" href=\"https:\/\/slolux.eu\/wp-content\/uploads\/2024\/12\/462633619_1051707173667931_2270397299180600649_n.jpg\" data-elementor-open-lightbox=\"yes\" data-elementor-lightbox-slideshow=\"9de9894\" data-e-action-hash=\"#elementor-action%3Aaction%3Dlightbox%26settings%3DeyJpZCI6NjU1NywidXJsIjoiaHR0cHM6XC9cL3Nsb2x1eC5ldVwvd3AtY29udGVudFwvdXBsb2Fkc1wvMjAyNFwvMTJcLzQ2MjYzMzYxOV8xMDUxNzA3MTczNjY3OTMxXzIyNzAzOTcyOTkxODA2MDA2NDlfbi5qcGciLCJzbGlkZXNob3ciOiI5ZGU5ODk0In0%3D\">\n\t\t\t\t\t<div class=\"e-gallery-image elementor-gallery-item__image\" data-thumbnail=\"https:\/\/slolux.eu\/wp-content\/uploads\/2024\/12\/462633619_1051707173667931_2270397299180600649_n-300x200.jpg\" data-width=\"300\" data-height=\"200\" aria-label=\"\" role=\"img\" ><\/div>\n\t\t\t\t\t\t\t\t\t\t\t<div class=\"elementor-gallery-item__overlay\"><\/div>\n\t\t\t\t\t\t\t\t\t\t\t\t\t\t<\/a>\n\t\t\t\t\t\t\t<a class=\"e-gallery-item elementor-gallery-item elementor-animated-content\" href=\"https:\/\/slolux.eu\/wp-content\/uploads\/2024\/12\/462485612_1051707177001264_31072518933016268_n.jpg\" data-elementor-open-lightbox=\"yes\" data-elementor-lightbox-slideshow=\"9de9894\" data-e-action-hash=\"#elementor-action%3Aaction%3Dlightbox%26settings%3DeyJpZCI6NjU1NSwidXJsIjoiaHR0cHM6XC9cL3Nsb2x1eC5ldVwvd3AtY29udGVudFwvdXBsb2Fkc1wvMjAyNFwvMTJcLzQ2MjQ4NTYxMl8xMDUxNzA3MTc3MDAxMjY0XzMxMDcyNTE4OTMzMDE2MjY4X24uanBnIiwic2xpZGVzaG93IjoiOWRlOTg5NCJ9\">\n\t\t\t\t\t<div class=\"e-gallery-image elementor-gallery-item__image\" data-thumbnail=\"https:\/\/slolux.eu\/wp-content\/uploads\/2024\/12\/462485612_1051707177001264_31072518933016268_n-300x225.jpg\" data-width=\"300\" data-height=\"225\" aria-label=\"\" role=\"img\" ><\/div>\n\t\t\t\t\t\t\t\t\t\t\t<div class=\"elementor-gallery-item__overlay\"><\/div>\n\t\t\t\t\t\t\t\t\t\t\t\t\t\t<\/a>\n\t\t\t\t\t\t\t<a class=\"e-gallery-item elementor-gallery-item elementor-animated-content\" href=\"https:\/\/slolux.eu\/wp-content\/uploads\/2024\/12\/462713897_1051707170334598_278653515891440671_n.jpg\" data-elementor-open-lightbox=\"yes\" data-elementor-lightbox-slideshow=\"9de9894\" data-e-action-hash=\"#elementor-action%3Aaction%3Dlightbox%26settings%3DeyJpZCI6NjU1NCwidXJsIjoiaHR0cHM6XC9cL3Nsb2x1eC5ldVwvd3AtY29udGVudFwvdXBsb2Fkc1wvMjAyNFwvMTJcLzQ2MjcxMzg5N18xMDUxNzA3MTcwMzM0NTk4XzI3ODY1MzUxNTg5MTQ0MDY3MV9uLmpwZyIsInNsaWRlc2hvdyI6IjlkZTk4OTQifQ%3D%3D\">\n\t\t\t\t\t<div class=\"e-gallery-image elementor-gallery-item__image\" data-thumbnail=\"https:\/\/slolux.eu\/wp-content\/uploads\/2024\/12\/462713897_1051707170334598_278653515891440671_n-300x225.jpg\" data-width=\"300\" data-height=\"225\" aria-label=\"\" role=\"img\" ><\/div>\n\t\t\t\t\t\t\t\t\t\t\t<div class=\"elementor-gallery-item__overlay\"><\/div>\n\t\t\t\t\t\t\t\t\t\t\t\t\t\t<\/a>\n\t\t\t\t\t\t\t<a class=\"e-gallery-item elementor-gallery-item elementor-animated-content\" href=\"https:\/\/slolux.eu\/wp-content\/uploads\/2024\/12\/462699780_1051707283667920_2693127977538175732_n.jpg\" data-elementor-open-lightbox=\"yes\" data-elementor-lightbox-slideshow=\"9de9894\" data-e-action-hash=\"#elementor-action%3Aaction%3Dlightbox%26settings%3DeyJpZCI6NjU1MywidXJsIjoiaHR0cHM6XC9cL3Nsb2x1eC5ldVwvd3AtY29udGVudFwvdXBsb2Fkc1wvMjAyNFwvMTJcLzQ2MjY5OTc4MF8xMDUxNzA3MjgzNjY3OTIwXzI2OTMxMjc5Nzc1MzgxNzU3MzJfbi5qcGciLCJzbGlkZXNob3ciOiI5ZGU5ODk0In0%3D\">\n\t\t\t\t\t<div class=\"e-gallery-image elementor-gallery-item__image\" data-thumbnail=\"https:\/\/slolux.eu\/wp-content\/uploads\/2024\/12\/462699780_1051707283667920_2693127977538175732_n-300x200.jpg\" data-width=\"300\" data-height=\"200\" aria-label=\"\" role=\"img\" ><\/div>\n\t\t\t\t\t\t\t\t\t\t\t<div class=\"elementor-gallery-item__overlay\"><\/div>\n\t\t\t\t\t\t\t\t\t\t\t\t\t\t<\/a>\n\t\t\t\t\t\t\t<a class=\"e-gallery-item elementor-gallery-item elementor-animated-content\" href=\"https:\/\/slolux.eu\/wp-content\/uploads\/2024\/12\/462370197_1051707303667918_953301111145633422_n.jpg\" data-elementor-open-lightbox=\"yes\" data-elementor-lightbox-slideshow=\"9de9894\" data-e-action-hash=\"#elementor-action%3Aaction%3Dlightbox%26settings%3DeyJpZCI6NjU2MCwidXJsIjoiaHR0cHM6XC9cL3Nsb2x1eC5ldVwvd3AtY29udGVudFwvdXBsb2Fkc1wvMjAyNFwvMTJcLzQ2MjM3MDE5N18xMDUxNzA3MzAzNjY3OTE4Xzk1MzMwMTExMTE0NTYzMzQyMl9uLmpwZyIsInNsaWRlc2hvdyI6IjlkZTk4OTQifQ%3D%3D\">\n\t\t\t\t\t<div class=\"e-gallery-image elementor-gallery-item__image\" data-thumbnail=\"https:\/\/slolux.eu\/wp-content\/uploads\/2024\/12\/462370197_1051707303667918_953301111145633422_n-300x200.jpg\" data-width=\"300\" data-height=\"200\" aria-label=\"\" role=\"img\" ><\/div>\n\t\t\t\t\t\t\t\t\t\t\t<div class=\"elementor-gallery-item__overlay\"><\/div>\n\t\t\t\t\t\t\t\t\t\t\t\t\t\t<\/a>\n\t\t\t\t\t\t\t<a class=\"e-gallery-item elementor-gallery-item elementor-animated-content\" href=\"https:\/\/slolux.eu\/wp-content\/uploads\/2024\/12\/462456360_1051707410334574_2348653342565797767_n.jpg\" data-elementor-open-lightbox=\"yes\" data-elementor-lightbox-slideshow=\"9de9894\" data-e-action-hash=\"#elementor-action%3Aaction%3Dlightbox%26settings%3DeyJpZCI6NjU1OCwidXJsIjoiaHR0cHM6XC9cL3Nsb2x1eC5ldVwvd3AtY29udGVudFwvdXBsb2Fkc1wvMjAyNFwvMTJcLzQ2MjQ1NjM2MF8xMDUxNzA3NDEwMzM0NTc0XzIzNDg2NTMzNDI1NjU3OTc3Njdfbi5qcGciLCJzbGlkZXNob3ciOiI5ZGU5ODk0In0%3D\">\n\t\t\t\t\t<div class=\"e-gallery-image elementor-gallery-item__image\" data-thumbnail=\"https:\/\/slolux.eu\/wp-content\/uploads\/2024\/12\/462456360_1051707410334574_2348653342565797767_n-300x225.jpg\" data-width=\"300\" data-height=\"225\" aria-label=\"\" role=\"img\" ><\/div>\n\t\t\t\t\t\t\t\t\t\t\t<div class=\"elementor-gallery-item__overlay\"><\/div>\n\t\t\t\t\t\t\t\t\t\t\t\t\t\t<\/a>\n\t\t\t\t\t\t\t<a class=\"e-gallery-item elementor-gallery-item elementor-animated-content\" href=\"https:\/\/slolux.eu\/wp-content\/uploads\/2024\/12\/462485615_1051707300334585_6277307841637115525_n.jpg\" data-elementor-open-lightbox=\"yes\" data-elementor-lightbox-slideshow=\"9de9894\" data-e-action-hash=\"#elementor-action%3Aaction%3Dlightbox%26settings%3DeyJpZCI6NjU1OSwidXJsIjoiaHR0cHM6XC9cL3Nsb2x1eC5ldVwvd3AtY29udGVudFwvdXBsb2Fkc1wvMjAyNFwvMTJcLzQ2MjQ4NTYxNV8xMDUxNzA3MzAwMzM0NTg1XzYyNzczMDc4NDE2MzcxMTU1MjVfbi5qcGciLCJzbGlkZXNob3ciOiI5ZGU5ODk0In0%3D\">\n\t\t\t\t\t<div class=\"e-gallery-image elementor-gallery-item__image\" data-thumbnail=\"https:\/\/slolux.eu\/wp-content\/uploads\/2024\/12\/462485615_1051707300334585_6277307841637115525_n-300x200.jpg\" data-width=\"300\" data-height=\"200\" aria-label=\"\" role=\"img\" ><\/div>\n\t\t\t\t\t\t\t\t\t\t\t<div class=\"elementor-gallery-item__overlay\"><\/div>\n\t\t\t\t\t\t\t\t\t\t\t\t\t\t<\/a>\n\t\t\t\t\t\t\t<a class=\"e-gallery-item elementor-gallery-item elementor-animated-content\" href=\"https:\/\/slolux.eu\/wp-content\/uploads\/2024\/12\/462430089_1051707180334597_2399025164332764947_n.jpg\" data-elementor-open-lightbox=\"yes\" data-elementor-lightbox-slideshow=\"9de9894\" data-e-action-hash=\"#elementor-action%3Aaction%3Dlightbox%26settings%3DeyJpZCI6NjU1NiwidXJsIjoiaHR0cHM6XC9cL3Nsb2x1eC5ldVwvd3AtY29udGVudFwvdXBsb2Fkc1wvMjAyNFwvMTJcLzQ2MjQzMDA4OV8xMDUxNzA3MTgwMzM0NTk3XzIzOTkwMjUxNjQzMzI3NjQ5NDdfbi5qcGciLCJzbGlkZXNob3ciOiI5ZGU5ODk0In0%3D\">\n\t\t\t\t\t<div class=\"e-gallery-image elementor-gallery-item__image\" data-thumbnail=\"https:\/\/slolux.eu\/wp-content\/uploads\/2024\/12\/462430089_1051707180334597_2399025164332764947_n-300x225.jpg\" data-width=\"300\" data-height=\"225\" aria-label=\"\" role=\"img\" ><\/div>\n\t\t\t\t\t\t\t\t\t\t\t<div class=\"elementor-gallery-item__overlay\"><\/div>\n\t\t\t\t\t\t\t\t\t\t\t\t\t\t<\/a>\n\t\t\t\t\t<\/div>\n\t\t\t\t\t<\/div>\n\t\t\t\t<\/div>\n\t\t\t\t\t<\/div>\n\t\t<\/div>\n\t\t\t\t\t<\/div>\n\t\t<\/section>\n\t\t\t\t<\/div>","protected":false},"excerpt":{"rendered":"<p>Le ministre Matej Ar\u010don au Festival CinEast \u00e0 Luxembourg : soir\u00e9e slov\u00e8ne marqu\u00e9e par la culture, l&#039;int\u00e9gration et le film Cent&#039;anni r\u00e9alis\u00e9 par Maja Doroteja Prelog. \ud83c\udfa5<\/p>","protected":false},"author":1,"featured_media":6555,"comment_status":"open","ping_status":"closed","sticky":false,"template":"","format":"standard","meta":{"site-sidebar-layout":"default","site-content-layout":"","ast-site-content-layout":"","site-content-style":"default","site-sidebar-style":"default","ast-global-header-display":"","ast-banner-title-visibility":"","ast-main-header-display":"","ast-hfb-above-header-display":"","ast-hfb-below-header-display":"","ast-hfb-mobile-header-display":"","site-post-title":"","ast-breadcrumbs-content":"","ast-featured-img":"","footer-sml-layout":"","theme-transparent-header-meta":"","adv-header-id-meta":"","stick-header-meta":"","header-above-stick-meta":"","header-main-stick-meta":"","header-below-stick-meta":"","astra-migrate-meta-layouts":"default","ast-page-background-enabled":"default","ast-page-background-meta":{"desktop":{"background-color":"var(--ast-global-color-4)","background-image":"","background-repeat":"repeat","background-position":"center center","background-size":"auto","background-attachment":"scroll","background-type":"","background-media":"","overlay-type":"","overlay-color":"","overlay-opacity":"","overlay-gradient":""},"tablet":{"background-color":"","background-image":"","background-repeat":"repeat","background-position":"center center","background-size":"auto","background-attachment":"scroll","background-type":"","background-media":"","overlay-type":"","overlay-color":"","overlay-opacity":"","overlay-gradient":""},"mobile":{"background-color":"","background-image":"","background-repeat":"repeat","background-position":"center center","background-size":"auto","background-attachment":"scroll","background-type":"","background-media":"","overlay-type":"","overlay-color":"","overlay-opacity":"","overlay-gradient":""}},"ast-content-background-meta":{"desktop":{"background-color":"var(--ast-global-color-5)","background-image":"","background-repeat":"repeat","background-position":"center center","background-size":"auto","background-attachment":"scroll","background-type":"","background-media":"","overlay-type":"","overlay-color":"","overlay-opacity":"","overlay-gradient":""},"tablet":{"background-color":"var(--ast-global-color-5)","background-image":"","background-repeat":"repeat","background-position":"center center","background-size":"auto","background-attachment":"scroll","background-type":"","background-media":"","overlay-type":"","overlay-color":"","overlay-opacity":"","overlay-gradient":""},"mobile":{"background-color":"var(--ast-global-color-5)","background-image":"","background-repeat":"repeat","background-position":"center center","background-size":"auto","background-attachment":"scroll","background-type":"","background-media":"","overlay-type":"","overlay-color":"","overlay-opacity":"","overlay-gradient":""}},"footnotes":""},"categories":[18,49,48,22,30,53,47,37],"tags":[9,317,323],"class_list":["post-6550","post","type-post","status-publish","format-standard","has-post-thumbnail","hentry","category-druzabno-srecanje","category-druzbeno-udejstvovanje","category-gostovanja-iz-slovenije","category-kino","category-news","category-objave-obiskovalcev","category-sodelovanja","category-po-dogodku","tag-druzenje","tag-film","tag-veleposlanistvo"],"yoast_head":"<!-- This site is optimized with the Yoast SEO plugin v24.5 - https:\/\/yoast.com\/wordpress\/plugins\/seo\/ -->\n<title>Slovenski ve\u010der na festivalu Cineast - Slolux<\/title>\n<meta name=\"robots\" content=\"index, follow, max-snippet:-1, max-image-preview:large, max-video-preview:-1\" \/>\n<link rel=\"canonical\" href=\"https:\/\/slolux.eu\/fr\/slovenski-vecer-na-festivalu-cineast\/\" \/>\n<meta property=\"og:locale\" content=\"fr_FR\" \/>\n<meta property=\"og:type\" content=\"article\" \/>\n<meta property=\"og:title\" content=\"Slovenski ve\u010der na festivalu Cineast - Slolux\" \/>\n<meta property=\"og:description\" content=\"Minister Matej Ar\u010don na CinEast Festivalu v Luksemburgu: Slovenski ve\u010der v znamenju kulture, povezovanja in filma Cent&#039;anni re\u017eiserke Maje Doroteje Prelog. \ud83c\udfa5\" \/>\n<meta property=\"og:url\" content=\"https:\/\/slolux.eu\/fr\/slovenski-vecer-na-festivalu-cineast\/\" \/>\n<meta property=\"og:site_name\" content=\"Slolux\" \/>\n<meta property=\"article:published_time\" content=\"2024-10-11T09:26:37+00:00\" \/>\n<meta property=\"article:modified_time\" content=\"2024-12-03T10:31:39+00:00\" \/>\n<meta property=\"og:image\" content=\"https:\/\/slolux.eu\/wp-content\/uploads\/2024\/12\/462485612_1051707177001264_31072518933016268_n.jpg\" \/>\n\t<meta property=\"og:image:width\" content=\"640\" \/>\n\t<meta property=\"og:image:height\" content=\"480\" \/>\n\t<meta property=\"og:image:type\" content=\"image\/jpeg\" \/>\n<meta name=\"author\" content=\"emilk\" \/>\n<meta name=\"twitter:card\" content=\"summary_large_image\" \/>\n<meta name=\"twitter:label1\" content=\"\u00c9crit par\" \/>\n\t<meta name=\"twitter:data1\" content=\"emilk\" \/>\n\t<meta name=\"twitter:label2\" content=\"Dur\u00e9e de lecture estim\u00e9e\" \/>\n\t<meta name=\"twitter:data2\" content=\"1 minute\" \/>\n<script type=\"application\/ld+json\" class=\"yoast-schema-graph\">{\"@context\":\"https:\/\/schema.org\",\"@graph\":[{\"@type\":\"Article\",\"@id\":\"https:\/\/slolux.eu\/slovenski-vecer-na-festivalu-cineast\/#article\",\"isPartOf\":{\"@id\":\"https:\/\/slolux.eu\/slovenski-vecer-na-festivalu-cineast\/\"},\"author\":{\"name\":\"emilk\",\"@id\":\"https:\/\/slolux.eu\/#\/schema\/person\/89c0bc490751fd8c820af6ec2049496a\"},\"headline\":\"Slovenski ve\u010der na festivalu Cineast\",\"datePublished\":\"2024-10-11T09:26:37+00:00\",\"dateModified\":\"2024-12-03T10:31:39+00:00\",\"mainEntityOfPage\":{\"@id\":\"https:\/\/slolux.eu\/slovenski-vecer-na-festivalu-cineast\/\"},\"wordCount\":119,\"commentCount\":0,\"publisher\":{\"@id\":\"https:\/\/slolux.eu\/#organization\"},\"image\":{\"@id\":\"https:\/\/slolux.eu\/slovenski-vecer-na-festivalu-cineast\/#primaryimage\"},\"thumbnailUrl\":\"https:\/\/slolux.eu\/wp-content\/uploads\/2024\/12\/462485612_1051707177001264_31072518933016268_n.jpg\",\"keywords\":[\"dru\u017eenje\",\"film\",\"veleposlani\u0161tvo\"],\"articleSection\":[\"Dru\u017eabno sre\u010danje\",\"Dru\u017ebeno udejstvovanje\",\"Gostovanja iz Slovenije\",\"Kino\",\"Novice\",\"Objave obiskovalcev\",\"Sodelovanja\",\"Utrinki preteklih dogodkov\"],\"inLanguage\":\"fr-FR\",\"potentialAction\":[{\"@type\":\"CommentAction\",\"name\":\"Comment\",\"target\":[\"https:\/\/slolux.eu\/slovenski-vecer-na-festivalu-cineast\/#respond\"]}]},{\"@type\":\"WebPage\",\"@id\":\"https:\/\/slolux.eu\/slovenski-vecer-na-festivalu-cineast\/\",\"url\":\"https:\/\/slolux.eu\/slovenski-vecer-na-festivalu-cineast\/\",\"name\":\"Slovenski ve\u010der na festivalu Cineast - Slolux\",\"isPartOf\":{\"@id\":\"https:\/\/slolux.eu\/#website\"},\"primaryImageOfPage\":{\"@id\":\"https:\/\/slolux.eu\/slovenski-vecer-na-festivalu-cineast\/#primaryimage\"},\"image\":{\"@id\":\"https:\/\/slolux.eu\/slovenski-vecer-na-festivalu-cineast\/#primaryimage\"},\"thumbnailUrl\":\"https:\/\/slolux.eu\/wp-content\/uploads\/2024\/12\/462485612_1051707177001264_31072518933016268_n.jpg\",\"datePublished\":\"2024-10-11T09:26:37+00:00\",\"dateModified\":\"2024-12-03T10:31:39+00:00\",\"breadcrumb\":{\"@id\":\"https:\/\/slolux.eu\/slovenski-vecer-na-festivalu-cineast\/#breadcrumb\"},\"inLanguage\":\"fr-FR\",\"potentialAction\":[{\"@type\":\"ReadAction\",\"target\":[\"https:\/\/slolux.eu\/slovenski-vecer-na-festivalu-cineast\/\"]}]},{\"@type\":\"ImageObject\",\"inLanguage\":\"fr-FR\",\"@id\":\"https:\/\/slolux.eu\/slovenski-vecer-na-festivalu-cineast\/#primaryimage\",\"url\":\"https:\/\/slolux.eu\/wp-content\/uploads\/2024\/12\/462485612_1051707177001264_31072518933016268_n.jpg\",\"contentUrl\":\"https:\/\/slolux.eu\/wp-content\/uploads\/2024\/12\/462485612_1051707177001264_31072518933016268_n.jpg\",\"width\":640,\"height\":480},{\"@type\":\"BreadcrumbList\",\"@id\":\"https:\/\/slolux.eu\/slovenski-vecer-na-festivalu-cineast\/#breadcrumb\",\"itemListElement\":[{\"@type\":\"ListItem\",\"position\":1,\"name\":\"Home\",\"item\":\"https:\/\/slolux.eu\/\"},{\"@type\":\"ListItem\",\"position\":2,\"name\":\"Slovenski ve\u010der na festivalu Cineast\"}]},{\"@type\":\"WebSite\",\"@id\":\"https:\/\/slolux.eu\/#website\",\"url\":\"https:\/\/slolux.eu\/\",\"name\":\"Slovensko dru\u0161tvo v Luksemburgu\",\"description\":\"Slovensko dru\u0161tvo v Luksemburgu\",\"publisher\":{\"@id\":\"https:\/\/slolux.eu\/#organization\"},\"potentialAction\":[{\"@type\":\"SearchAction\",\"target\":{\"@type\":\"EntryPoint\",\"urlTemplate\":\"https:\/\/slolux.eu\/?s={search_term_string}\"},\"query-input\":{\"@type\":\"PropertyValueSpecification\",\"valueRequired\":true,\"valueName\":\"search_term_string\"}}],\"inLanguage\":\"fr-FR\"},{\"@type\":\"Organization\",\"@id\":\"https:\/\/slolux.eu\/#organization\",\"name\":\"Slovensko dru\u0161tvo v Luksemburgu\",\"url\":\"https:\/\/slolux.eu\/\",\"logo\":{\"@type\":\"ImageObject\",\"inLanguage\":\"fr-FR\",\"@id\":\"https:\/\/slolux.eu\/#\/schema\/logo\/image\/\",\"url\":\"https:\/\/slolux.eu\/wp-content\/uploads\/2023\/12\/barvnofinal.png\",\"contentUrl\":\"https:\/\/slolux.eu\/wp-content\/uploads\/2023\/12\/barvnofinal.png\",\"width\":2550,\"height\":938,\"caption\":\"Slovensko dru\u0161tvo v Luksemburgu\"},\"image\":{\"@id\":\"https:\/\/slolux.eu\/#\/schema\/logo\/image\/\"}},{\"@type\":\"Person\",\"@id\":\"https:\/\/slolux.eu\/#\/schema\/person\/89c0bc490751fd8c820af6ec2049496a\",\"name\":\"emilk\",\"image\":{\"@type\":\"ImageObject\",\"inLanguage\":\"fr-FR\",\"@id\":\"https:\/\/slolux.eu\/#\/schema\/person\/image\/\",\"url\":\"https:\/\/secure.gravatar.com\/avatar\/f0322d080f9bbb04c78300901a3f936bfd50777a1f9af51976123e266fbe5856?s=96&d=monsterid&r=g\",\"contentUrl\":\"https:\/\/secure.gravatar.com\/avatar\/f0322d080f9bbb04c78300901a3f936bfd50777a1f9af51976123e266fbe5856?s=96&d=monsterid&r=g\",\"caption\":\"emilk\"},\"url\":\"https:\/\/slolux.eu\/fr\/author\/emilk\/\"}]}<\/script>\n<!-- \/ Yoast SEO plugin. -->","yoast_head_json":{"title":"Slovenski ve\u010der na festivalu Cineast - Slolux","robots":{"index":"index","follow":"follow","max-snippet":"max-snippet:-1","max-image-preview":"max-image-preview:large","max-video-preview":"max-video-preview:-1"},"canonical":"https:\/\/slolux.eu\/fr\/slovenski-vecer-na-festivalu-cineast\/","og_locale":"fr_FR","og_type":"article","og_title":"Slovenski ve\u010der na festivalu Cineast - Slolux","og_description":"Minister Matej Ar\u010don na CinEast Festivalu v Luksemburgu: Slovenski ve\u010der v znamenju kulture, povezovanja in filma Cent'anni re\u017eiserke Maje Doroteje Prelog. \ud83c\udfa5","og_url":"https:\/\/slolux.eu\/fr\/slovenski-vecer-na-festivalu-cineast\/","og_site_name":"Slolux","article_published_time":"2024-10-11T09:26:37+00:00","article_modified_time":"2024-12-03T10:31:39+00:00","og_image":[{"width":640,"height":480,"url":"https:\/\/slolux.eu\/wp-content\/uploads\/2024\/12\/462485612_1051707177001264_31072518933016268_n.jpg","type":"image\/jpeg"}],"author":"emilk","twitter_card":"summary_large_image","twitter_misc":{"\u00c9crit par":"emilk","Dur\u00e9e de lecture estim\u00e9e":"1 minute"},"schema":{"@context":"https:\/\/schema.org","@graph":[{"@type":"Article","@id":"https:\/\/slolux.eu\/slovenski-vecer-na-festivalu-cineast\/#article","isPartOf":{"@id":"https:\/\/slolux.eu\/slovenski-vecer-na-festivalu-cineast\/"},"author":{"name":"emilk","@id":"https:\/\/slolux.eu\/#\/schema\/person\/89c0bc490751fd8c820af6ec2049496a"},"headline":"Slovenski ve\u010der na festivalu Cineast","datePublished":"2024-10-11T09:26:37+00:00","dateModified":"2024-12-03T10:31:39+00:00","mainEntityOfPage":{"@id":"https:\/\/slolux.eu\/slovenski-vecer-na-festivalu-cineast\/"},"wordCount":119,"commentCount":0,"publisher":{"@id":"https:\/\/slolux.eu\/#organization"},"image":{"@id":"https:\/\/slolux.eu\/slovenski-vecer-na-festivalu-cineast\/#primaryimage"},"thumbnailUrl":"https:\/\/slolux.eu\/wp-content\/uploads\/2024\/12\/462485612_1051707177001264_31072518933016268_n.jpg","keywords":["dru\u017eenje","film","veleposlani\u0161tvo"],"articleSection":["Dru\u017eabno sre\u010danje","Dru\u017ebeno udejstvovanje","Gostovanja iz Slovenije","Kino","Novice","Objave obiskovalcev","Sodelovanja","Utrinki preteklih dogodkov"],"inLanguage":"fr-FR","potentialAction":[{"@type":"CommentAction","name":"Comment","target":["https:\/\/slolux.eu\/slovenski-vecer-na-festivalu-cineast\/#respond"]}]},{"@type":"WebPage","@id":"https:\/\/slolux.eu\/slovenski-vecer-na-festivalu-cineast\/","url":"https:\/\/slolux.eu\/slovenski-vecer-na-festivalu-cineast\/","name":"Slovenski ve\u010der na festivalu Cineast - Slolux","isPartOf":{"@id":"https:\/\/slolux.eu\/#website"},"primaryImageOfPage":{"@id":"https:\/\/slolux.eu\/slovenski-vecer-na-festivalu-cineast\/#primaryimage"},"image":{"@id":"https:\/\/slolux.eu\/slovenski-vecer-na-festivalu-cineast\/#primaryimage"},"thumbnailUrl":"https:\/\/slolux.eu\/wp-content\/uploads\/2024\/12\/462485612_1051707177001264_31072518933016268_n.jpg","datePublished":"2024-10-11T09:26:37+00:00","dateModified":"2024-12-03T10:31:39+00:00","breadcrumb":{"@id":"https:\/\/slolux.eu\/slovenski-vecer-na-festivalu-cineast\/#breadcrumb"},"inLanguage":"fr-FR","potentialAction":[{"@type":"ReadAction","target":["https:\/\/slolux.eu\/slovenski-vecer-na-festivalu-cineast\/"]}]},{"@type":"ImageObject","inLanguage":"fr-FR","@id":"https:\/\/slolux.eu\/slovenski-vecer-na-festivalu-cineast\/#primaryimage","url":"https:\/\/slolux.eu\/wp-content\/uploads\/2024\/12\/462485612_1051707177001264_31072518933016268_n.jpg","contentUrl":"https:\/\/slolux.eu\/wp-content\/uploads\/2024\/12\/462485612_1051707177001264_31072518933016268_n.jpg","width":640,"height":480},{"@type":"BreadcrumbList","@id":"https:\/\/slolux.eu\/slovenski-vecer-na-festivalu-cineast\/#breadcrumb","itemListElement":[{"@type":"ListItem","position":1,"name":"Home","item":"https:\/\/slolux.eu\/"},{"@type":"ListItem","position":2,"name":"Slovenski ve\u010der na festivalu Cineast"}]},{"@type":"WebSite","@id":"https:\/\/slolux.eu\/#website","url":"https:\/\/slolux.eu\/","name":"Slovensko dru\u0161tvo v Luksemburgu","description":"Slovensko dru\u0161tvo v Luksemburgu","publisher":{"@id":"https:\/\/slolux.eu\/#organization"},"potentialAction":[{"@type":"SearchAction","target":{"@type":"EntryPoint","urlTemplate":"https:\/\/slolux.eu\/?s={search_term_string}"},"query-input":{"@type":"PropertyValueSpecification","valueRequired":true,"valueName":"search_term_string"}}],"inLanguage":"fr-FR"},{"@type":"Organization","@id":"https:\/\/slolux.eu\/#organization","name":"Slovensko dru\u0161tvo v Luksemburgu","url":"https:\/\/slolux.eu\/","logo":{"@type":"ImageObject","inLanguage":"fr-FR","@id":"https:\/\/slolux.eu\/#\/schema\/logo\/image\/","url":"https:\/\/slolux.eu\/wp-content\/uploads\/2023\/12\/barvnofinal.png","contentUrl":"https:\/\/slolux.eu\/wp-content\/uploads\/2023\/12\/barvnofinal.png","width":2550,"height":938,"caption":"Slovensko dru\u0161tvo v Luksemburgu"},"image":{"@id":"https:\/\/slolux.eu\/#\/schema\/logo\/image\/"}},{"@type":"Person","@id":"https:\/\/slolux.eu\/#\/schema\/person\/89c0bc490751fd8c820af6ec2049496a","name":"emilk","image":{"@type":"ImageObject","inLanguage":"fr-FR","@id":"https:\/\/slolux.eu\/#\/schema\/person\/image\/","url":"https:\/\/secure.gravatar.com\/avatar\/f0322d080f9bbb04c78300901a3f936bfd50777a1f9af51976123e266fbe5856?s=96&d=monsterid&r=g","contentUrl":"https:\/\/secure.gravatar.com\/avatar\/f0322d080f9bbb04c78300901a3f936bfd50777a1f9af51976123e266fbe5856?s=96&d=monsterid&r=g","caption":"emilk"},"url":"https:\/\/slolux.eu\/fr\/author\/emilk\/"}]}},"_links":{"self":[{"href":"https:\/\/slolux.eu\/fr\/wp-json\/wp\/v2\/posts\/6550","targetHints":{"allow":["GET"]}}],"collection":[{"href":"https:\/\/slolux.eu\/fr\/wp-json\/wp\/v2\/posts"}],"about":[{"href":"https:\/\/slolux.eu\/fr\/wp-json\/wp\/v2\/types\/post"}],"author":[{"embeddable":true,"href":"https:\/\/slolux.eu\/fr\/wp-json\/wp\/v2\/users\/1"}],"replies":[{"embeddable":true,"href":"https:\/\/slolux.eu\/fr\/wp-json\/wp\/v2\/comments?post=6550"}],"version-history":[{"count":6,"href":"https:\/\/slolux.eu\/fr\/wp-json\/wp\/v2\/posts\/6550\/revisions"}],"predecessor-version":[{"id":6564,"href":"https:\/\/slolux.eu\/fr\/wp-json\/wp\/v2\/posts\/6550\/revisions\/6564"}],"wp:featuredmedia":[{"embeddable":true,"href":"https:\/\/slolux.eu\/fr\/wp-json\/wp\/v2\/media\/6555"}],"wp:attachment":[{"href":"https:\/\/slolux.eu\/fr\/wp-json\/wp\/v2\/media?parent=6550"}],"wp:term":[{"taxonomy":"category","embeddable":true,"href":"https:\/\/slolux.eu\/fr\/wp-json\/wp\/v2\/categories?post=6550"},{"taxonomy":"post_tag","embeddable":true,"href":"https:\/\/slolux.eu\/fr\/wp-json\/wp\/v2\/tags?post=6550"}],"curies":[{"name":"wp","href":"https:\/\/api.w.org\/{rel}","templated":true}]}}