{"id":6749,"date":"2025-03-10T21:34:29","date_gmt":"2025-03-10T20:34:29","guid":{"rendered":"https:\/\/slolux.eu\/?p=6749"},"modified":"2025-11-12T13:56:25","modified_gmt":"2025-11-12T12:56:25","slug":"nepozaben-slovenski-kulturni-vecer-z-zoranom-predinom-v-luksemburgu","status":"publish","type":"post","link":"https:\/\/slolux.eu\/fr\/nepozaben-slovenski-kulturni-vecer-z-zoranom-predinom-v-luksemburgu\/","title":{"rendered":"Une soir\u00e9e culturelle slov\u00e8ne inoubliable avec Zoran Predin au Luxembourg !"},"content":{"rendered":"<div data-elementor-type=\"wp-post\" data-elementor-id=\"6749\" class=\"elementor elementor-6749\" data-elementor-post-type=\"post\">\n\t\t\t\t\t\t<section class=\"elementor-section elementor-top-section elementor-element elementor-element-22341ce elementor-section-boxed elementor-section-height-default elementor-section-height-default\" data-id=\"22341ce\" data-element_type=\"section\">\n\t\t\t\t\t\t<div class=\"elementor-container elementor-column-gap-default\">\n\t\t\t\t\t<div class=\"elementor-column elementor-col-100 elementor-top-column elementor-element elementor-element-a251702\" data-id=\"a251702\" data-element_type=\"column\">\n\t\t\t<div class=\"elementor-widget-wrap elementor-element-populated\">\n\t\t\t\t\t\t<div class=\"elementor-element elementor-element-28811c6 elementor-widget elementor-widget-text-editor\" data-id=\"28811c6\" data-element_type=\"widget\" data-widget_type=\"text-editor.default\">\n\t\t\t\t<div class=\"elementor-widget-container\">\n\t\t\t\t\t\t\t\t\t<p>Le vendredi 7 mars, nous avons organis\u00e9 une soir\u00e9e culturelle slov\u00e8ne exceptionnelle au Kinepolis Kirchberg, qui combinait cin\u00e9ma, musique et charit\u00e9.<\/p>\n<p>La soir\u00e9e a d\u00e9but\u00e9 par une br\u00e8ve allocution de l\u2019ambassadrice Barbara Su\u0161nik et une projection du film documentaire PRASLOVAN, r\u00e9alis\u00e9 par Slobodan Maksimovi\u0107, suivie d\u2019une discussion sur le film.<\/p>\n<p>Autour d&#039;un vin slov\u00e8ne, nous avons continu\u00e9 avec un concert du l\u00e9gendaire Zoran Predin, qui a impressionn\u00e9 le public par son \u00e9nergie et son charisme !<\/p>\n<p>L&#039;\u00e9v\u00e9nement s&#039;est d\u00e9roul\u00e9 sous les auspices du Bureau du gouvernement de la R\u00e9publique de Slov\u00e9nie pour les Slov\u00e8nes \u00e0 l&#039;\u00e9tranger et dans le monde entier et de l&#039;Ambassade de la R\u00e9publique de Slov\u00e9nie au Luxembourg, et a \u00e9t\u00e9 organis\u00e9 par Marina Seli\u0161kar.<\/p><p><span style=\"font-style: inherit; font-weight: inherit; color: var( --e-global-color-text ); font-family: var( --e-global-typography-text-font-family ), Sans-serif; background-color: var( --e-global-color-955fbbc );\">Merci \u00e0 tous ceux qui ont particip\u00e9 \u00e0 cette merveilleuse histoire ! Rendez-vous au prochain \u00e9v\u00e9nement !<\/span><\/p>\t\t\t\t\t\t\t\t<\/div>\n\t\t\t\t<\/div>\n\t\t\t\t\t<\/div>\n\t\t<\/div>\n\t\t\t\t\t<\/div>\n\t\t<\/section>\n\t\t\t\t<section class=\"elementor-section elementor-top-section elementor-element elementor-element-ce48599 elementor-section-boxed elementor-section-height-default elementor-section-height-default\" data-id=\"ce48599\" data-element_type=\"section\">\n\t\t\t\t\t\t<div class=\"elementor-container elementor-column-gap-default\">\n\t\t\t\t\t<div class=\"elementor-column elementor-col-100 elementor-top-column elementor-element elementor-element-4234e10\" data-id=\"4234e10\" data-element_type=\"column\">\n\t\t\t<div class=\"elementor-widget-wrap elementor-element-populated\">\n\t\t\t\t\t\t<div class=\"elementor-element elementor-element-c90836a elementor-widget elementor-widget-gallery\" data-id=\"c90836a\" data-element_type=\"widget\" data-settings=\"{&quot;lazyload&quot;:&quot;yes&quot;,&quot;gallery_layout&quot;:&quot;grid&quot;,&quot;columns&quot;:4,&quot;columns_tablet&quot;:2,&quot;columns_mobile&quot;:1,&quot;gap&quot;:{&quot;unit&quot;:&quot;px&quot;,&quot;size&quot;:10,&quot;sizes&quot;:[]},&quot;gap_tablet&quot;:{&quot;unit&quot;:&quot;px&quot;,&quot;size&quot;:10,&quot;sizes&quot;:[]},&quot;gap_mobile&quot;:{&quot;unit&quot;:&quot;px&quot;,&quot;size&quot;:10,&quot;sizes&quot;:[]},&quot;link_to&quot;:&quot;file&quot;,&quot;aspect_ratio&quot;:&quot;3:2&quot;,&quot;overlay_background&quot;:&quot;yes&quot;,&quot;content_hover_animation&quot;:&quot;fade-in&quot;}\" data-widget_type=\"gallery.default\">\n\t\t\t\t<div class=\"elementor-widget-container\">\n\t\t\t\t\t\t\t<div class=\"elementor-gallery__container\">\n\t\t\t\t\t\t\t<a class=\"e-gallery-item elementor-gallery-item elementor-animated-content\" href=\"https:\/\/slolux.eu\/wp-content\/uploads\/2025\/03\/predin6.jpg\" data-elementor-open-lightbox=\"yes\" data-elementor-lightbox-slideshow=\"c90836a\" data-e-action-hash=\"#elementor-action%3Aaction%3Dlightbox%26settings%3DeyJpZCI6Njc1NiwidXJsIjoiaHR0cHM6XC9cL3Nsb2x1eC5ldVwvd3AtY29udGVudFwvdXBsb2Fkc1wvMjAyNVwvMDNcL3ByZWRpbjYuanBnIiwic2xpZGVzaG93IjoiYzkwODM2YSJ9\">\n\t\t\t\t\t<div class=\"e-gallery-image elementor-gallery-item__image\" data-thumbnail=\"https:\/\/slolux.eu\/wp-content\/uploads\/2025\/03\/predin6-225x300.jpg\" data-width=\"225\" data-height=\"300\" aria-label=\"\" role=\"img\" ><\/div>\n\t\t\t\t\t\t\t\t\t\t\t<div class=\"elementor-gallery-item__overlay\"><\/div>\n\t\t\t\t\t\t\t\t\t\t\t\t\t\t<\/a>\n\t\t\t\t\t\t\t<a class=\"e-gallery-item elementor-gallery-item elementor-animated-content\" href=\"https:\/\/slolux.eu\/wp-content\/uploads\/2025\/03\/predin1.jpg\" data-elementor-open-lightbox=\"yes\" data-elementor-lightbox-slideshow=\"c90836a\" data-e-action-hash=\"#elementor-action%3Aaction%3Dlightbox%26settings%3DeyJpZCI6Njc1MSwidXJsIjoiaHR0cHM6XC9cL3Nsb2x1eC5ldVwvd3AtY29udGVudFwvdXBsb2Fkc1wvMjAyNVwvMDNcL3ByZWRpbjEuanBnIiwic2xpZGVzaG93IjoiYzkwODM2YSJ9\">\n\t\t\t\t\t<div class=\"e-gallery-image elementor-gallery-item__image\" data-thumbnail=\"https:\/\/slolux.eu\/wp-content\/uploads\/2025\/03\/predin1-300x225.jpg\" data-width=\"300\" data-height=\"225\" aria-label=\"\" role=\"img\" ><\/div>\n\t\t\t\t\t\t\t\t\t\t\t<div class=\"elementor-gallery-item__overlay\"><\/div>\n\t\t\t\t\t\t\t\t\t\t\t\t\t\t<\/a>\n\t\t\t\t\t\t\t<a class=\"e-gallery-item elementor-gallery-item elementor-animated-content\" href=\"https:\/\/slolux.eu\/wp-content\/uploads\/2025\/03\/predin4.jpg\" data-elementor-open-lightbox=\"yes\" data-elementor-lightbox-slideshow=\"c90836a\" data-e-action-hash=\"#elementor-action%3Aaction%3Dlightbox%26settings%3DeyJpZCI6Njc1NCwidXJsIjoiaHR0cHM6XC9cL3Nsb2x1eC5ldVwvd3AtY29udGVudFwvdXBsb2Fkc1wvMjAyNVwvMDNcL3ByZWRpbjQuanBnIiwic2xpZGVzaG93IjoiYzkwODM2YSJ9\">\n\t\t\t\t\t<div class=\"e-gallery-image elementor-gallery-item__image\" data-thumbnail=\"https:\/\/slolux.eu\/wp-content\/uploads\/2025\/03\/predin4-300x225.jpg\" data-width=\"300\" data-height=\"225\" aria-label=\"\" role=\"img\" ><\/div>\n\t\t\t\t\t\t\t\t\t\t\t<div class=\"elementor-gallery-item__overlay\"><\/div>\n\t\t\t\t\t\t\t\t\t\t\t\t\t\t<\/a>\n\t\t\t\t\t\t\t<a class=\"e-gallery-item elementor-gallery-item elementor-animated-content\" href=\"https:\/\/slolux.eu\/wp-content\/uploads\/2025\/03\/predin3.jpg\" data-elementor-open-lightbox=\"yes\" data-elementor-lightbox-slideshow=\"c90836a\" data-e-action-hash=\"#elementor-action%3Aaction%3Dlightbox%26settings%3DeyJpZCI6Njc1MywidXJsIjoiaHR0cHM6XC9cL3Nsb2x1eC5ldVwvd3AtY29udGVudFwvdXBsb2Fkc1wvMjAyNVwvMDNcL3ByZWRpbjMuanBnIiwic2xpZGVzaG93IjoiYzkwODM2YSJ9\">\n\t\t\t\t\t<div class=\"e-gallery-image elementor-gallery-item__image\" data-thumbnail=\"https:\/\/slolux.eu\/wp-content\/uploads\/2025\/03\/predin3-300x225.jpg\" data-width=\"300\" data-height=\"225\" aria-label=\"\" role=\"img\" ><\/div>\n\t\t\t\t\t\t\t\t\t\t\t<div class=\"elementor-gallery-item__overlay\"><\/div>\n\t\t\t\t\t\t\t\t\t\t\t\t\t\t<\/a>\n\t\t\t\t\t\t\t<a class=\"e-gallery-item elementor-gallery-item elementor-animated-content\" href=\"https:\/\/slolux.eu\/wp-content\/uploads\/2025\/03\/predin2.jpg\" data-elementor-open-lightbox=\"yes\" data-elementor-lightbox-slideshow=\"c90836a\" data-e-action-hash=\"#elementor-action%3Aaction%3Dlightbox%26settings%3DeyJpZCI6Njc1MiwidXJsIjoiaHR0cHM6XC9cL3Nsb2x1eC5ldVwvd3AtY29udGVudFwvdXBsb2Fkc1wvMjAyNVwvMDNcL3ByZWRpbjIuanBnIiwic2xpZGVzaG93IjoiYzkwODM2YSJ9\">\n\t\t\t\t\t<div class=\"e-gallery-image elementor-gallery-item__image\" data-thumbnail=\"https:\/\/slolux.eu\/wp-content\/uploads\/2025\/03\/predin2-225x300.jpg\" data-width=\"225\" data-height=\"300\" aria-label=\"\" role=\"img\" ><\/div>\n\t\t\t\t\t\t\t\t\t\t\t<div class=\"elementor-gallery-item__overlay\"><\/div>\n\t\t\t\t\t\t\t\t\t\t\t\t\t\t<\/a>\n\t\t\t\t\t\t\t<a class=\"e-gallery-item elementor-gallery-item elementor-animated-content\" href=\"https:\/\/slolux.eu\/wp-content\/uploads\/2025\/03\/predin5.jpg\" data-elementor-open-lightbox=\"yes\" data-elementor-lightbox-slideshow=\"c90836a\" data-e-action-hash=\"#elementor-action%3Aaction%3Dlightbox%26settings%3DeyJpZCI6Njc1NSwidXJsIjoiaHR0cHM6XC9cL3Nsb2x1eC5ldVwvd3AtY29udGVudFwvdXBsb2Fkc1wvMjAyNVwvMDNcL3ByZWRpbjUuanBnIiwic2xpZGVzaG93IjoiYzkwODM2YSJ9\">\n\t\t\t\t\t<div class=\"e-gallery-image elementor-gallery-item__image\" data-thumbnail=\"https:\/\/slolux.eu\/wp-content\/uploads\/2025\/03\/predin5-225x300.jpg\" data-width=\"225\" data-height=\"300\" aria-label=\"\" role=\"img\" ><\/div>\n\t\t\t\t\t\t\t\t\t\t\t<div class=\"elementor-gallery-item__overlay\"><\/div>\n\t\t\t\t\t\t\t\t\t\t\t\t\t\t<\/a>\n\t\t\t\t\t<\/div>\n\t\t\t\t\t<\/div>\n\t\t\t\t<\/div>\n\t\t\t\t\t<\/div>\n\t\t<\/div>\n\t\t\t\t\t<\/div>\n\t\t<\/section>\n\t\t\t\t<\/div>","protected":false},"excerpt":{"rendered":"<p>Le vendredi 7 mars, nous avons organis\u00e9 une soir\u00e9e culturelle slov\u00e8ne exceptionnelle au Kinepolis Kirchberg, qui a r\u00e9uni cin\u00e9ma, musique et charit\u00e9 autour de Zoran Predin.<\/p>","protected":false},"author":1,"featured_media":6751,"comment_status":"open","ping_status":"closed","sticky":false,"template":"","format":"standard","meta":{"site-sidebar-layout":"default","site-content-layout":"","ast-site-content-layout":"","site-content-style":"default","site-sidebar-style":"default","ast-global-header-display":"","ast-banner-title-visibility":"","ast-main-header-display":"","ast-hfb-above-header-display":"","ast-hfb-below-header-display":"","ast-hfb-mobile-header-display":"","site-post-title":"","ast-breadcrumbs-content":"","ast-featured-img":"","footer-sml-layout":"","theme-transparent-header-meta":"","adv-header-id-meta":"","stick-header-meta":"","header-above-stick-meta":"","header-main-stick-meta":"","header-below-stick-meta":"","astra-migrate-meta-layouts":"default","ast-page-background-enabled":"default","ast-page-background-meta":{"desktop":{"background-color":"var(--ast-global-color-4)","background-image":"","background-repeat":"repeat","background-position":"center center","background-size":"auto","background-attachment":"scroll","background-type":"","background-media":"","overlay-type":"","overlay-color":"","overlay-opacity":"","overlay-gradient":""},"tablet":{"background-color":"","background-image":"","background-repeat":"repeat","background-position":"center center","background-size":"auto","background-attachment":"scroll","background-type":"","background-media":"","overlay-type":"","overlay-color":"","overlay-opacity":"","overlay-gradient":""},"mobile":{"background-color":"","background-image":"","background-repeat":"repeat","background-position":"center center","background-size":"auto","background-attachment":"scroll","background-type":"","background-media":"","overlay-type":"","overlay-color":"","overlay-opacity":"","overlay-gradient":""}},"ast-content-background-meta":{"desktop":{"background-color":"var(--ast-global-color-5)","background-image":"","background-repeat":"repeat","background-position":"center center","background-size":"auto","background-attachment":"scroll","background-type":"","background-media":"","overlay-type":"","overlay-color":"","overlay-opacity":"","overlay-gradient":""},"tablet":{"background-color":"var(--ast-global-color-5)","background-image":"","background-repeat":"repeat","background-position":"center center","background-size":"auto","background-attachment":"scroll","background-type":"","background-media":"","overlay-type":"","overlay-color":"","overlay-opacity":"","overlay-gradient":""},"mobile":{"background-color":"var(--ast-global-color-5)","background-image":"","background-repeat":"repeat","background-position":"center center","background-size":"auto","background-attachment":"scroll","background-type":"","background-media":"","overlay-type":"","overlay-color":"","overlay-opacity":"","overlay-gradient":""}},"footnotes":""},"categories":[18,48,30,37],"tags":[332],"class_list":["post-6749","post","type-post","status-publish","format-standard","has-post-thumbnail","hentry","category-druzabno-srecanje","category-gostovanja-iz-slovenije","category-news","category-po-dogodku","tag-newsletter"],"yoast_head":"<!-- This site is optimized with the Yoast SEO plugin v24.5 - https:\/\/yoast.com\/wordpress\/plugins\/seo\/ -->\n<title>Nepozaben slovenski kulturni ve\u010der z Zoranom Predinom v Luksemburgu! - Slolux<\/title>\n<meta name=\"robots\" content=\"index, follow, max-snippet:-1, max-image-preview:large, max-video-preview:-1\" \/>\n<link rel=\"canonical\" href=\"https:\/\/slolux.eu\/fr\/nepozaben-slovenski-kulturni-vecer-z-zoranom-predinom-v-luksemburgu\/\" \/>\n<meta property=\"og:locale\" content=\"fr_FR\" \/>\n<meta property=\"og:type\" content=\"article\" \/>\n<meta property=\"og:title\" content=\"Nepozaben slovenski kulturni ve\u010der z Zoranom Predinom v Luksemburgu! - Slolux\" \/>\n<meta property=\"og:description\" content=\"V petek, 7. marca, smo v Kinepolis Kirchberg gostili izjemen slovenski kulturni ve\u010der, ki je okrog Zorana Predina zdru\u017eil film, glasbo in dobrodelnost.\" \/>\n<meta property=\"og:url\" content=\"https:\/\/slolux.eu\/fr\/nepozaben-slovenski-kulturni-vecer-z-zoranom-predinom-v-luksemburgu\/\" \/>\n<meta property=\"og:site_name\" content=\"Slolux\" \/>\n<meta property=\"article:published_time\" content=\"2025-03-10T20:34:29+00:00\" \/>\n<meta property=\"article:modified_time\" content=\"2025-11-12T12:56:25+00:00\" \/>\n<meta property=\"og:image\" content=\"https:\/\/slolux.eu\/wp-content\/uploads\/2025\/03\/predin1.jpg\" \/>\n\t<meta property=\"og:image:width\" content=\"2040\" \/>\n\t<meta property=\"og:image:height\" content=\"1530\" \/>\n\t<meta property=\"og:image:type\" content=\"image\/jpeg\" \/>\n<meta name=\"author\" content=\"emilk\" \/>\n<meta name=\"twitter:card\" content=\"summary_large_image\" \/>\n<meta name=\"twitter:label1\" content=\"\u00c9crit par\" \/>\n\t<meta name=\"twitter:data1\" content=\"emilk\" \/>\n\t<meta name=\"twitter:label2\" content=\"Dur\u00e9e de lecture estim\u00e9e\" \/>\n\t<meta name=\"twitter:data2\" content=\"1 minute\" \/>\n<script type=\"application\/ld+json\" class=\"yoast-schema-graph\">{\"@context\":\"https:\/\/schema.org\",\"@graph\":[{\"@type\":\"Article\",\"@id\":\"https:\/\/slolux.eu\/nepozaben-slovenski-kulturni-vecer-z-zoranom-predinom-v-luksemburgu\/#article\",\"isPartOf\":{\"@id\":\"https:\/\/slolux.eu\/nepozaben-slovenski-kulturni-vecer-z-zoranom-predinom-v-luksemburgu\/\"},\"author\":{\"name\":\"emilk\",\"@id\":\"https:\/\/slolux.eu\/#\/schema\/person\/89c0bc490751fd8c820af6ec2049496a\"},\"headline\":\"Nepozaben slovenski kulturni ve\u010der z Zoranom Predinom v Luksemburgu!\",\"datePublished\":\"2025-03-10T20:34:29+00:00\",\"dateModified\":\"2025-11-12T12:56:25+00:00\",\"mainEntityOfPage\":{\"@id\":\"https:\/\/slolux.eu\/nepozaben-slovenski-kulturni-vecer-z-zoranom-predinom-v-luksemburgu\/\"},\"wordCount\":122,\"commentCount\":0,\"publisher\":{\"@id\":\"https:\/\/slolux.eu\/#organization\"},\"image\":{\"@id\":\"https:\/\/slolux.eu\/nepozaben-slovenski-kulturni-vecer-z-zoranom-predinom-v-luksemburgu\/#primaryimage\"},\"thumbnailUrl\":\"https:\/\/slolux.eu\/wp-content\/uploads\/2025\/03\/predin1.jpg\",\"keywords\":[\"newsletter\"],\"articleSection\":[\"Dru\u017eabno sre\u010danje\",\"Gostovanja iz Slovenije\",\"Novice\",\"Utrinki preteklih dogodkov\"],\"inLanguage\":\"fr-FR\",\"potentialAction\":[{\"@type\":\"CommentAction\",\"name\":\"Comment\",\"target\":[\"https:\/\/slolux.eu\/nepozaben-slovenski-kulturni-vecer-z-zoranom-predinom-v-luksemburgu\/#respond\"]}]},{\"@type\":\"WebPage\",\"@id\":\"https:\/\/slolux.eu\/nepozaben-slovenski-kulturni-vecer-z-zoranom-predinom-v-luksemburgu\/\",\"url\":\"https:\/\/slolux.eu\/nepozaben-slovenski-kulturni-vecer-z-zoranom-predinom-v-luksemburgu\/\",\"name\":\"Nepozaben slovenski kulturni ve\u010der z Zoranom Predinom v Luksemburgu! - Slolux\",\"isPartOf\":{\"@id\":\"https:\/\/slolux.eu\/#website\"},\"primaryImageOfPage\":{\"@id\":\"https:\/\/slolux.eu\/nepozaben-slovenski-kulturni-vecer-z-zoranom-predinom-v-luksemburgu\/#primaryimage\"},\"image\":{\"@id\":\"https:\/\/slolux.eu\/nepozaben-slovenski-kulturni-vecer-z-zoranom-predinom-v-luksemburgu\/#primaryimage\"},\"thumbnailUrl\":\"https:\/\/slolux.eu\/wp-content\/uploads\/2025\/03\/predin1.jpg\",\"datePublished\":\"2025-03-10T20:34:29+00:00\",\"dateModified\":\"2025-11-12T12:56:25+00:00\",\"breadcrumb\":{\"@id\":\"https:\/\/slolux.eu\/nepozaben-slovenski-kulturni-vecer-z-zoranom-predinom-v-luksemburgu\/#breadcrumb\"},\"inLanguage\":\"fr-FR\",\"potentialAction\":[{\"@type\":\"ReadAction\",\"target\":[\"https:\/\/slolux.eu\/nepozaben-slovenski-kulturni-vecer-z-zoranom-predinom-v-luksemburgu\/\"]}]},{\"@type\":\"ImageObject\",\"inLanguage\":\"fr-FR\",\"@id\":\"https:\/\/slolux.eu\/nepozaben-slovenski-kulturni-vecer-z-zoranom-predinom-v-luksemburgu\/#primaryimage\",\"url\":\"https:\/\/slolux.eu\/wp-content\/uploads\/2025\/03\/predin1.jpg\",\"contentUrl\":\"https:\/\/slolux.eu\/wp-content\/uploads\/2025\/03\/predin1.jpg\",\"width\":2040,\"height\":1530},{\"@type\":\"BreadcrumbList\",\"@id\":\"https:\/\/slolux.eu\/nepozaben-slovenski-kulturni-vecer-z-zoranom-predinom-v-luksemburgu\/#breadcrumb\",\"itemListElement\":[{\"@type\":\"ListItem\",\"position\":1,\"name\":\"Home\",\"item\":\"https:\/\/slolux.eu\/\"},{\"@type\":\"ListItem\",\"position\":2,\"name\":\"Nepozaben slovenski kulturni ve\u010der z Zoranom Predinom v Luksemburgu!\"}]},{\"@type\":\"WebSite\",\"@id\":\"https:\/\/slolux.eu\/#website\",\"url\":\"https:\/\/slolux.eu\/\",\"name\":\"Slovensko dru\u0161tvo v Luksemburgu\",\"description\":\"Slovensko dru\u0161tvo v Luksemburgu\",\"publisher\":{\"@id\":\"https:\/\/slolux.eu\/#organization\"},\"potentialAction\":[{\"@type\":\"SearchAction\",\"target\":{\"@type\":\"EntryPoint\",\"urlTemplate\":\"https:\/\/slolux.eu\/?s={search_term_string}\"},\"query-input\":{\"@type\":\"PropertyValueSpecification\",\"valueRequired\":true,\"valueName\":\"search_term_string\"}}],\"inLanguage\":\"fr-FR\"},{\"@type\":\"Organization\",\"@id\":\"https:\/\/slolux.eu\/#organization\",\"name\":\"Slovensko dru\u0161tvo v Luksemburgu\",\"url\":\"https:\/\/slolux.eu\/\",\"logo\":{\"@type\":\"ImageObject\",\"inLanguage\":\"fr-FR\",\"@id\":\"https:\/\/slolux.eu\/#\/schema\/logo\/image\/\",\"url\":\"https:\/\/slolux.eu\/wp-content\/uploads\/2023\/12\/barvnofinal.png\",\"contentUrl\":\"https:\/\/slolux.eu\/wp-content\/uploads\/2023\/12\/barvnofinal.png\",\"width\":2550,\"height\":938,\"caption\":\"Slovensko dru\u0161tvo v Luksemburgu\"},\"image\":{\"@id\":\"https:\/\/slolux.eu\/#\/schema\/logo\/image\/\"}},{\"@type\":\"Person\",\"@id\":\"https:\/\/slolux.eu\/#\/schema\/person\/89c0bc490751fd8c820af6ec2049496a\",\"name\":\"emilk\",\"image\":{\"@type\":\"ImageObject\",\"inLanguage\":\"fr-FR\",\"@id\":\"https:\/\/slolux.eu\/#\/schema\/person\/image\/\",\"url\":\"https:\/\/secure.gravatar.com\/avatar\/f0322d080f9bbb04c78300901a3f936bfd50777a1f9af51976123e266fbe5856?s=96&d=monsterid&r=g\",\"contentUrl\":\"https:\/\/secure.gravatar.com\/avatar\/f0322d080f9bbb04c78300901a3f936bfd50777a1f9af51976123e266fbe5856?s=96&d=monsterid&r=g\",\"caption\":\"emilk\"},\"url\":\"https:\/\/slolux.eu\/fr\/author\/emilk\/\"}]}<\/script>\n<!-- \/ Yoast SEO plugin. -->","yoast_head_json":{"title":"Nepozaben slovenski kulturni ve\u010der z Zoranom Predinom v Luksemburgu! - Slolux","robots":{"index":"index","follow":"follow","max-snippet":"max-snippet:-1","max-image-preview":"max-image-preview:large","max-video-preview":"max-video-preview:-1"},"canonical":"https:\/\/slolux.eu\/fr\/nepozaben-slovenski-kulturni-vecer-z-zoranom-predinom-v-luksemburgu\/","og_locale":"fr_FR","og_type":"article","og_title":"Nepozaben slovenski kulturni ve\u010der z Zoranom Predinom v Luksemburgu! - Slolux","og_description":"V petek, 7. marca, smo v Kinepolis Kirchberg gostili izjemen slovenski kulturni ve\u010der, ki je okrog Zorana Predina zdru\u017eil film, glasbo in dobrodelnost.","og_url":"https:\/\/slolux.eu\/fr\/nepozaben-slovenski-kulturni-vecer-z-zoranom-predinom-v-luksemburgu\/","og_site_name":"Slolux","article_published_time":"2025-03-10T20:34:29+00:00","article_modified_time":"2025-11-12T12:56:25+00:00","og_image":[{"width":2040,"height":1530,"url":"https:\/\/slolux.eu\/wp-content\/uploads\/2025\/03\/predin1.jpg","type":"image\/jpeg"}],"author":"emilk","twitter_card":"summary_large_image","twitter_misc":{"\u00c9crit par":"emilk","Dur\u00e9e de lecture estim\u00e9e":"1 minute"},"schema":{"@context":"https:\/\/schema.org","@graph":[{"@type":"Article","@id":"https:\/\/slolux.eu\/nepozaben-slovenski-kulturni-vecer-z-zoranom-predinom-v-luksemburgu\/#article","isPartOf":{"@id":"https:\/\/slolux.eu\/nepozaben-slovenski-kulturni-vecer-z-zoranom-predinom-v-luksemburgu\/"},"author":{"name":"emilk","@id":"https:\/\/slolux.eu\/#\/schema\/person\/89c0bc490751fd8c820af6ec2049496a"},"headline":"Nepozaben slovenski kulturni ve\u010der z Zoranom Predinom v Luksemburgu!","datePublished":"2025-03-10T20:34:29+00:00","dateModified":"2025-11-12T12:56:25+00:00","mainEntityOfPage":{"@id":"https:\/\/slolux.eu\/nepozaben-slovenski-kulturni-vecer-z-zoranom-predinom-v-luksemburgu\/"},"wordCount":122,"commentCount":0,"publisher":{"@id":"https:\/\/slolux.eu\/#organization"},"image":{"@id":"https:\/\/slolux.eu\/nepozaben-slovenski-kulturni-vecer-z-zoranom-predinom-v-luksemburgu\/#primaryimage"},"thumbnailUrl":"https:\/\/slolux.eu\/wp-content\/uploads\/2025\/03\/predin1.jpg","keywords":["newsletter"],"articleSection":["Dru\u017eabno sre\u010danje","Gostovanja iz Slovenije","Novice","Utrinki preteklih dogodkov"],"inLanguage":"fr-FR","potentialAction":[{"@type":"CommentAction","name":"Comment","target":["https:\/\/slolux.eu\/nepozaben-slovenski-kulturni-vecer-z-zoranom-predinom-v-luksemburgu\/#respond"]}]},{"@type":"WebPage","@id":"https:\/\/slolux.eu\/nepozaben-slovenski-kulturni-vecer-z-zoranom-predinom-v-luksemburgu\/","url":"https:\/\/slolux.eu\/nepozaben-slovenski-kulturni-vecer-z-zoranom-predinom-v-luksemburgu\/","name":"Nepozaben slovenski kulturni ve\u010der z Zoranom Predinom v Luksemburgu! - Slolux","isPartOf":{"@id":"https:\/\/slolux.eu\/#website"},"primaryImageOfPage":{"@id":"https:\/\/slolux.eu\/nepozaben-slovenski-kulturni-vecer-z-zoranom-predinom-v-luksemburgu\/#primaryimage"},"image":{"@id":"https:\/\/slolux.eu\/nepozaben-slovenski-kulturni-vecer-z-zoranom-predinom-v-luksemburgu\/#primaryimage"},"thumbnailUrl":"https:\/\/slolux.eu\/wp-content\/uploads\/2025\/03\/predin1.jpg","datePublished":"2025-03-10T20:34:29+00:00","dateModified":"2025-11-12T12:56:25+00:00","breadcrumb":{"@id":"https:\/\/slolux.eu\/nepozaben-slovenski-kulturni-vecer-z-zoranom-predinom-v-luksemburgu\/#breadcrumb"},"inLanguage":"fr-FR","potentialAction":[{"@type":"ReadAction","target":["https:\/\/slolux.eu\/nepozaben-slovenski-kulturni-vecer-z-zoranom-predinom-v-luksemburgu\/"]}]},{"@type":"ImageObject","inLanguage":"fr-FR","@id":"https:\/\/slolux.eu\/nepozaben-slovenski-kulturni-vecer-z-zoranom-predinom-v-luksemburgu\/#primaryimage","url":"https:\/\/slolux.eu\/wp-content\/uploads\/2025\/03\/predin1.jpg","contentUrl":"https:\/\/slolux.eu\/wp-content\/uploads\/2025\/03\/predin1.jpg","width":2040,"height":1530},{"@type":"BreadcrumbList","@id":"https:\/\/slolux.eu\/nepozaben-slovenski-kulturni-vecer-z-zoranom-predinom-v-luksemburgu\/#breadcrumb","itemListElement":[{"@type":"ListItem","position":1,"name":"Home","item":"https:\/\/slolux.eu\/"},{"@type":"ListItem","position":2,"name":"Nepozaben slovenski kulturni ve\u010der z Zoranom Predinom v Luksemburgu!"}]},{"@type":"WebSite","@id":"https:\/\/slolux.eu\/#website","url":"https:\/\/slolux.eu\/","name":"Slovensko dru\u0161tvo v Luksemburgu","description":"Slovensko dru\u0161tvo v Luksemburgu","publisher":{"@id":"https:\/\/slolux.eu\/#organization"},"potentialAction":[{"@type":"SearchAction","target":{"@type":"EntryPoint","urlTemplate":"https:\/\/slolux.eu\/?s={search_term_string}"},"query-input":{"@type":"PropertyValueSpecification","valueRequired":true,"valueName":"search_term_string"}}],"inLanguage":"fr-FR"},{"@type":"Organization","@id":"https:\/\/slolux.eu\/#organization","name":"Slovensko dru\u0161tvo v Luksemburgu","url":"https:\/\/slolux.eu\/","logo":{"@type":"ImageObject","inLanguage":"fr-FR","@id":"https:\/\/slolux.eu\/#\/schema\/logo\/image\/","url":"https:\/\/slolux.eu\/wp-content\/uploads\/2023\/12\/barvnofinal.png","contentUrl":"https:\/\/slolux.eu\/wp-content\/uploads\/2023\/12\/barvnofinal.png","width":2550,"height":938,"caption":"Slovensko dru\u0161tvo v Luksemburgu"},"image":{"@id":"https:\/\/slolux.eu\/#\/schema\/logo\/image\/"}},{"@type":"Person","@id":"https:\/\/slolux.eu\/#\/schema\/person\/89c0bc490751fd8c820af6ec2049496a","name":"emilk","image":{"@type":"ImageObject","inLanguage":"fr-FR","@id":"https:\/\/slolux.eu\/#\/schema\/person\/image\/","url":"https:\/\/secure.gravatar.com\/avatar\/f0322d080f9bbb04c78300901a3f936bfd50777a1f9af51976123e266fbe5856?s=96&d=monsterid&r=g","contentUrl":"https:\/\/secure.gravatar.com\/avatar\/f0322d080f9bbb04c78300901a3f936bfd50777a1f9af51976123e266fbe5856?s=96&d=monsterid&r=g","caption":"emilk"},"url":"https:\/\/slolux.eu\/fr\/author\/emilk\/"}]}},"_links":{"self":[{"href":"https:\/\/slolux.eu\/fr\/wp-json\/wp\/v2\/posts\/6749","targetHints":{"allow":["GET"]}}],"collection":[{"href":"https:\/\/slolux.eu\/fr\/wp-json\/wp\/v2\/posts"}],"about":[{"href":"https:\/\/slolux.eu\/fr\/wp-json\/wp\/v2\/types\/post"}],"author":[{"embeddable":true,"href":"https:\/\/slolux.eu\/fr\/wp-json\/wp\/v2\/users\/1"}],"replies":[{"embeddable":true,"href":"https:\/\/slolux.eu\/fr\/wp-json\/wp\/v2\/comments?post=6749"}],"version-history":[{"count":13,"href":"https:\/\/slolux.eu\/fr\/wp-json\/wp\/v2\/posts\/6749\/revisions"}],"predecessor-version":[{"id":6768,"href":"https:\/\/slolux.eu\/fr\/wp-json\/wp\/v2\/posts\/6749\/revisions\/6768"}],"wp:featuredmedia":[{"embeddable":true,"href":"https:\/\/slolux.eu\/fr\/wp-json\/wp\/v2\/media\/6751"}],"wp:attachment":[{"href":"https:\/\/slolux.eu\/fr\/wp-json\/wp\/v2\/media?parent=6749"}],"wp:term":[{"taxonomy":"category","embeddable":true,"href":"https:\/\/slolux.eu\/fr\/wp-json\/wp\/v2\/categories?post=6749"},{"taxonomy":"post_tag","embeddable":true,"href":"https:\/\/slolux.eu\/fr\/wp-json\/wp\/v2\/tags?post=6749"}],"curies":[{"name":"wp","href":"https:\/\/api.w.org\/{rel}","templated":true}]}}