{"id":7026,"date":"2025-11-24T11:46:00","date_gmt":"2025-11-24T10:46:00","guid":{"rendered":"https:\/\/slolux.eu\/?p=7026"},"modified":"2025-11-24T11:46:00","modified_gmt":"2025-11-24T10:46:00","slug":"slovenski-planinski-koledar-2026","status":"publish","type":"post","link":"https:\/\/slolux.eu\/fr\/slovenski-planinski-koledar-2026\/","title":{"rendered":"Calendrier des montagnes slov\u00e8nes 2026"},"content":{"rendered":"<p>Cette ann\u00e9e, nous vous proposons \u00e9galement un calendrier des montagnes slov\u00e8nes pour 2026. Chaque page du calendrier pr\u00e9sente une magnifique photo diff\u00e9rente des montagnes slov\u00e8nes, pour vous rappeler sans cesse les beaut\u00e9s de la Slov\u00e9nie.<\/p>\n\n\n\n<p>Pour toute commande pass\u00e9e avant le 30 novembre, nous offrons une r\u00e9duction de 20 % !<\/p>\n\n\n\n<div class=\"wp-block-buttons is-layout-flex wp-block-buttons-is-layout-flex\">\n<div class=\"wp-block-button\"><a class=\"wp-block-button__link wp-element-button\" href=\"https:\/\/slovenia.lu\/sl\/izdelek\/koledar-2026\/\" target=\"_blank\" rel=\"noreferrer noopener\">Commander un calendrier<\/a><\/div>\n<\/div>\n\n\n\n<figure class=\"wp-block-image size-full\"><a href=\"https:\/\/slolux.eu\/wp-content\/uploads\/2025\/11\/koled-05.png\"><img loading=\"lazy\" decoding=\"async\" width=\"631\" height=\"920\" src=\"https:\/\/slolux.eu\/wp-content\/uploads\/2025\/11\/koled-05.png\" alt=\"\" class=\"wp-image-7023\" srcset=\"https:\/\/slolux.eu\/wp-content\/uploads\/2025\/11\/koled-05.png 631w, https:\/\/slolux.eu\/wp-content\/uploads\/2025\/11\/koled-05-206x300.png 206w, https:\/\/slolux.eu\/wp-content\/uploads\/2025\/11\/koled-05-8x12.png 8w\" sizes=\"auto, (max-width: 631px) 100vw, 631px\" \/><\/a><\/figure>","protected":false},"excerpt":{"rendered":"<p>Cette ann\u00e9e, nous vous proposons \u00e9galement un calendrier des montagnes slov\u00e8nes pour 2026. Chaque page du calendrier pr\u00e9sente une magnifique photo diff\u00e9rente des montagnes slov\u00e8nes, pour vous rappeler sans cesse les beaut\u00e9s de la Slov\u00e9nie.<\/p>","protected":false},"author":1,"featured_media":7024,"comment_status":"open","ping_status":"closed","sticky":false,"template":"","format":"standard","meta":{"site-sidebar-layout":"default","site-content-layout":"","ast-site-content-layout":"","site-content-style":"default","site-sidebar-style":"default","ast-global-header-display":"","ast-banner-title-visibility":"","ast-main-header-display":"","ast-hfb-above-header-display":"","ast-hfb-below-header-display":"","ast-hfb-mobile-header-display":"","site-post-title":"","ast-breadcrumbs-content":"","ast-featured-img":"","footer-sml-layout":"","theme-transparent-header-meta":"","adv-header-id-meta":"","stick-header-meta":"","header-above-stick-meta":"","header-main-stick-meta":"","header-below-stick-meta":"","astra-migrate-meta-layouts":"default","ast-page-background-enabled":"default","ast-page-background-meta":{"desktop":{"background-color":"var(--ast-global-color-4)","background-image":"","background-repeat":"repeat","background-position":"center center","background-size":"auto","background-attachment":"scroll","background-type":"","background-media":"","overlay-type":"","overlay-color":"","overlay-opacity":"","overlay-gradient":""},"tablet":{"background-color":"","background-image":"","background-repeat":"repeat","background-position":"center center","background-size":"auto","background-attachment":"scroll","background-type":"","background-media":"","overlay-type":"","overlay-color":"","overlay-opacity":"","overlay-gradient":""},"mobile":{"background-color":"","background-image":"","background-repeat":"repeat","background-position":"center center","background-size":"auto","background-attachment":"scroll","background-type":"","background-media":"","overlay-type":"","overlay-color":"","overlay-opacity":"","overlay-gradient":""}},"ast-content-background-meta":{"desktop":{"background-color":"var(--ast-global-color-5)","background-image":"","background-repeat":"repeat","background-position":"center center","background-size":"auto","background-attachment":"scroll","background-type":"","background-media":"","overlay-type":"","overlay-color":"","overlay-opacity":"","overlay-gradient":""},"tablet":{"background-color":"var(--ast-global-color-5)","background-image":"","background-repeat":"repeat","background-position":"center center","background-size":"auto","background-attachment":"scroll","background-type":"","background-media":"","overlay-type":"","overlay-color":"","overlay-opacity":"","overlay-gradient":""},"mobile":{"background-color":"var(--ast-global-color-5)","background-image":"","background-repeat":"repeat","background-position":"center center","background-size":"auto","background-attachment":"scroll","background-type":"","background-media":"","overlay-type":"","overlay-color":"","overlay-opacity":"","overlay-gradient":""}},"footnotes":""},"categories":[337,26,30,36,340,312],"tags":[338,332,339],"class_list":["post-7026","post","type-post","status-publish","format-standard","has-post-thumbnail","hentry","category-izdelki","category-ne-zamudite","category-news","category-predstavitev","category-trgovina","category-ugodnosti","tag-izdelki","tag-newsletter","tag-trgovina"],"yoast_head":"<!-- This site is optimized with the Yoast SEO plugin v24.5 - https:\/\/yoast.com\/wordpress\/plugins\/seo\/ -->\n<title>Slovenski planinski koledar 2026 - Slolux<\/title>\n<meta name=\"robots\" content=\"index, follow, max-snippet:-1, max-image-preview:large, max-video-preview:-1\" \/>\n<link rel=\"canonical\" href=\"https:\/\/slolux.eu\/fr\/slovenski-planinski-koledar-2026\/\" \/>\n<meta property=\"og:locale\" content=\"fr_FR\" \/>\n<meta property=\"og:type\" content=\"article\" \/>\n<meta property=\"og:title\" content=\"Slovenski planinski koledar 2026 - Slolux\" \/>\n<meta property=\"og:description\" content=\"Tudi letos vam ponujamo slovenski planinski koledar za leto 2026. Vsaka stran koledarja ima druga\u010dno \u010dudovito fotografijo slovenskih gora \u2013 da vas vedno znova spominjamo na lepote Slovenije.\" \/>\n<meta property=\"og:url\" content=\"https:\/\/slolux.eu\/fr\/slovenski-planinski-koledar-2026\/\" \/>\n<meta property=\"og:site_name\" content=\"Slolux\" \/>\n<meta property=\"article:published_time\" content=\"2025-11-24T10:46:00+00:00\" \/>\n<meta property=\"og:image\" content=\"https:\/\/slolux.eu\/wp-content\/uploads\/2025\/11\/PZS_koledar_2026_Stran_01-scaled.jpg\" \/>\n\t<meta property=\"og:image:width\" content=\"1760\" \/>\n\t<meta property=\"og:image:height\" content=\"2560\" \/>\n\t<meta property=\"og:image:type\" content=\"image\/jpeg\" \/>\n<meta name=\"author\" content=\"emilk\" \/>\n<meta name=\"twitter:card\" content=\"summary_large_image\" \/>\n<meta name=\"twitter:label1\" content=\"\u00c9crit par\" \/>\n\t<meta name=\"twitter:data1\" content=\"emilk\" \/>\n\t<meta name=\"twitter:label2\" content=\"Dur\u00e9e de lecture estim\u00e9e\" \/>\n\t<meta name=\"twitter:data2\" content=\"1 minute\" \/>\n<script type=\"application\/ld+json\" class=\"yoast-schema-graph\">{\"@context\":\"https:\/\/schema.org\",\"@graph\":[{\"@type\":\"Article\",\"@id\":\"https:\/\/slolux.eu\/slovenski-planinski-koledar-2026\/#article\",\"isPartOf\":{\"@id\":\"https:\/\/slolux.eu\/slovenski-planinski-koledar-2026\/\"},\"author\":{\"name\":\"emilk\",\"@id\":\"https:\/\/slolux.eu\/#\/schema\/person\/89c0bc490751fd8c820af6ec2049496a\"},\"headline\":\"Slovenski planinski koledar 2026\",\"datePublished\":\"2025-11-24T10:46:00+00:00\",\"mainEntityOfPage\":{\"@id\":\"https:\/\/slolux.eu\/slovenski-planinski-koledar-2026\/\"},\"wordCount\":40,\"commentCount\":0,\"publisher\":{\"@id\":\"https:\/\/slolux.eu\/#organization\"},\"image\":{\"@id\":\"https:\/\/slolux.eu\/slovenski-planinski-koledar-2026\/#primaryimage\"},\"thumbnailUrl\":\"https:\/\/slolux.eu\/wp-content\/uploads\/2025\/11\/PZS_koledar_2026_Stran_01-scaled.jpg\",\"keywords\":[\"izdelki\",\"newsletter\",\"trgovina\"],\"articleSection\":[\"Izdelki\",\"Ne zamudite\",\"Novice\",\"Predstavitev\",\"Trgovina\",\"Ugodnosti\"],\"inLanguage\":\"fr-FR\",\"potentialAction\":[{\"@type\":\"CommentAction\",\"name\":\"Comment\",\"target\":[\"https:\/\/slolux.eu\/slovenski-planinski-koledar-2026\/#respond\"]}]},{\"@type\":\"WebPage\",\"@id\":\"https:\/\/slolux.eu\/slovenski-planinski-koledar-2026\/\",\"url\":\"https:\/\/slolux.eu\/slovenski-planinski-koledar-2026\/\",\"name\":\"Slovenski planinski koledar 2026 - Slolux\",\"isPartOf\":{\"@id\":\"https:\/\/slolux.eu\/#website\"},\"primaryImageOfPage\":{\"@id\":\"https:\/\/slolux.eu\/slovenski-planinski-koledar-2026\/#primaryimage\"},\"image\":{\"@id\":\"https:\/\/slolux.eu\/slovenski-planinski-koledar-2026\/#primaryimage\"},\"thumbnailUrl\":\"https:\/\/slolux.eu\/wp-content\/uploads\/2025\/11\/PZS_koledar_2026_Stran_01-scaled.jpg\",\"datePublished\":\"2025-11-24T10:46:00+00:00\",\"breadcrumb\":{\"@id\":\"https:\/\/slolux.eu\/slovenski-planinski-koledar-2026\/#breadcrumb\"},\"inLanguage\":\"fr-FR\",\"potentialAction\":[{\"@type\":\"ReadAction\",\"target\":[\"https:\/\/slolux.eu\/slovenski-planinski-koledar-2026\/\"]}]},{\"@type\":\"ImageObject\",\"inLanguage\":\"fr-FR\",\"@id\":\"https:\/\/slolux.eu\/slovenski-planinski-koledar-2026\/#primaryimage\",\"url\":\"https:\/\/slolux.eu\/wp-content\/uploads\/2025\/11\/PZS_koledar_2026_Stran_01-scaled.jpg\",\"contentUrl\":\"https:\/\/slolux.eu\/wp-content\/uploads\/2025\/11\/PZS_koledar_2026_Stran_01-scaled.jpg\",\"width\":1760,\"height\":2560},{\"@type\":\"BreadcrumbList\",\"@id\":\"https:\/\/slolux.eu\/slovenski-planinski-koledar-2026\/#breadcrumb\",\"itemListElement\":[{\"@type\":\"ListItem\",\"position\":1,\"name\":\"Home\",\"item\":\"https:\/\/slolux.eu\/\"},{\"@type\":\"ListItem\",\"position\":2,\"name\":\"Slovenski planinski koledar 2026\"}]},{\"@type\":\"WebSite\",\"@id\":\"https:\/\/slolux.eu\/#website\",\"url\":\"https:\/\/slolux.eu\/\",\"name\":\"Slovensko dru\u0161tvo v Luksemburgu\",\"description\":\"Slovensko dru\u0161tvo v Luksemburgu\",\"publisher\":{\"@id\":\"https:\/\/slolux.eu\/#organization\"},\"potentialAction\":[{\"@type\":\"SearchAction\",\"target\":{\"@type\":\"EntryPoint\",\"urlTemplate\":\"https:\/\/slolux.eu\/?s={search_term_string}\"},\"query-input\":{\"@type\":\"PropertyValueSpecification\",\"valueRequired\":true,\"valueName\":\"search_term_string\"}}],\"inLanguage\":\"fr-FR\"},{\"@type\":\"Organization\",\"@id\":\"https:\/\/slolux.eu\/#organization\",\"name\":\"Slovensko dru\u0161tvo v Luksemburgu\",\"url\":\"https:\/\/slolux.eu\/\",\"logo\":{\"@type\":\"ImageObject\",\"inLanguage\":\"fr-FR\",\"@id\":\"https:\/\/slolux.eu\/#\/schema\/logo\/image\/\",\"url\":\"https:\/\/slolux.eu\/wp-content\/uploads\/2023\/12\/barvnofinal.png\",\"contentUrl\":\"https:\/\/slolux.eu\/wp-content\/uploads\/2023\/12\/barvnofinal.png\",\"width\":2550,\"height\":938,\"caption\":\"Slovensko dru\u0161tvo v Luksemburgu\"},\"image\":{\"@id\":\"https:\/\/slolux.eu\/#\/schema\/logo\/image\/\"}},{\"@type\":\"Person\",\"@id\":\"https:\/\/slolux.eu\/#\/schema\/person\/89c0bc490751fd8c820af6ec2049496a\",\"name\":\"emilk\",\"image\":{\"@type\":\"ImageObject\",\"inLanguage\":\"fr-FR\",\"@id\":\"https:\/\/slolux.eu\/#\/schema\/person\/image\/\",\"url\":\"https:\/\/secure.gravatar.com\/avatar\/f0322d080f9bbb04c78300901a3f936bfd50777a1f9af51976123e266fbe5856?s=96&d=monsterid&r=g\",\"contentUrl\":\"https:\/\/secure.gravatar.com\/avatar\/f0322d080f9bbb04c78300901a3f936bfd50777a1f9af51976123e266fbe5856?s=96&d=monsterid&r=g\",\"caption\":\"emilk\"},\"url\":\"https:\/\/slolux.eu\/fr\/author\/emilk\/\"}]}<\/script>\n<!-- \/ Yoast SEO plugin. -->","yoast_head_json":{"title":"Slovenski planinski koledar 2026 - Slolux","robots":{"index":"index","follow":"follow","max-snippet":"max-snippet:-1","max-image-preview":"max-image-preview:large","max-video-preview":"max-video-preview:-1"},"canonical":"https:\/\/slolux.eu\/fr\/slovenski-planinski-koledar-2026\/","og_locale":"fr_FR","og_type":"article","og_title":"Slovenski planinski koledar 2026 - Slolux","og_description":"Tudi letos vam ponujamo slovenski planinski koledar za leto 2026. Vsaka stran koledarja ima druga\u010dno \u010dudovito fotografijo slovenskih gora \u2013 da vas vedno znova spominjamo na lepote Slovenije.","og_url":"https:\/\/slolux.eu\/fr\/slovenski-planinski-koledar-2026\/","og_site_name":"Slolux","article_published_time":"2025-11-24T10:46:00+00:00","og_image":[{"width":1760,"height":2560,"url":"https:\/\/slolux.eu\/wp-content\/uploads\/2025\/11\/PZS_koledar_2026_Stran_01-scaled.jpg","type":"image\/jpeg"}],"author":"emilk","twitter_card":"summary_large_image","twitter_misc":{"\u00c9crit par":"emilk","Dur\u00e9e de lecture estim\u00e9e":"1 minute"},"schema":{"@context":"https:\/\/schema.org","@graph":[{"@type":"Article","@id":"https:\/\/slolux.eu\/slovenski-planinski-koledar-2026\/#article","isPartOf":{"@id":"https:\/\/slolux.eu\/slovenski-planinski-koledar-2026\/"},"author":{"name":"emilk","@id":"https:\/\/slolux.eu\/#\/schema\/person\/89c0bc490751fd8c820af6ec2049496a"},"headline":"Slovenski planinski koledar 2026","datePublished":"2025-11-24T10:46:00+00:00","mainEntityOfPage":{"@id":"https:\/\/slolux.eu\/slovenski-planinski-koledar-2026\/"},"wordCount":40,"commentCount":0,"publisher":{"@id":"https:\/\/slolux.eu\/#organization"},"image":{"@id":"https:\/\/slolux.eu\/slovenski-planinski-koledar-2026\/#primaryimage"},"thumbnailUrl":"https:\/\/slolux.eu\/wp-content\/uploads\/2025\/11\/PZS_koledar_2026_Stran_01-scaled.jpg","keywords":["izdelki","newsletter","trgovina"],"articleSection":["Izdelki","Ne zamudite","Novice","Predstavitev","Trgovina","Ugodnosti"],"inLanguage":"fr-FR","potentialAction":[{"@type":"CommentAction","name":"Comment","target":["https:\/\/slolux.eu\/slovenski-planinski-koledar-2026\/#respond"]}]},{"@type":"WebPage","@id":"https:\/\/slolux.eu\/slovenski-planinski-koledar-2026\/","url":"https:\/\/slolux.eu\/slovenski-planinski-koledar-2026\/","name":"Slovenski planinski koledar 2026 - Slolux","isPartOf":{"@id":"https:\/\/slolux.eu\/#website"},"primaryImageOfPage":{"@id":"https:\/\/slolux.eu\/slovenski-planinski-koledar-2026\/#primaryimage"},"image":{"@id":"https:\/\/slolux.eu\/slovenski-planinski-koledar-2026\/#primaryimage"},"thumbnailUrl":"https:\/\/slolux.eu\/wp-content\/uploads\/2025\/11\/PZS_koledar_2026_Stran_01-scaled.jpg","datePublished":"2025-11-24T10:46:00+00:00","breadcrumb":{"@id":"https:\/\/slolux.eu\/slovenski-planinski-koledar-2026\/#breadcrumb"},"inLanguage":"fr-FR","potentialAction":[{"@type":"ReadAction","target":["https:\/\/slolux.eu\/slovenski-planinski-koledar-2026\/"]}]},{"@type":"ImageObject","inLanguage":"fr-FR","@id":"https:\/\/slolux.eu\/slovenski-planinski-koledar-2026\/#primaryimage","url":"https:\/\/slolux.eu\/wp-content\/uploads\/2025\/11\/PZS_koledar_2026_Stran_01-scaled.jpg","contentUrl":"https:\/\/slolux.eu\/wp-content\/uploads\/2025\/11\/PZS_koledar_2026_Stran_01-scaled.jpg","width":1760,"height":2560},{"@type":"BreadcrumbList","@id":"https:\/\/slolux.eu\/slovenski-planinski-koledar-2026\/#breadcrumb","itemListElement":[{"@type":"ListItem","position":1,"name":"Home","item":"https:\/\/slolux.eu\/"},{"@type":"ListItem","position":2,"name":"Slovenski planinski koledar 2026"}]},{"@type":"WebSite","@id":"https:\/\/slolux.eu\/#website","url":"https:\/\/slolux.eu\/","name":"Slovensko dru\u0161tvo v Luksemburgu","description":"Slovensko dru\u0161tvo v Luksemburgu","publisher":{"@id":"https:\/\/slolux.eu\/#organization"},"potentialAction":[{"@type":"SearchAction","target":{"@type":"EntryPoint","urlTemplate":"https:\/\/slolux.eu\/?s={search_term_string}"},"query-input":{"@type":"PropertyValueSpecification","valueRequired":true,"valueName":"search_term_string"}}],"inLanguage":"fr-FR"},{"@type":"Organization","@id":"https:\/\/slolux.eu\/#organization","name":"Slovensko dru\u0161tvo v Luksemburgu","url":"https:\/\/slolux.eu\/","logo":{"@type":"ImageObject","inLanguage":"fr-FR","@id":"https:\/\/slolux.eu\/#\/schema\/logo\/image\/","url":"https:\/\/slolux.eu\/wp-content\/uploads\/2023\/12\/barvnofinal.png","contentUrl":"https:\/\/slolux.eu\/wp-content\/uploads\/2023\/12\/barvnofinal.png","width":2550,"height":938,"caption":"Slovensko dru\u0161tvo v Luksemburgu"},"image":{"@id":"https:\/\/slolux.eu\/#\/schema\/logo\/image\/"}},{"@type":"Person","@id":"https:\/\/slolux.eu\/#\/schema\/person\/89c0bc490751fd8c820af6ec2049496a","name":"emilk","image":{"@type":"ImageObject","inLanguage":"fr-FR","@id":"https:\/\/slolux.eu\/#\/schema\/person\/image\/","url":"https:\/\/secure.gravatar.com\/avatar\/f0322d080f9bbb04c78300901a3f936bfd50777a1f9af51976123e266fbe5856?s=96&d=monsterid&r=g","contentUrl":"https:\/\/secure.gravatar.com\/avatar\/f0322d080f9bbb04c78300901a3f936bfd50777a1f9af51976123e266fbe5856?s=96&d=monsterid&r=g","caption":"emilk"},"url":"https:\/\/slolux.eu\/fr\/author\/emilk\/"}]}},"_links":{"self":[{"href":"https:\/\/slolux.eu\/fr\/wp-json\/wp\/v2\/posts\/7026","targetHints":{"allow":["GET"]}}],"collection":[{"href":"https:\/\/slolux.eu\/fr\/wp-json\/wp\/v2\/posts"}],"about":[{"href":"https:\/\/slolux.eu\/fr\/wp-json\/wp\/v2\/types\/post"}],"author":[{"embeddable":true,"href":"https:\/\/slolux.eu\/fr\/wp-json\/wp\/v2\/users\/1"}],"replies":[{"embeddable":true,"href":"https:\/\/slolux.eu\/fr\/wp-json\/wp\/v2\/comments?post=7026"}],"version-history":[{"count":1,"href":"https:\/\/slolux.eu\/fr\/wp-json\/wp\/v2\/posts\/7026\/revisions"}],"predecessor-version":[{"id":7027,"href":"https:\/\/slolux.eu\/fr\/wp-json\/wp\/v2\/posts\/7026\/revisions\/7027"}],"wp:featuredmedia":[{"embeddable":true,"href":"https:\/\/slolux.eu\/fr\/wp-json\/wp\/v2\/media\/7024"}],"wp:attachment":[{"href":"https:\/\/slolux.eu\/fr\/wp-json\/wp\/v2\/media?parent=7026"}],"wp:term":[{"taxonomy":"category","embeddable":true,"href":"https:\/\/slolux.eu\/fr\/wp-json\/wp\/v2\/categories?post=7026"},{"taxonomy":"post_tag","embeddable":true,"href":"https:\/\/slolux.eu\/fr\/wp-json\/wp\/v2\/tags?post=7026"}],"curies":[{"name":"wp","href":"https:\/\/api.w.org\/{rel}","templated":true}]}}