{"id":1075,"date":"2016-04-28T19:17:17","date_gmt":"2016-04-28T17:17:17","guid":{"rendered":"https:\/\/old.slolux.eu\/?p=1075"},"modified":"2024-01-03T18:10:31","modified_gmt":"2024-01-03T17:10:31","slug":"masa-in-medved-pritegnila-vec-kot-60-otrok","status":"publish","type":"post","link":"https:\/\/slolux.eu\/hr\/masa-in-medved-pritegnila-vec-kot-60-otrok\/","title":{"rendered":"\u201cMa\u0161a i medvjed\u201d privukla je vi\u0161e od 60 djece"},"content":{"rendered":"<p>Ovo je na\u0161a druga dje\u010dja kazali\u0161na predstava i jo\u0161 jednom zahvaljujemo posjetiteljima na tako velikom posje\u0107enju i potpori koju su iskazali na\u0161im nastojanjima da slovenska djeca u Luksemburgu ostanu u kontaktu sa slovenskim jezikom i na kulturnom planu. Posjeti ovakvim doga\u0111anjima zasigurno nisu samo zabavni, ve\u0107 djeci usa\u0111uju ljubav prema umjetnosti i, naravno, slovenskom jeziku.<\/p>\n<p>Predstava Bear Symphony nikoga nije ostavila ravnodu\u0161nim. Djeca i njihovi roditelji bili su odu\u0161evljeni brojnim vragolijama malih Ma\u0161enjaka. Na\u0161i najmla\u0111i sigurno jo\u0161 dugo ne\u0107e zaboraviti ovaj nastup.<\/p>\n<p>Budu\u0107i da nam je cilj pripremati doga\u0111anja koja \u0107e biti zanimljiva \u0161to ve\u0107em broju djece u Luksemburgu, pozivamo vas da nam po\u0161aljete prijedloge \u0161to i koga biste voljeli vidjeti na pozornici, kao i koja bi vas druga doga\u0111anja zanimala. Dobrodo\u0161le bi nam i sve pozitivne i negativne kritike na ve\u0107 odr\u017eane nastupe, kako bismo u budu\u0107nosti mogli jo\u0161 bolje organizirati ovakve doga\u0111aje. Ujedno, tako\u0111er pozivamo sve koji bi se \u017eeljeli uklju\u010diti u organizaciju dje\u010djeg programa u okviru udruge da nam se jave. <a href=\"http:\/\/ppoljak@gmail.com\" target=\"_blank\" rel=\"noopener\">Poloneza<\/a> ili <a href=\"http:\/\/silvija_zagar@yahoo.com\" target=\"_blank\" rel=\"noopener\">Silvija<\/a>.<\/p>\n[huge_it_gallery id=\u201d11\u2033]\n<p>&nbsp;<\/p>","protected":false},"excerpt":{"rendered":"<p>Ovo je na\u0161a druga dje\u010dja kazali\u0161na predstava i jo\u0161 jednom bismo se \u017eeljeli zahvaliti posjetiteljima na tako velikoj posje\u0107enosti i [\u2026]<\/p>","protected":false},"author":1,"featured_media":1081,"comment_status":"open","ping_status":"open","sticky":false,"template":"","format":"standard","meta":{"site-sidebar-layout":"default","site-content-layout":"","ast-site-content-layout":"","site-content-style":"default","site-sidebar-style":"default","ast-global-header-display":"","ast-banner-title-visibility":"","ast-main-header-display":"","ast-hfb-above-header-display":"","ast-hfb-below-header-display":"","ast-hfb-mobile-header-display":"","site-post-title":"","ast-breadcrumbs-content":"","ast-featured-img":"","footer-sml-layout":"","theme-transparent-header-meta":"","adv-header-id-meta":"","stick-header-meta":"","header-above-stick-meta":"","header-main-stick-meta":"","header-below-stick-meta":"","astra-migrate-meta-layouts":"default","ast-page-background-enabled":"default","ast-page-background-meta":{"desktop":{"background-color":"var(--ast-global-color-4)","background-image":"","background-repeat":"repeat","background-position":"center center","background-size":"auto","background-attachment":"scroll","background-type":"","background-media":"","overlay-type":"","overlay-color":"","overlay-opacity":"","overlay-gradient":""},"tablet":{"background-color":"","background-image":"","background-repeat":"repeat","background-position":"center center","background-size":"auto","background-attachment":"scroll","background-type":"","background-media":"","overlay-type":"","overlay-color":"","overlay-opacity":"","overlay-gradient":""},"mobile":{"background-color":"","background-image":"","background-repeat":"repeat","background-position":"center center","background-size":"auto","background-attachment":"scroll","background-type":"","background-media":"","overlay-type":"","overlay-color":"","overlay-opacity":"","overlay-gradient":""}},"ast-content-background-meta":{"desktop":{"background-color":"var(--ast-global-color-5)","background-image":"","background-repeat":"repeat","background-position":"center center","background-size":"auto","background-attachment":"scroll","background-type":"","background-media":"","overlay-type":"","overlay-color":"","overlay-opacity":"","overlay-gradient":""},"tablet":{"background-color":"var(--ast-global-color-5)","background-image":"","background-repeat":"repeat","background-position":"center center","background-size":"auto","background-attachment":"scroll","background-type":"","background-media":"","overlay-type":"","overlay-color":"","overlay-opacity":"","overlay-gradient":""},"mobile":{"background-color":"var(--ast-global-color-5)","background-image":"","background-repeat":"repeat","background-position":"center center","background-size":"auto","background-attachment":"scroll","background-type":"","background-media":"","overlay-type":"","overlay-color":"","overlay-opacity":"","overlay-gradient":""}},"footnotes":""},"categories":[30,37],"tags":[],"class_list":["post-1075","post","type-post","status-publish","format-standard","has-post-thumbnail","hentry","category-news","category-po-dogodku"],"yoast_head":"<!-- This site is optimized with the Yoast SEO plugin v24.5 - https:\/\/yoast.com\/wordpress\/plugins\/seo\/ -->\n<title>\u00bbMa\u0161a in Medved\u00ab pritegnila ve\u010d kot 60 otrok - Slolux<\/title>\n<meta name=\"robots\" content=\"index, follow, max-snippet:-1, max-image-preview:large, max-video-preview:-1\" \/>\n<link rel=\"canonical\" href=\"https:\/\/slolux.eu\/hr\/masa-in-medved-pritegnila-vec-kot-60-otrok\/\" \/>\n<meta property=\"og:locale\" content=\"hr_HR\" \/>\n<meta property=\"og:type\" content=\"article\" \/>\n<meta property=\"og:title\" content=\"\u00bbMa\u0161a in Medved\u00ab pritegnila ve\u010d kot 60 otrok - Slolux\" \/>\n<meta property=\"og:description\" content=\"Za nami je \u017ee druga otro\u0161ka gledali\u0161ka predstava in \u0161e enkrat bi se radi zahvalili obiskovalcem za tako \u0161tevil\u010den obisk ter s tem izkazano [&hellip;]\" \/>\n<meta property=\"og:url\" content=\"https:\/\/slolux.eu\/hr\/masa-in-medved-pritegnila-vec-kot-60-otrok\/\" \/>\n<meta property=\"og:site_name\" content=\"Slolux\" \/>\n<meta property=\"article:published_time\" content=\"2016-04-28T17:17:17+00:00\" \/>\n<meta property=\"article:modified_time\" content=\"2024-01-03T17:10:31+00:00\" \/>\n<meta property=\"og:image\" content=\"https:\/\/slolux.eu\/wp-content\/uploads\/2016\/04\/DSC08625.jpg\" \/>\n\t<meta property=\"og:image:width\" content=\"1024\" \/>\n\t<meta property=\"og:image:height\" content=\"768\" \/>\n\t<meta property=\"og:image:type\" content=\"image\/jpeg\" \/>\n<meta name=\"author\" content=\"emilk\" \/>\n<meta name=\"twitter:card\" content=\"summary_large_image\" \/>\n<meta name=\"twitter:label1\" content=\"Written by\" \/>\n\t<meta name=\"twitter:data1\" content=\"emilk\" \/>\n\t<meta name=\"twitter:label2\" content=\"Est. reading time\" \/>\n\t<meta name=\"twitter:data2\" content=\"1 minute\" \/>\n<script type=\"application\/ld+json\" class=\"yoast-schema-graph\">{\"@context\":\"https:\/\/schema.org\",\"@graph\":[{\"@type\":\"Article\",\"@id\":\"https:\/\/slolux.eu\/masa-in-medved-pritegnila-vec-kot-60-otrok\/#article\",\"isPartOf\":{\"@id\":\"https:\/\/slolux.eu\/masa-in-medved-pritegnila-vec-kot-60-otrok\/\"},\"author\":{\"name\":\"emilk\",\"@id\":\"https:\/\/slolux.eu\/#\/schema\/person\/89c0bc490751fd8c820af6ec2049496a\"},\"headline\":\"\u00bbMa\u0161a in Medved\u00ab pritegnila ve\u010d kot 60 otrok\",\"datePublished\":\"2016-04-28T17:17:17+00:00\",\"dateModified\":\"2024-01-03T17:10:31+00:00\",\"mainEntityOfPage\":{\"@id\":\"https:\/\/slolux.eu\/masa-in-medved-pritegnila-vec-kot-60-otrok\/\"},\"wordCount\":203,\"commentCount\":0,\"publisher\":{\"@id\":\"https:\/\/slolux.eu\/#organization\"},\"image\":{\"@id\":\"https:\/\/slolux.eu\/masa-in-medved-pritegnila-vec-kot-60-otrok\/#primaryimage\"},\"thumbnailUrl\":\"https:\/\/slolux.eu\/wp-content\/uploads\/2016\/04\/DSC08625.jpg\",\"articleSection\":[\"Novice\",\"Utrinki preteklih dogodkov\"],\"inLanguage\":\"hr-HR\",\"potentialAction\":[{\"@type\":\"CommentAction\",\"name\":\"Comment\",\"target\":[\"https:\/\/slolux.eu\/masa-in-medved-pritegnila-vec-kot-60-otrok\/#respond\"]}]},{\"@type\":\"WebPage\",\"@id\":\"https:\/\/slolux.eu\/masa-in-medved-pritegnila-vec-kot-60-otrok\/\",\"url\":\"https:\/\/slolux.eu\/masa-in-medved-pritegnila-vec-kot-60-otrok\/\",\"name\":\"\u00bbMa\u0161a in Medved\u00ab pritegnila ve\u010d kot 60 otrok - Slolux\",\"isPartOf\":{\"@id\":\"https:\/\/slolux.eu\/#website\"},\"primaryImageOfPage\":{\"@id\":\"https:\/\/slolux.eu\/masa-in-medved-pritegnila-vec-kot-60-otrok\/#primaryimage\"},\"image\":{\"@id\":\"https:\/\/slolux.eu\/masa-in-medved-pritegnila-vec-kot-60-otrok\/#primaryimage\"},\"thumbnailUrl\":\"https:\/\/slolux.eu\/wp-content\/uploads\/2016\/04\/DSC08625.jpg\",\"datePublished\":\"2016-04-28T17:17:17+00:00\",\"dateModified\":\"2024-01-03T17:10:31+00:00\",\"breadcrumb\":{\"@id\":\"https:\/\/slolux.eu\/masa-in-medved-pritegnila-vec-kot-60-otrok\/#breadcrumb\"},\"inLanguage\":\"hr-HR\",\"potentialAction\":[{\"@type\":\"ReadAction\",\"target\":[\"https:\/\/slolux.eu\/masa-in-medved-pritegnila-vec-kot-60-otrok\/\"]}]},{\"@type\":\"ImageObject\",\"inLanguage\":\"hr-HR\",\"@id\":\"https:\/\/slolux.eu\/masa-in-medved-pritegnila-vec-kot-60-otrok\/#primaryimage\",\"url\":\"https:\/\/slolux.eu\/wp-content\/uploads\/2016\/04\/DSC08625.jpg\",\"contentUrl\":\"https:\/\/slolux.eu\/wp-content\/uploads\/2016\/04\/DSC08625.jpg\",\"width\":1024,\"height\":768},{\"@type\":\"BreadcrumbList\",\"@id\":\"https:\/\/slolux.eu\/masa-in-medved-pritegnila-vec-kot-60-otrok\/#breadcrumb\",\"itemListElement\":[{\"@type\":\"ListItem\",\"position\":1,\"name\":\"Home\",\"item\":\"https:\/\/slolux.eu\/\"},{\"@type\":\"ListItem\",\"position\":2,\"name\":\"\u00bbMa\u0161a in Medved\u00ab pritegnila ve\u010d kot 60 otrok\"}]},{\"@type\":\"WebSite\",\"@id\":\"https:\/\/slolux.eu\/#website\",\"url\":\"https:\/\/slolux.eu\/\",\"name\":\"Slovensko dru\u0161tvo v Luksemburgu\",\"description\":\"Slovensko dru\u0161tvo v Luksemburgu\",\"publisher\":{\"@id\":\"https:\/\/slolux.eu\/#organization\"},\"potentialAction\":[{\"@type\":\"SearchAction\",\"target\":{\"@type\":\"EntryPoint\",\"urlTemplate\":\"https:\/\/slolux.eu\/?s={search_term_string}\"},\"query-input\":{\"@type\":\"PropertyValueSpecification\",\"valueRequired\":true,\"valueName\":\"search_term_string\"}}],\"inLanguage\":\"hr-HR\"},{\"@type\":\"Organization\",\"@id\":\"https:\/\/slolux.eu\/#organization\",\"name\":\"Slovensko dru\u0161tvo v Luksemburgu\",\"url\":\"https:\/\/slolux.eu\/\",\"logo\":{\"@type\":\"ImageObject\",\"inLanguage\":\"hr-HR\",\"@id\":\"https:\/\/slolux.eu\/#\/schema\/logo\/image\/\",\"url\":\"https:\/\/slolux.eu\/wp-content\/uploads\/2023\/12\/barvnofinal.png\",\"contentUrl\":\"https:\/\/slolux.eu\/wp-content\/uploads\/2023\/12\/barvnofinal.png\",\"width\":2550,\"height\":938,\"caption\":\"Slovensko dru\u0161tvo v Luksemburgu\"},\"image\":{\"@id\":\"https:\/\/slolux.eu\/#\/schema\/logo\/image\/\"}},{\"@type\":\"Person\",\"@id\":\"https:\/\/slolux.eu\/#\/schema\/person\/89c0bc490751fd8c820af6ec2049496a\",\"name\":\"emilk\",\"image\":{\"@type\":\"ImageObject\",\"inLanguage\":\"hr-HR\",\"@id\":\"https:\/\/slolux.eu\/#\/schema\/person\/image\/\",\"url\":\"https:\/\/secure.gravatar.com\/avatar\/f0322d080f9bbb04c78300901a3f936bfd50777a1f9af51976123e266fbe5856?s=96&d=monsterid&r=g\",\"contentUrl\":\"https:\/\/secure.gravatar.com\/avatar\/f0322d080f9bbb04c78300901a3f936bfd50777a1f9af51976123e266fbe5856?s=96&d=monsterid&r=g\",\"caption\":\"emilk\"},\"url\":\"https:\/\/slolux.eu\/hr\/author\/emilk\/\"}]}<\/script>\n<!-- \/ Yoast SEO plugin. -->","yoast_head_json":{"title":"\u00bbMa\u0161a in Medved\u00ab pritegnila ve\u010d kot 60 otrok - Slolux","robots":{"index":"index","follow":"follow","max-snippet":"max-snippet:-1","max-image-preview":"max-image-preview:large","max-video-preview":"max-video-preview:-1"},"canonical":"https:\/\/slolux.eu\/hr\/masa-in-medved-pritegnila-vec-kot-60-otrok\/","og_locale":"hr_HR","og_type":"article","og_title":"\u00bbMa\u0161a in Medved\u00ab pritegnila ve\u010d kot 60 otrok - Slolux","og_description":"Za nami je \u017ee druga otro\u0161ka gledali\u0161ka predstava in \u0161e enkrat bi se radi zahvalili obiskovalcem za tako \u0161tevil\u010den obisk ter s tem izkazano [&hellip;]","og_url":"https:\/\/slolux.eu\/hr\/masa-in-medved-pritegnila-vec-kot-60-otrok\/","og_site_name":"Slolux","article_published_time":"2016-04-28T17:17:17+00:00","article_modified_time":"2024-01-03T17:10:31+00:00","og_image":[{"width":1024,"height":768,"url":"https:\/\/slolux.eu\/wp-content\/uploads\/2016\/04\/DSC08625.jpg","type":"image\/jpeg"}],"author":"emilk","twitter_card":"summary_large_image","twitter_misc":{"Written by":"emilk","Est. reading time":"1 minute"},"schema":{"@context":"https:\/\/schema.org","@graph":[{"@type":"Article","@id":"https:\/\/slolux.eu\/masa-in-medved-pritegnila-vec-kot-60-otrok\/#article","isPartOf":{"@id":"https:\/\/slolux.eu\/masa-in-medved-pritegnila-vec-kot-60-otrok\/"},"author":{"name":"emilk","@id":"https:\/\/slolux.eu\/#\/schema\/person\/89c0bc490751fd8c820af6ec2049496a"},"headline":"\u00bbMa\u0161a in Medved\u00ab pritegnila ve\u010d kot 60 otrok","datePublished":"2016-04-28T17:17:17+00:00","dateModified":"2024-01-03T17:10:31+00:00","mainEntityOfPage":{"@id":"https:\/\/slolux.eu\/masa-in-medved-pritegnila-vec-kot-60-otrok\/"},"wordCount":203,"commentCount":0,"publisher":{"@id":"https:\/\/slolux.eu\/#organization"},"image":{"@id":"https:\/\/slolux.eu\/masa-in-medved-pritegnila-vec-kot-60-otrok\/#primaryimage"},"thumbnailUrl":"https:\/\/slolux.eu\/wp-content\/uploads\/2016\/04\/DSC08625.jpg","articleSection":["Novice","Utrinki preteklih dogodkov"],"inLanguage":"hr-HR","potentialAction":[{"@type":"CommentAction","name":"Comment","target":["https:\/\/slolux.eu\/masa-in-medved-pritegnila-vec-kot-60-otrok\/#respond"]}]},{"@type":"WebPage","@id":"https:\/\/slolux.eu\/masa-in-medved-pritegnila-vec-kot-60-otrok\/","url":"https:\/\/slolux.eu\/masa-in-medved-pritegnila-vec-kot-60-otrok\/","name":"\u00bbMa\u0161a in Medved\u00ab pritegnila ve\u010d kot 60 otrok - Slolux","isPartOf":{"@id":"https:\/\/slolux.eu\/#website"},"primaryImageOfPage":{"@id":"https:\/\/slolux.eu\/masa-in-medved-pritegnila-vec-kot-60-otrok\/#primaryimage"},"image":{"@id":"https:\/\/slolux.eu\/masa-in-medved-pritegnila-vec-kot-60-otrok\/#primaryimage"},"thumbnailUrl":"https:\/\/slolux.eu\/wp-content\/uploads\/2016\/04\/DSC08625.jpg","datePublished":"2016-04-28T17:17:17+00:00","dateModified":"2024-01-03T17:10:31+00:00","breadcrumb":{"@id":"https:\/\/slolux.eu\/masa-in-medved-pritegnila-vec-kot-60-otrok\/#breadcrumb"},"inLanguage":"hr-HR","potentialAction":[{"@type":"ReadAction","target":["https:\/\/slolux.eu\/masa-in-medved-pritegnila-vec-kot-60-otrok\/"]}]},{"@type":"ImageObject","inLanguage":"hr-HR","@id":"https:\/\/slolux.eu\/masa-in-medved-pritegnila-vec-kot-60-otrok\/#primaryimage","url":"https:\/\/slolux.eu\/wp-content\/uploads\/2016\/04\/DSC08625.jpg","contentUrl":"https:\/\/slolux.eu\/wp-content\/uploads\/2016\/04\/DSC08625.jpg","width":1024,"height":768},{"@type":"BreadcrumbList","@id":"https:\/\/slolux.eu\/masa-in-medved-pritegnila-vec-kot-60-otrok\/#breadcrumb","itemListElement":[{"@type":"ListItem","position":1,"name":"Home","item":"https:\/\/slolux.eu\/"},{"@type":"ListItem","position":2,"name":"\u00bbMa\u0161a in Medved\u00ab pritegnila ve\u010d kot 60 otrok"}]},{"@type":"WebSite","@id":"https:\/\/slolux.eu\/#website","url":"https:\/\/slolux.eu\/","name":"Slovensko dru\u0161tvo v Luksemburgu","description":"Slovensko dru\u0161tvo v Luksemburgu","publisher":{"@id":"https:\/\/slolux.eu\/#organization"},"potentialAction":[{"@type":"SearchAction","target":{"@type":"EntryPoint","urlTemplate":"https:\/\/slolux.eu\/?s={search_term_string}"},"query-input":{"@type":"PropertyValueSpecification","valueRequired":true,"valueName":"search_term_string"}}],"inLanguage":"hr-HR"},{"@type":"Organization","@id":"https:\/\/slolux.eu\/#organization","name":"Slovensko dru\u0161tvo v Luksemburgu","url":"https:\/\/slolux.eu\/","logo":{"@type":"ImageObject","inLanguage":"hr-HR","@id":"https:\/\/slolux.eu\/#\/schema\/logo\/image\/","url":"https:\/\/slolux.eu\/wp-content\/uploads\/2023\/12\/barvnofinal.png","contentUrl":"https:\/\/slolux.eu\/wp-content\/uploads\/2023\/12\/barvnofinal.png","width":2550,"height":938,"caption":"Slovensko dru\u0161tvo v Luksemburgu"},"image":{"@id":"https:\/\/slolux.eu\/#\/schema\/logo\/image\/"}},{"@type":"Person","@id":"https:\/\/slolux.eu\/#\/schema\/person\/89c0bc490751fd8c820af6ec2049496a","name":"emilk","image":{"@type":"ImageObject","inLanguage":"hr-HR","@id":"https:\/\/slolux.eu\/#\/schema\/person\/image\/","url":"https:\/\/secure.gravatar.com\/avatar\/f0322d080f9bbb04c78300901a3f936bfd50777a1f9af51976123e266fbe5856?s=96&d=monsterid&r=g","contentUrl":"https:\/\/secure.gravatar.com\/avatar\/f0322d080f9bbb04c78300901a3f936bfd50777a1f9af51976123e266fbe5856?s=96&d=monsterid&r=g","caption":"emilk"},"url":"https:\/\/slolux.eu\/hr\/author\/emilk\/"}]}},"_links":{"self":[{"href":"https:\/\/slolux.eu\/hr\/wp-json\/wp\/v2\/posts\/1075","targetHints":{"allow":["GET"]}}],"collection":[{"href":"https:\/\/slolux.eu\/hr\/wp-json\/wp\/v2\/posts"}],"about":[{"href":"https:\/\/slolux.eu\/hr\/wp-json\/wp\/v2\/types\/post"}],"author":[{"embeddable":true,"href":"https:\/\/slolux.eu\/hr\/wp-json\/wp\/v2\/users\/1"}],"replies":[{"embeddable":true,"href":"https:\/\/slolux.eu\/hr\/wp-json\/wp\/v2\/comments?post=1075"}],"version-history":[{"count":1,"href":"https:\/\/slolux.eu\/hr\/wp-json\/wp\/v2\/posts\/1075\/revisions"}],"predecessor-version":[{"id":5675,"href":"https:\/\/slolux.eu\/hr\/wp-json\/wp\/v2\/posts\/1075\/revisions\/5675"}],"wp:featuredmedia":[{"embeddable":true,"href":"https:\/\/slolux.eu\/hr\/wp-json\/wp\/v2\/media\/1081"}],"wp:attachment":[{"href":"https:\/\/slolux.eu\/hr\/wp-json\/wp\/v2\/media?parent=1075"}],"wp:term":[{"taxonomy":"category","embeddable":true,"href":"https:\/\/slolux.eu\/hr\/wp-json\/wp\/v2\/categories?post=1075"},{"taxonomy":"post_tag","embeddable":true,"href":"https:\/\/slolux.eu\/hr\/wp-json\/wp\/v2\/tags?post=1075"}],"curies":[{"name":"wp","href":"https:\/\/api.w.org\/{rel}","templated":true}]}}