{"id":1582,"date":"2017-01-31T11:57:58","date_gmt":"2017-01-31T10:57:58","guid":{"rendered":"https:\/\/old.slolux.eu\/?p=1582"},"modified":"2024-01-03T18:10:28","modified_gmt":"2024-01-03T17:10:28","slug":"bralna-urica-zeleni-otok-in-sivi-otok","status":"publish","type":"post","link":"https:\/\/slolux.eu\/hr\/bralna-urica-zeleni-otok-in-sivi-otok\/","title":{"rendered":"Sat \u010ditanja: Zeleni otok i sivi otok"},"content":{"rendered":"<p>Sat \u010ditanja na slovenskom jeziku u me\u0111unarodnoj knji\u017enici Il \u00e9tait une fois (<a href=\"http:\/\/www.iletaitunefois.lu\/\">http:\/\/www.iletaitunefois.lu<\/a>\/).<\/p>\n<p>U velja\u010dkom satu \u010ditanja Marina Seli\u0161kar djeci \u0107e predstaviti knjigu &quot;Zeleni otok i siv otok&quot; Ivana Gantscheva. Sva su djeca dobrodo\u0161la.<\/p>\n<p>&nbsp;<\/p>","protected":false},"excerpt":{"rendered":"<p>Sat \u010ditanja na slovenskom jeziku u me\u0111unarodnoj knji\u017enici Il \u00e9tait une fois (http:\/\/www.iletaitunefois.lu\/). U velja\u010dkom satu \u010ditanja, Marina Seli\u0161kar predstavit \u0107e knjigu \u201eZeleni otok [\u2026]<\/p>","protected":false},"author":379,"featured_media":1590,"comment_status":"open","ping_status":"open","sticky":false,"template":"","format":"standard","meta":{"site-sidebar-layout":"default","site-content-layout":"","ast-site-content-layout":"","site-content-style":"default","site-sidebar-style":"default","ast-global-header-display":"","ast-banner-title-visibility":"","ast-main-header-display":"","ast-hfb-above-header-display":"","ast-hfb-below-header-display":"","ast-hfb-mobile-header-display":"","site-post-title":"","ast-breadcrumbs-content":"","ast-featured-img":"","footer-sml-layout":"","theme-transparent-header-meta":"","adv-header-id-meta":"","stick-header-meta":"","header-above-stick-meta":"","header-main-stick-meta":"","header-below-stick-meta":"","astra-migrate-meta-layouts":"default","ast-page-background-enabled":"default","ast-page-background-meta":{"desktop":{"background-color":"var(--ast-global-color-4)","background-image":"","background-repeat":"repeat","background-position":"center center","background-size":"auto","background-attachment":"scroll","background-type":"","background-media":"","overlay-type":"","overlay-color":"","overlay-opacity":"","overlay-gradient":""},"tablet":{"background-color":"","background-image":"","background-repeat":"repeat","background-position":"center center","background-size":"auto","background-attachment":"scroll","background-type":"","background-media":"","overlay-type":"","overlay-color":"","overlay-opacity":"","overlay-gradient":""},"mobile":{"background-color":"","background-image":"","background-repeat":"repeat","background-position":"center center","background-size":"auto","background-attachment":"scroll","background-type":"","background-media":"","overlay-type":"","overlay-color":"","overlay-opacity":"","overlay-gradient":""}},"ast-content-background-meta":{"desktop":{"background-color":"var(--ast-global-color-5)","background-image":"","background-repeat":"repeat","background-position":"center center","background-size":"auto","background-attachment":"scroll","background-type":"","background-media":"","overlay-type":"","overlay-color":"","overlay-opacity":"","overlay-gradient":""},"tablet":{"background-color":"var(--ast-global-color-5)","background-image":"","background-repeat":"repeat","background-position":"center center","background-size":"auto","background-attachment":"scroll","background-type":"","background-media":"","overlay-type":"","overlay-color":"","overlay-opacity":"","overlay-gradient":""},"mobile":{"background-color":"var(--ast-global-color-5)","background-image":"","background-repeat":"repeat","background-position":"center center","background-size":"auto","background-attachment":"scroll","background-type":"","background-media":"","overlay-type":"","overlay-color":"","overlay-opacity":"","overlay-gradient":""}},"footnotes":""},"categories":[30],"tags":[],"class_list":["post-1582","post","type-post","status-publish","format-standard","has-post-thumbnail","hentry","category-news"],"yoast_head":"<!-- This site is optimized with the Yoast SEO plugin v24.5 - https:\/\/yoast.com\/wordpress\/plugins\/seo\/ -->\n<title>Bralna urica: Zeleni otok in sivi otok - Slolux<\/title>\n<meta name=\"robots\" content=\"index, follow, max-snippet:-1, max-image-preview:large, max-video-preview:-1\" \/>\n<link rel=\"canonical\" href=\"https:\/\/slolux.eu\/hr\/bralna-urica-zeleni-otok-in-sivi-otok\/\" \/>\n<meta property=\"og:locale\" content=\"hr_HR\" \/>\n<meta property=\"og:type\" content=\"article\" \/>\n<meta property=\"og:title\" content=\"Bralna urica: Zeleni otok in sivi otok - Slolux\" \/>\n<meta property=\"og:description\" content=\"Bralna urica v sloven\u0161\u010dini v mednarodni knji\u017enici Il \u00e9tait une fois (http:\/\/www.iletaitunefois.lu\/). V februarski bralni urici bo Marina Seli\u0161kar otrokom predstavila knjigo &#8221;Zeleni otok [&hellip;]\" \/>\n<meta property=\"og:url\" content=\"https:\/\/slolux.eu\/hr\/bralna-urica-zeleni-otok-in-sivi-otok\/\" \/>\n<meta property=\"og:site_name\" content=\"Slolux\" \/>\n<meta property=\"article:published_time\" content=\"2017-01-31T10:57:58+00:00\" \/>\n<meta property=\"article:modified_time\" content=\"2024-01-03T17:10:28+00:00\" \/>\n<meta property=\"og:image\" content=\"https:\/\/slolux.eu\/wp-content\/uploads\/2017\/01\/otok.jpg\" \/>\n\t<meta property=\"og:image:width\" content=\"300\" \/>\n\t<meta property=\"og:image:height\" content=\"411\" \/>\n\t<meta property=\"og:image:type\" content=\"image\/jpeg\" \/>\n<meta name=\"author\" content=\"LojzeV\" \/>\n<meta name=\"twitter:card\" content=\"summary_large_image\" \/>\n<meta name=\"twitter:label1\" content=\"Written by\" \/>\n\t<meta name=\"twitter:data1\" content=\"LojzeV\" \/>\n<script type=\"application\/ld+json\" class=\"yoast-schema-graph\">{\"@context\":\"https:\/\/schema.org\",\"@graph\":[{\"@type\":\"Article\",\"@id\":\"https:\/\/slolux.eu\/bralna-urica-zeleni-otok-in-sivi-otok\/#article\",\"isPartOf\":{\"@id\":\"https:\/\/slolux.eu\/bralna-urica-zeleni-otok-in-sivi-otok\/\"},\"author\":{\"name\":\"LojzeV\",\"@id\":\"https:\/\/slolux.eu\/#\/schema\/person\/0f0f1badec4fc2ff3c69a58609d75a42\"},\"headline\":\"Bralna urica: Zeleni otok in sivi otok\",\"datePublished\":\"2017-01-31T10:57:58+00:00\",\"dateModified\":\"2024-01-03T17:10:28+00:00\",\"mainEntityOfPage\":{\"@id\":\"https:\/\/slolux.eu\/bralna-urica-zeleni-otok-in-sivi-otok\/\"},\"wordCount\":46,\"commentCount\":0,\"publisher\":{\"@id\":\"https:\/\/slolux.eu\/#organization\"},\"image\":{\"@id\":\"https:\/\/slolux.eu\/bralna-urica-zeleni-otok-in-sivi-otok\/#primaryimage\"},\"thumbnailUrl\":\"https:\/\/slolux.eu\/wp-content\/uploads\/2017\/01\/otok.jpg\",\"articleSection\":[\"Novice\"],\"inLanguage\":\"hr-HR\",\"potentialAction\":[{\"@type\":\"CommentAction\",\"name\":\"Comment\",\"target\":[\"https:\/\/slolux.eu\/bralna-urica-zeleni-otok-in-sivi-otok\/#respond\"]}]},{\"@type\":\"WebPage\",\"@id\":\"https:\/\/slolux.eu\/bralna-urica-zeleni-otok-in-sivi-otok\/\",\"url\":\"https:\/\/slolux.eu\/bralna-urica-zeleni-otok-in-sivi-otok\/\",\"name\":\"Bralna urica: Zeleni otok in sivi otok - Slolux\",\"isPartOf\":{\"@id\":\"https:\/\/slolux.eu\/#website\"},\"primaryImageOfPage\":{\"@id\":\"https:\/\/slolux.eu\/bralna-urica-zeleni-otok-in-sivi-otok\/#primaryimage\"},\"image\":{\"@id\":\"https:\/\/slolux.eu\/bralna-urica-zeleni-otok-in-sivi-otok\/#primaryimage\"},\"thumbnailUrl\":\"https:\/\/slolux.eu\/wp-content\/uploads\/2017\/01\/otok.jpg\",\"datePublished\":\"2017-01-31T10:57:58+00:00\",\"dateModified\":\"2024-01-03T17:10:28+00:00\",\"breadcrumb\":{\"@id\":\"https:\/\/slolux.eu\/bralna-urica-zeleni-otok-in-sivi-otok\/#breadcrumb\"},\"inLanguage\":\"hr-HR\",\"potentialAction\":[{\"@type\":\"ReadAction\",\"target\":[\"https:\/\/slolux.eu\/bralna-urica-zeleni-otok-in-sivi-otok\/\"]}]},{\"@type\":\"ImageObject\",\"inLanguage\":\"hr-HR\",\"@id\":\"https:\/\/slolux.eu\/bralna-urica-zeleni-otok-in-sivi-otok\/#primaryimage\",\"url\":\"https:\/\/slolux.eu\/wp-content\/uploads\/2017\/01\/otok.jpg\",\"contentUrl\":\"https:\/\/slolux.eu\/wp-content\/uploads\/2017\/01\/otok.jpg\",\"width\":300,\"height\":411},{\"@type\":\"BreadcrumbList\",\"@id\":\"https:\/\/slolux.eu\/bralna-urica-zeleni-otok-in-sivi-otok\/#breadcrumb\",\"itemListElement\":[{\"@type\":\"ListItem\",\"position\":1,\"name\":\"Home\",\"item\":\"https:\/\/slolux.eu\/\"},{\"@type\":\"ListItem\",\"position\":2,\"name\":\"Bralna urica: Zeleni otok in sivi otok\"}]},{\"@type\":\"WebSite\",\"@id\":\"https:\/\/slolux.eu\/#website\",\"url\":\"https:\/\/slolux.eu\/\",\"name\":\"Slovensko dru\u0161tvo v Luksemburgu\",\"description\":\"Slovensko dru\u0161tvo v Luksemburgu\",\"publisher\":{\"@id\":\"https:\/\/slolux.eu\/#organization\"},\"potentialAction\":[{\"@type\":\"SearchAction\",\"target\":{\"@type\":\"EntryPoint\",\"urlTemplate\":\"https:\/\/slolux.eu\/?s={search_term_string}\"},\"query-input\":{\"@type\":\"PropertyValueSpecification\",\"valueRequired\":true,\"valueName\":\"search_term_string\"}}],\"inLanguage\":\"hr-HR\"},{\"@type\":\"Organization\",\"@id\":\"https:\/\/slolux.eu\/#organization\",\"name\":\"Slovensko dru\u0161tvo v Luksemburgu\",\"url\":\"https:\/\/slolux.eu\/\",\"logo\":{\"@type\":\"ImageObject\",\"inLanguage\":\"hr-HR\",\"@id\":\"https:\/\/slolux.eu\/#\/schema\/logo\/image\/\",\"url\":\"https:\/\/slolux.eu\/wp-content\/uploads\/2023\/12\/barvnofinal.png\",\"contentUrl\":\"https:\/\/slolux.eu\/wp-content\/uploads\/2023\/12\/barvnofinal.png\",\"width\":2550,\"height\":938,\"caption\":\"Slovensko dru\u0161tvo v Luksemburgu\"},\"image\":{\"@id\":\"https:\/\/slolux.eu\/#\/schema\/logo\/image\/\"}},{\"@type\":\"Person\",\"@id\":\"https:\/\/slolux.eu\/#\/schema\/person\/0f0f1badec4fc2ff3c69a58609d75a42\",\"name\":\"LojzeV\",\"image\":{\"@type\":\"ImageObject\",\"inLanguage\":\"hr-HR\",\"@id\":\"https:\/\/slolux.eu\/#\/schema\/person\/image\/\",\"url\":\"https:\/\/secure.gravatar.com\/avatar\/c3d8659fda3f2ae98328f5353c674d34a3a12129dc32a73c67f9fe4aa43de48d?s=96&d=monsterid&r=g\",\"contentUrl\":\"https:\/\/secure.gravatar.com\/avatar\/c3d8659fda3f2ae98328f5353c674d34a3a12129dc32a73c67f9fe4aa43de48d?s=96&d=monsterid&r=g\",\"caption\":\"LojzeV\"},\"url\":\"https:\/\/slolux.eu\/hr\/author\/lojzev\/\"}]}<\/script>\n<!-- \/ Yoast SEO plugin. -->","yoast_head_json":{"title":"Bralna urica: Zeleni otok in sivi otok - Slolux","robots":{"index":"index","follow":"follow","max-snippet":"max-snippet:-1","max-image-preview":"max-image-preview:large","max-video-preview":"max-video-preview:-1"},"canonical":"https:\/\/slolux.eu\/hr\/bralna-urica-zeleni-otok-in-sivi-otok\/","og_locale":"hr_HR","og_type":"article","og_title":"Bralna urica: Zeleni otok in sivi otok - Slolux","og_description":"Bralna urica v sloven\u0161\u010dini v mednarodni knji\u017enici Il \u00e9tait une fois (http:\/\/www.iletaitunefois.lu\/). V februarski bralni urici bo Marina Seli\u0161kar otrokom predstavila knjigo &#8221;Zeleni otok [&hellip;]","og_url":"https:\/\/slolux.eu\/hr\/bralna-urica-zeleni-otok-in-sivi-otok\/","og_site_name":"Slolux","article_published_time":"2017-01-31T10:57:58+00:00","article_modified_time":"2024-01-03T17:10:28+00:00","og_image":[{"width":300,"height":411,"url":"https:\/\/slolux.eu\/wp-content\/uploads\/2017\/01\/otok.jpg","type":"image\/jpeg"}],"author":"LojzeV","twitter_card":"summary_large_image","twitter_misc":{"Written by":"LojzeV"},"schema":{"@context":"https:\/\/schema.org","@graph":[{"@type":"Article","@id":"https:\/\/slolux.eu\/bralna-urica-zeleni-otok-in-sivi-otok\/#article","isPartOf":{"@id":"https:\/\/slolux.eu\/bralna-urica-zeleni-otok-in-sivi-otok\/"},"author":{"name":"LojzeV","@id":"https:\/\/slolux.eu\/#\/schema\/person\/0f0f1badec4fc2ff3c69a58609d75a42"},"headline":"Bralna urica: Zeleni otok in sivi otok","datePublished":"2017-01-31T10:57:58+00:00","dateModified":"2024-01-03T17:10:28+00:00","mainEntityOfPage":{"@id":"https:\/\/slolux.eu\/bralna-urica-zeleni-otok-in-sivi-otok\/"},"wordCount":46,"commentCount":0,"publisher":{"@id":"https:\/\/slolux.eu\/#organization"},"image":{"@id":"https:\/\/slolux.eu\/bralna-urica-zeleni-otok-in-sivi-otok\/#primaryimage"},"thumbnailUrl":"https:\/\/slolux.eu\/wp-content\/uploads\/2017\/01\/otok.jpg","articleSection":["Novice"],"inLanguage":"hr-HR","potentialAction":[{"@type":"CommentAction","name":"Comment","target":["https:\/\/slolux.eu\/bralna-urica-zeleni-otok-in-sivi-otok\/#respond"]}]},{"@type":"WebPage","@id":"https:\/\/slolux.eu\/bralna-urica-zeleni-otok-in-sivi-otok\/","url":"https:\/\/slolux.eu\/bralna-urica-zeleni-otok-in-sivi-otok\/","name":"Bralna urica: Zeleni otok in sivi otok - Slolux","isPartOf":{"@id":"https:\/\/slolux.eu\/#website"},"primaryImageOfPage":{"@id":"https:\/\/slolux.eu\/bralna-urica-zeleni-otok-in-sivi-otok\/#primaryimage"},"image":{"@id":"https:\/\/slolux.eu\/bralna-urica-zeleni-otok-in-sivi-otok\/#primaryimage"},"thumbnailUrl":"https:\/\/slolux.eu\/wp-content\/uploads\/2017\/01\/otok.jpg","datePublished":"2017-01-31T10:57:58+00:00","dateModified":"2024-01-03T17:10:28+00:00","breadcrumb":{"@id":"https:\/\/slolux.eu\/bralna-urica-zeleni-otok-in-sivi-otok\/#breadcrumb"},"inLanguage":"hr-HR","potentialAction":[{"@type":"ReadAction","target":["https:\/\/slolux.eu\/bralna-urica-zeleni-otok-in-sivi-otok\/"]}]},{"@type":"ImageObject","inLanguage":"hr-HR","@id":"https:\/\/slolux.eu\/bralna-urica-zeleni-otok-in-sivi-otok\/#primaryimage","url":"https:\/\/slolux.eu\/wp-content\/uploads\/2017\/01\/otok.jpg","contentUrl":"https:\/\/slolux.eu\/wp-content\/uploads\/2017\/01\/otok.jpg","width":300,"height":411},{"@type":"BreadcrumbList","@id":"https:\/\/slolux.eu\/bralna-urica-zeleni-otok-in-sivi-otok\/#breadcrumb","itemListElement":[{"@type":"ListItem","position":1,"name":"Home","item":"https:\/\/slolux.eu\/"},{"@type":"ListItem","position":2,"name":"Bralna urica: Zeleni otok in sivi otok"}]},{"@type":"WebSite","@id":"https:\/\/slolux.eu\/#website","url":"https:\/\/slolux.eu\/","name":"Slovensko dru\u0161tvo v Luksemburgu","description":"Slovensko dru\u0161tvo v Luksemburgu","publisher":{"@id":"https:\/\/slolux.eu\/#organization"},"potentialAction":[{"@type":"SearchAction","target":{"@type":"EntryPoint","urlTemplate":"https:\/\/slolux.eu\/?s={search_term_string}"},"query-input":{"@type":"PropertyValueSpecification","valueRequired":true,"valueName":"search_term_string"}}],"inLanguage":"hr-HR"},{"@type":"Organization","@id":"https:\/\/slolux.eu\/#organization","name":"Slovensko dru\u0161tvo v Luksemburgu","url":"https:\/\/slolux.eu\/","logo":{"@type":"ImageObject","inLanguage":"hr-HR","@id":"https:\/\/slolux.eu\/#\/schema\/logo\/image\/","url":"https:\/\/slolux.eu\/wp-content\/uploads\/2023\/12\/barvnofinal.png","contentUrl":"https:\/\/slolux.eu\/wp-content\/uploads\/2023\/12\/barvnofinal.png","width":2550,"height":938,"caption":"Slovensko dru\u0161tvo v Luksemburgu"},"image":{"@id":"https:\/\/slolux.eu\/#\/schema\/logo\/image\/"}},{"@type":"Person","@id":"https:\/\/slolux.eu\/#\/schema\/person\/0f0f1badec4fc2ff3c69a58609d75a42","name":"LojzeV","image":{"@type":"ImageObject","inLanguage":"hr-HR","@id":"https:\/\/slolux.eu\/#\/schema\/person\/image\/","url":"https:\/\/secure.gravatar.com\/avatar\/c3d8659fda3f2ae98328f5353c674d34a3a12129dc32a73c67f9fe4aa43de48d?s=96&d=monsterid&r=g","contentUrl":"https:\/\/secure.gravatar.com\/avatar\/c3d8659fda3f2ae98328f5353c674d34a3a12129dc32a73c67f9fe4aa43de48d?s=96&d=monsterid&r=g","caption":"LojzeV"},"url":"https:\/\/slolux.eu\/hr\/author\/lojzev\/"}]}},"_links":{"self":[{"href":"https:\/\/slolux.eu\/hr\/wp-json\/wp\/v2\/posts\/1582","targetHints":{"allow":["GET"]}}],"collection":[{"href":"https:\/\/slolux.eu\/hr\/wp-json\/wp\/v2\/posts"}],"about":[{"href":"https:\/\/slolux.eu\/hr\/wp-json\/wp\/v2\/types\/post"}],"author":[{"embeddable":true,"href":"https:\/\/slolux.eu\/hr\/wp-json\/wp\/v2\/users\/379"}],"replies":[{"embeddable":true,"href":"https:\/\/slolux.eu\/hr\/wp-json\/wp\/v2\/comments?post=1582"}],"version-history":[{"count":1,"href":"https:\/\/slolux.eu\/hr\/wp-json\/wp\/v2\/posts\/1582\/revisions"}],"predecessor-version":[{"id":5636,"href":"https:\/\/slolux.eu\/hr\/wp-json\/wp\/v2\/posts\/1582\/revisions\/5636"}],"wp:featuredmedia":[{"embeddable":true,"href":"https:\/\/slolux.eu\/hr\/wp-json\/wp\/v2\/media\/1590"}],"wp:attachment":[{"href":"https:\/\/slolux.eu\/hr\/wp-json\/wp\/v2\/media?parent=1582"}],"wp:term":[{"taxonomy":"category","embeddable":true,"href":"https:\/\/slolux.eu\/hr\/wp-json\/wp\/v2\/categories?post=1582"},{"taxonomy":"post_tag","embeddable":true,"href":"https:\/\/slolux.eu\/hr\/wp-json\/wp\/v2\/tags?post=1582"}],"curies":[{"name":"wp","href":"https:\/\/api.w.org\/{rel}","templated":true}]}}