{"id":1829,"date":"2017-05-11T09:46:57","date_gmt":"2017-05-11T07:46:57","guid":{"rendered":"https:\/\/old.slolux.eu\/?p=1829"},"modified":"2024-01-03T18:10:27","modified_gmt":"2024-01-03T17:10:27","slug":"samostojni-klavirski-recital-zale-kravos","status":"publish","type":"post","link":"https:\/\/slolux.eu\/hr\/samostojni-klavirski-recital-zale-kravos\/","title":{"rendered":"Solisti\u010dki klavirski recital Zale Kravos"},"content":{"rendered":"<p><img loading=\"lazy\" decoding=\"async\" class=\"alignnone wp-image-1830\" src=\"https:\/\/old.slolux.eu\/wp-content\/uploads\/2017\/05\/Kravros-3-768x992.jpg\" alt=\"\" width=\"156\" height=\"202\" srcset=\"https:\/\/slolux.eu\/wp-content\/uploads\/2017\/05\/Kravros-3-768x992.jpg 768w, https:\/\/slolux.eu\/wp-content\/uploads\/2017\/05\/Kravros-3-768x992-232x300.jpg 232w\" sizes=\"auto, (max-width: 156px) 100vw, 156px\" \/><\/p>\n<p>Dragi Slovenci i Slovenke!<\/p>\n<p>Zala Kravos ve\u0107 nam je svima dobro poznata kao vrhunska pijanistica. Njene turneje se\u017eu od Kine do Amerike. Vi\u0161e o Zali mo\u017eete pro\u010ditati na <a href=\"http:\/\/zalakravos.eu\/\" target=\"_blank\" rel=\"noopener noreferrer\">njena strana<\/a>.<\/p>\n<p>Posljednji put Zala je za Slovensku zajednicu zasvirala na do\u010deku Nove godine, gdje je pratila Tinkaru Kova\u010d. Tada je dobila poziv za samostalni recital, koji \u0107e se odr\u017eati u nedjelju, 21. svibnja 2017., u 17:00 sati u kulturnom domu <a href=\"http:\/\/altrimenti.lu\" target=\"_blank\" rel=\"noopener noreferrer\">Altrimenti<\/a> (gdje je odr\u017ean i do\u010dek Nove godine).<\/p>\n<p>Vi\u0161e o koncertu i cijenama ulaznica pro\u010ditajte na <a href=\"http:\/\/altrimenti.lu\/events\/event\/recital-de-piano-zala-kravos\/\" target=\"_blank\" rel=\"noopener noreferrer\">web stranica doga\u0111aja<\/a>.<\/p>\n<p>Nema na \u010demu.<\/p>","protected":false},"excerpt":{"rendered":"<p>Dragi Slovenci! Zala Kravos je vrhunska pijanistica dobro poznata svima nama. Njeni nastupi se\u017eu od Kine do Amerike. Vi\u0161e o Zali [\u2026]<\/p>","protected":false},"author":1,"featured_media":1830,"comment_status":"open","ping_status":"open","sticky":false,"template":"","format":"standard","meta":{"site-sidebar-layout":"default","site-content-layout":"","ast-site-content-layout":"","site-content-style":"default","site-sidebar-style":"default","ast-global-header-display":"","ast-banner-title-visibility":"","ast-main-header-display":"","ast-hfb-above-header-display":"","ast-hfb-below-header-display":"","ast-hfb-mobile-header-display":"","site-post-title":"","ast-breadcrumbs-content":"","ast-featured-img":"","footer-sml-layout":"","theme-transparent-header-meta":"","adv-header-id-meta":"","stick-header-meta":"","header-above-stick-meta":"","header-main-stick-meta":"","header-below-stick-meta":"","astra-migrate-meta-layouts":"default","ast-page-background-enabled":"default","ast-page-background-meta":{"desktop":{"background-color":"var(--ast-global-color-4)","background-image":"","background-repeat":"repeat","background-position":"center center","background-size":"auto","background-attachment":"scroll","background-type":"","background-media":"","overlay-type":"","overlay-color":"","overlay-opacity":"","overlay-gradient":""},"tablet":{"background-color":"","background-image":"","background-repeat":"repeat","background-position":"center center","background-size":"auto","background-attachment":"scroll","background-type":"","background-media":"","overlay-type":"","overlay-color":"","overlay-opacity":"","overlay-gradient":""},"mobile":{"background-color":"","background-image":"","background-repeat":"repeat","background-position":"center center","background-size":"auto","background-attachment":"scroll","background-type":"","background-media":"","overlay-type":"","overlay-color":"","overlay-opacity":"","overlay-gradient":""}},"ast-content-background-meta":{"desktop":{"background-color":"var(--ast-global-color-5)","background-image":"","background-repeat":"repeat","background-position":"center center","background-size":"auto","background-attachment":"scroll","background-type":"","background-media":"","overlay-type":"","overlay-color":"","overlay-opacity":"","overlay-gradient":""},"tablet":{"background-color":"var(--ast-global-color-5)","background-image":"","background-repeat":"repeat","background-position":"center center","background-size":"auto","background-attachment":"scroll","background-type":"","background-media":"","overlay-type":"","overlay-color":"","overlay-opacity":"","overlay-gradient":""},"mobile":{"background-color":"var(--ast-global-color-5)","background-image":"","background-repeat":"repeat","background-position":"center center","background-size":"auto","background-attachment":"scroll","background-type":"","background-media":"","overlay-type":"","overlay-color":"","overlay-opacity":"","overlay-gradient":""}},"footnotes":""},"categories":[18,32,26,30],"tags":[],"class_list":["post-1829","post","type-post","status-publish","format-standard","has-post-thumbnail","hentry","category-druzabno-srecanje","category-koncert","category-ne-zamudite","category-news"],"yoast_head":"<!-- This site is optimized with the Yoast SEO plugin v24.5 - https:\/\/yoast.com\/wordpress\/plugins\/seo\/ -->\n<title>Samostojni klavirski recital Zale Kravos - Slolux<\/title>\n<meta name=\"robots\" content=\"index, follow, max-snippet:-1, max-image-preview:large, max-video-preview:-1\" \/>\n<link rel=\"canonical\" href=\"https:\/\/slolux.eu\/hr\/samostojni-klavirski-recital-zale-kravos\/\" \/>\n<meta property=\"og:locale\" content=\"hr_HR\" \/>\n<meta property=\"og:type\" content=\"article\" \/>\n<meta property=\"og:title\" content=\"Samostojni klavirski recital Zale Kravos - Slolux\" \/>\n<meta property=\"og:description\" content=\"Drage Slovenke in Slovenci! Zala Kravos je vsem nam \u017ee dobro poznana vrhunska pianistka. Njena gostovanja segajo od Kitajske do Amerike. Ve\u010d o Zali [&hellip;]\" \/>\n<meta property=\"og:url\" content=\"https:\/\/slolux.eu\/hr\/samostojni-klavirski-recital-zale-kravos\/\" \/>\n<meta property=\"og:site_name\" content=\"Slolux\" \/>\n<meta property=\"article:published_time\" content=\"2017-05-11T07:46:57+00:00\" \/>\n<meta property=\"article:modified_time\" content=\"2024-01-03T17:10:27+00:00\" \/>\n<meta property=\"og:image\" content=\"https:\/\/slolux.eu\/wp-content\/uploads\/2017\/05\/Kravros-3-768x992.jpg\" \/>\n\t<meta property=\"og:image:width\" content=\"768\" \/>\n\t<meta property=\"og:image:height\" content=\"992\" \/>\n\t<meta property=\"og:image:type\" content=\"image\/jpeg\" \/>\n<meta name=\"author\" content=\"emilk\" \/>\n<meta name=\"twitter:card\" content=\"summary_large_image\" \/>\n<meta name=\"twitter:label1\" content=\"Written by\" \/>\n\t<meta name=\"twitter:data1\" content=\"emilk\" \/>\n<script type=\"application\/ld+json\" class=\"yoast-schema-graph\">{\"@context\":\"https:\/\/schema.org\",\"@graph\":[{\"@type\":\"Article\",\"@id\":\"https:\/\/slolux.eu\/samostojni-klavirski-recital-zale-kravos\/#article\",\"isPartOf\":{\"@id\":\"https:\/\/slolux.eu\/samostojni-klavirski-recital-zale-kravos\/\"},\"author\":{\"name\":\"emilk\",\"@id\":\"https:\/\/slolux.eu\/#\/schema\/person\/89c0bc490751fd8c820af6ec2049496a\"},\"headline\":\"Samostojni klavirski recital Zale Kravos\",\"datePublished\":\"2017-05-11T07:46:57+00:00\",\"dateModified\":\"2024-01-03T17:10:27+00:00\",\"mainEntityOfPage\":{\"@id\":\"https:\/\/slolux.eu\/samostojni-klavirski-recital-zale-kravos\/\"},\"wordCount\":89,\"commentCount\":0,\"publisher\":{\"@id\":\"https:\/\/slolux.eu\/#organization\"},\"image\":{\"@id\":\"https:\/\/slolux.eu\/samostojni-klavirski-recital-zale-kravos\/#primaryimage\"},\"thumbnailUrl\":\"https:\/\/slolux.eu\/wp-content\/uploads\/2017\/05\/Kravros-3-768x992.jpg\",\"articleSection\":[\"Dru\u017eabno sre\u010danje\",\"Koncert\",\"Ne zamudite\",\"Novice\"],\"inLanguage\":\"hr-HR\",\"potentialAction\":[{\"@type\":\"CommentAction\",\"name\":\"Comment\",\"target\":[\"https:\/\/slolux.eu\/samostojni-klavirski-recital-zale-kravos\/#respond\"]}]},{\"@type\":\"WebPage\",\"@id\":\"https:\/\/slolux.eu\/samostojni-klavirski-recital-zale-kravos\/\",\"url\":\"https:\/\/slolux.eu\/samostojni-klavirski-recital-zale-kravos\/\",\"name\":\"Samostojni klavirski recital Zale Kravos - Slolux\",\"isPartOf\":{\"@id\":\"https:\/\/slolux.eu\/#website\"},\"primaryImageOfPage\":{\"@id\":\"https:\/\/slolux.eu\/samostojni-klavirski-recital-zale-kravos\/#primaryimage\"},\"image\":{\"@id\":\"https:\/\/slolux.eu\/samostojni-klavirski-recital-zale-kravos\/#primaryimage\"},\"thumbnailUrl\":\"https:\/\/slolux.eu\/wp-content\/uploads\/2017\/05\/Kravros-3-768x992.jpg\",\"datePublished\":\"2017-05-11T07:46:57+00:00\",\"dateModified\":\"2024-01-03T17:10:27+00:00\",\"breadcrumb\":{\"@id\":\"https:\/\/slolux.eu\/samostojni-klavirski-recital-zale-kravos\/#breadcrumb\"},\"inLanguage\":\"hr-HR\",\"potentialAction\":[{\"@type\":\"ReadAction\",\"target\":[\"https:\/\/slolux.eu\/samostojni-klavirski-recital-zale-kravos\/\"]}]},{\"@type\":\"ImageObject\",\"inLanguage\":\"hr-HR\",\"@id\":\"https:\/\/slolux.eu\/samostojni-klavirski-recital-zale-kravos\/#primaryimage\",\"url\":\"https:\/\/slolux.eu\/wp-content\/uploads\/2017\/05\/Kravros-3-768x992.jpg\",\"contentUrl\":\"https:\/\/slolux.eu\/wp-content\/uploads\/2017\/05\/Kravros-3-768x992.jpg\",\"width\":768,\"height\":992},{\"@type\":\"BreadcrumbList\",\"@id\":\"https:\/\/slolux.eu\/samostojni-klavirski-recital-zale-kravos\/#breadcrumb\",\"itemListElement\":[{\"@type\":\"ListItem\",\"position\":1,\"name\":\"Home\",\"item\":\"https:\/\/slolux.eu\/\"},{\"@type\":\"ListItem\",\"position\":2,\"name\":\"Samostojni klavirski recital Zale Kravos\"}]},{\"@type\":\"WebSite\",\"@id\":\"https:\/\/slolux.eu\/#website\",\"url\":\"https:\/\/slolux.eu\/\",\"name\":\"Slovensko dru\u0161tvo v Luksemburgu\",\"description\":\"Slovensko dru\u0161tvo v Luksemburgu\",\"publisher\":{\"@id\":\"https:\/\/slolux.eu\/#organization\"},\"potentialAction\":[{\"@type\":\"SearchAction\",\"target\":{\"@type\":\"EntryPoint\",\"urlTemplate\":\"https:\/\/slolux.eu\/?s={search_term_string}\"},\"query-input\":{\"@type\":\"PropertyValueSpecification\",\"valueRequired\":true,\"valueName\":\"search_term_string\"}}],\"inLanguage\":\"hr-HR\"},{\"@type\":\"Organization\",\"@id\":\"https:\/\/slolux.eu\/#organization\",\"name\":\"Slovensko dru\u0161tvo v Luksemburgu\",\"url\":\"https:\/\/slolux.eu\/\",\"logo\":{\"@type\":\"ImageObject\",\"inLanguage\":\"hr-HR\",\"@id\":\"https:\/\/slolux.eu\/#\/schema\/logo\/image\/\",\"url\":\"https:\/\/slolux.eu\/wp-content\/uploads\/2023\/12\/barvnofinal.png\",\"contentUrl\":\"https:\/\/slolux.eu\/wp-content\/uploads\/2023\/12\/barvnofinal.png\",\"width\":2550,\"height\":938,\"caption\":\"Slovensko dru\u0161tvo v Luksemburgu\"},\"image\":{\"@id\":\"https:\/\/slolux.eu\/#\/schema\/logo\/image\/\"}},{\"@type\":\"Person\",\"@id\":\"https:\/\/slolux.eu\/#\/schema\/person\/89c0bc490751fd8c820af6ec2049496a\",\"name\":\"emilk\",\"image\":{\"@type\":\"ImageObject\",\"inLanguage\":\"hr-HR\",\"@id\":\"https:\/\/slolux.eu\/#\/schema\/person\/image\/\",\"url\":\"https:\/\/secure.gravatar.com\/avatar\/f0322d080f9bbb04c78300901a3f936bfd50777a1f9af51976123e266fbe5856?s=96&d=monsterid&r=g\",\"contentUrl\":\"https:\/\/secure.gravatar.com\/avatar\/f0322d080f9bbb04c78300901a3f936bfd50777a1f9af51976123e266fbe5856?s=96&d=monsterid&r=g\",\"caption\":\"emilk\"},\"url\":\"https:\/\/slolux.eu\/hr\/author\/emilk\/\"}]}<\/script>\n<!-- \/ Yoast SEO plugin. -->","yoast_head_json":{"title":"Samostojni klavirski recital Zale Kravos - Slolux","robots":{"index":"index","follow":"follow","max-snippet":"max-snippet:-1","max-image-preview":"max-image-preview:large","max-video-preview":"max-video-preview:-1"},"canonical":"https:\/\/slolux.eu\/hr\/samostojni-klavirski-recital-zale-kravos\/","og_locale":"hr_HR","og_type":"article","og_title":"Samostojni klavirski recital Zale Kravos - Slolux","og_description":"Drage Slovenke in Slovenci! Zala Kravos je vsem nam \u017ee dobro poznana vrhunska pianistka. Njena gostovanja segajo od Kitajske do Amerike. Ve\u010d o Zali [&hellip;]","og_url":"https:\/\/slolux.eu\/hr\/samostojni-klavirski-recital-zale-kravos\/","og_site_name":"Slolux","article_published_time":"2017-05-11T07:46:57+00:00","article_modified_time":"2024-01-03T17:10:27+00:00","og_image":[{"width":768,"height":992,"url":"https:\/\/slolux.eu\/wp-content\/uploads\/2017\/05\/Kravros-3-768x992.jpg","type":"image\/jpeg"}],"author":"emilk","twitter_card":"summary_large_image","twitter_misc":{"Written by":"emilk"},"schema":{"@context":"https:\/\/schema.org","@graph":[{"@type":"Article","@id":"https:\/\/slolux.eu\/samostojni-klavirski-recital-zale-kravos\/#article","isPartOf":{"@id":"https:\/\/slolux.eu\/samostojni-klavirski-recital-zale-kravos\/"},"author":{"name":"emilk","@id":"https:\/\/slolux.eu\/#\/schema\/person\/89c0bc490751fd8c820af6ec2049496a"},"headline":"Samostojni klavirski recital Zale Kravos","datePublished":"2017-05-11T07:46:57+00:00","dateModified":"2024-01-03T17:10:27+00:00","mainEntityOfPage":{"@id":"https:\/\/slolux.eu\/samostojni-klavirski-recital-zale-kravos\/"},"wordCount":89,"commentCount":0,"publisher":{"@id":"https:\/\/slolux.eu\/#organization"},"image":{"@id":"https:\/\/slolux.eu\/samostojni-klavirski-recital-zale-kravos\/#primaryimage"},"thumbnailUrl":"https:\/\/slolux.eu\/wp-content\/uploads\/2017\/05\/Kravros-3-768x992.jpg","articleSection":["Dru\u017eabno sre\u010danje","Koncert","Ne zamudite","Novice"],"inLanguage":"hr-HR","potentialAction":[{"@type":"CommentAction","name":"Comment","target":["https:\/\/slolux.eu\/samostojni-klavirski-recital-zale-kravos\/#respond"]}]},{"@type":"WebPage","@id":"https:\/\/slolux.eu\/samostojni-klavirski-recital-zale-kravos\/","url":"https:\/\/slolux.eu\/samostojni-klavirski-recital-zale-kravos\/","name":"Samostojni klavirski recital Zale Kravos - Slolux","isPartOf":{"@id":"https:\/\/slolux.eu\/#website"},"primaryImageOfPage":{"@id":"https:\/\/slolux.eu\/samostojni-klavirski-recital-zale-kravos\/#primaryimage"},"image":{"@id":"https:\/\/slolux.eu\/samostojni-klavirski-recital-zale-kravos\/#primaryimage"},"thumbnailUrl":"https:\/\/slolux.eu\/wp-content\/uploads\/2017\/05\/Kravros-3-768x992.jpg","datePublished":"2017-05-11T07:46:57+00:00","dateModified":"2024-01-03T17:10:27+00:00","breadcrumb":{"@id":"https:\/\/slolux.eu\/samostojni-klavirski-recital-zale-kravos\/#breadcrumb"},"inLanguage":"hr-HR","potentialAction":[{"@type":"ReadAction","target":["https:\/\/slolux.eu\/samostojni-klavirski-recital-zale-kravos\/"]}]},{"@type":"ImageObject","inLanguage":"hr-HR","@id":"https:\/\/slolux.eu\/samostojni-klavirski-recital-zale-kravos\/#primaryimage","url":"https:\/\/slolux.eu\/wp-content\/uploads\/2017\/05\/Kravros-3-768x992.jpg","contentUrl":"https:\/\/slolux.eu\/wp-content\/uploads\/2017\/05\/Kravros-3-768x992.jpg","width":768,"height":992},{"@type":"BreadcrumbList","@id":"https:\/\/slolux.eu\/samostojni-klavirski-recital-zale-kravos\/#breadcrumb","itemListElement":[{"@type":"ListItem","position":1,"name":"Home","item":"https:\/\/slolux.eu\/"},{"@type":"ListItem","position":2,"name":"Samostojni klavirski recital Zale Kravos"}]},{"@type":"WebSite","@id":"https:\/\/slolux.eu\/#website","url":"https:\/\/slolux.eu\/","name":"Slovensko dru\u0161tvo v Luksemburgu","description":"Slovensko dru\u0161tvo v Luksemburgu","publisher":{"@id":"https:\/\/slolux.eu\/#organization"},"potentialAction":[{"@type":"SearchAction","target":{"@type":"EntryPoint","urlTemplate":"https:\/\/slolux.eu\/?s={search_term_string}"},"query-input":{"@type":"PropertyValueSpecification","valueRequired":true,"valueName":"search_term_string"}}],"inLanguage":"hr-HR"},{"@type":"Organization","@id":"https:\/\/slolux.eu\/#organization","name":"Slovensko dru\u0161tvo v Luksemburgu","url":"https:\/\/slolux.eu\/","logo":{"@type":"ImageObject","inLanguage":"hr-HR","@id":"https:\/\/slolux.eu\/#\/schema\/logo\/image\/","url":"https:\/\/slolux.eu\/wp-content\/uploads\/2023\/12\/barvnofinal.png","contentUrl":"https:\/\/slolux.eu\/wp-content\/uploads\/2023\/12\/barvnofinal.png","width":2550,"height":938,"caption":"Slovensko dru\u0161tvo v Luksemburgu"},"image":{"@id":"https:\/\/slolux.eu\/#\/schema\/logo\/image\/"}},{"@type":"Person","@id":"https:\/\/slolux.eu\/#\/schema\/person\/89c0bc490751fd8c820af6ec2049496a","name":"emilk","image":{"@type":"ImageObject","inLanguage":"hr-HR","@id":"https:\/\/slolux.eu\/#\/schema\/person\/image\/","url":"https:\/\/secure.gravatar.com\/avatar\/f0322d080f9bbb04c78300901a3f936bfd50777a1f9af51976123e266fbe5856?s=96&d=monsterid&r=g","contentUrl":"https:\/\/secure.gravatar.com\/avatar\/f0322d080f9bbb04c78300901a3f936bfd50777a1f9af51976123e266fbe5856?s=96&d=monsterid&r=g","caption":"emilk"},"url":"https:\/\/slolux.eu\/hr\/author\/emilk\/"}]}},"_links":{"self":[{"href":"https:\/\/slolux.eu\/hr\/wp-json\/wp\/v2\/posts\/1829","targetHints":{"allow":["GET"]}}],"collection":[{"href":"https:\/\/slolux.eu\/hr\/wp-json\/wp\/v2\/posts"}],"about":[{"href":"https:\/\/slolux.eu\/hr\/wp-json\/wp\/v2\/types\/post"}],"author":[{"embeddable":true,"href":"https:\/\/slolux.eu\/hr\/wp-json\/wp\/v2\/users\/1"}],"replies":[{"embeddable":true,"href":"https:\/\/slolux.eu\/hr\/wp-json\/wp\/v2\/comments?post=1829"}],"version-history":[{"count":1,"href":"https:\/\/slolux.eu\/hr\/wp-json\/wp\/v2\/posts\/1829\/revisions"}],"predecessor-version":[{"id":5616,"href":"https:\/\/slolux.eu\/hr\/wp-json\/wp\/v2\/posts\/1829\/revisions\/5616"}],"wp:featuredmedia":[{"embeddable":true,"href":"https:\/\/slolux.eu\/hr\/wp-json\/wp\/v2\/media\/1830"}],"wp:attachment":[{"href":"https:\/\/slolux.eu\/hr\/wp-json\/wp\/v2\/media?parent=1829"}],"wp:term":[{"taxonomy":"category","embeddable":true,"href":"https:\/\/slolux.eu\/hr\/wp-json\/wp\/v2\/categories?post=1829"},{"taxonomy":"post_tag","embeddable":true,"href":"https:\/\/slolux.eu\/hr\/wp-json\/wp\/v2\/tags?post=1829"}],"curies":[{"name":"wp","href":"https:\/\/api.w.org\/{rel}","templated":true}]}}