{"id":311,"date":"2015-06-18T22:00:59","date_gmt":"2015-06-18T20:00:59","guid":{"rendered":"https:\/\/old.slolux.eu\/?p=311"},"modified":"2016-01-27T20:11:39","modified_gmt":"2016-01-27T19:11:39","slug":"skupscina-porocilo","status":"publish","type":"post","link":"https:\/\/slolux.eu\/hr\/skupscina-porocilo\/","title":{"rendered":"Prva 42 \u010dlana osnovala su Slolux asbl"},"content":{"rendered":"<p>Dana 18. lipnja 2015. u 19:00 sati 42 \u010dlana osniva\u010da slu\u017ebeno su osnovali neprofitnu organizaciju &quot;Slovensko dru\u0161tvo v Luxemburgu, Slolux asbl&quot;.<\/p>\n<p><!--more--><\/p>\n<p>U \u010detvrtak, 18. lipnja 2015. u 19:00 sati okupilo se 37 Slovenaca u &quot;Centre sportif et culturel Gare&quot;, 5 ih je bilo nazo\u010dno preko opunomo\u0107enika. Me\u0111u \u010dlanovima osniva\u010dima sa zadovoljstvom smo ugostili predstavnika slovenskog veleposlanstva u Bruxellesu, slovenske predstavnike Europskog suda pravde i Europskog revizorskog suda, predstavnika udruge <a href=\"http:\/\/lsbc.lu\/\" target=\"_blank\">LSBC<\/a>, predstavnici europskih institucija i pojedinci koji studiraju ili rade u privatnom sektoru u Luksemburgu.<\/p>\n<p>Na skup\u0161tini pod predsjedanjem Emila Kosa usvojen je naziv &quot;Slovensko dru\u0161tvo v Luxemburgu, Slolux asbl&quot;, Statut, Uvjeti \u010dlanstva i Pravila izbora (sve dokumente mo\u017eete pogledati u kartici &quot;O nama&quot;). Na skupu je izglasana \u010dlanarina od 20 \u20ac za pojedina\u010dnog \u010dlana i 30 \u20ac za obitelj.<\/p>\n<p>\u010clanovi utemeljitelji izabrali su Emila Kosa za predsjednika udruge, Silviju \u017dagar za dopredsjednicu i Andreju Kr\u010d Gr\u010dar za blagajnicu; prvi mandat upravnog odbora traje godinu dana. U nadzorni odbor izabrani su Maja \u017du\u017eman, Marina Seli\u0161kar i Sa\u0161a Theis Valpot; prvi mandat nadzornog odbora traje 2 godine. \u010cestitke svima izabranima.<\/p>\n<p>Skup\u0161tinu smo zavr\u0161ili ugodnim dru\u017eenjem uz slovenske delicije.<\/p>\n<p>Slike s doga\u0111aja (autor: <a href=\"https:\/\/www.facebook.com\/branko.arnejsek?fref=ts\" target=\"_blank\">Branko Arnej\u0161ek<\/a>)<\/p>\n[huge_it_gallery id=\u201d2\u2033]","protected":false},"excerpt":{"rendered":"<p>Dana 18. lipnja 2015. u 19:00 sati 42 \u010dlana osniva\u010da slu\u017ebeno su osnovali neprofitnu organizaciju &quot;Slovensko dru\u0161tvo v Luxemburgu, Slolux asbl&quot;.<\/p>","protected":false},"author":1,"featured_media":317,"comment_status":"open","ping_status":"open","sticky":false,"template":"","format":"standard","meta":{"site-sidebar-layout":"default","site-content-layout":"","ast-site-content-layout":"","site-content-style":"default","site-sidebar-style":"default","ast-global-header-display":"","ast-banner-title-visibility":"","ast-main-header-display":"","ast-hfb-above-header-display":"","ast-hfb-below-header-display":"","ast-hfb-mobile-header-display":"","site-post-title":"","ast-breadcrumbs-content":"","ast-featured-img":"","footer-sml-layout":"","theme-transparent-header-meta":"","adv-header-id-meta":"","stick-header-meta":"","header-above-stick-meta":"","header-main-stick-meta":"","header-below-stick-meta":"","astra-migrate-meta-layouts":"default","ast-page-background-enabled":"default","ast-page-background-meta":{"desktop":{"background-color":"var(--ast-global-color-4)","background-image":"","background-repeat":"repeat","background-position":"center center","background-size":"auto","background-attachment":"scroll","background-type":"","background-media":"","overlay-type":"","overlay-color":"","overlay-opacity":"","overlay-gradient":""},"tablet":{"background-color":"","background-image":"","background-repeat":"repeat","background-position":"center center","background-size":"auto","background-attachment":"scroll","background-type":"","background-media":"","overlay-type":"","overlay-color":"","overlay-opacity":"","overlay-gradient":""},"mobile":{"background-color":"","background-image":"","background-repeat":"repeat","background-position":"center center","background-size":"auto","background-attachment":"scroll","background-type":"","background-media":"","overlay-type":"","overlay-color":"","overlay-opacity":"","overlay-gradient":""}},"ast-content-background-meta":{"desktop":{"background-color":"var(--ast-global-color-5)","background-image":"","background-repeat":"repeat","background-position":"center center","background-size":"auto","background-attachment":"scroll","background-type":"","background-media":"","overlay-type":"","overlay-color":"","overlay-opacity":"","overlay-gradient":""},"tablet":{"background-color":"var(--ast-global-color-5)","background-image":"","background-repeat":"repeat","background-position":"center center","background-size":"auto","background-attachment":"scroll","background-type":"","background-media":"","overlay-type":"","overlay-color":"","overlay-opacity":"","overlay-gradient":""},"mobile":{"background-color":"var(--ast-global-color-5)","background-image":"","background-repeat":"repeat","background-position":"center center","background-size":"auto","background-attachment":"scroll","background-type":"","background-media":"","overlay-type":"","overlay-color":"","overlay-opacity":"","overlay-gradient":""}},"footnotes":""},"categories":[30,1],"tags":[],"class_list":["post-311","post","type-post","status-publish","format-standard","has-post-thumbnail","hentry","category-news","category-uncategorized"],"yoast_head":"<!-- This site is optimized with the Yoast SEO plugin v24.5 - https:\/\/yoast.com\/wordpress\/plugins\/seo\/ -->\n<title>Prvih 42 \u010dlanov ustanovilo Slolux asbl - Slolux<\/title>\n<meta name=\"robots\" content=\"index, follow, max-snippet:-1, max-image-preview:large, max-video-preview:-1\" \/>\n<link rel=\"canonical\" href=\"https:\/\/slolux.eu\/hr\/skupscina-porocilo\/\" \/>\n<meta property=\"og:locale\" content=\"hr_HR\" \/>\n<meta property=\"og:type\" content=\"article\" \/>\n<meta property=\"og:title\" content=\"Prvih 42 \u010dlanov ustanovilo Slolux asbl - Slolux\" \/>\n<meta property=\"og:description\" content=\"Dne 18.6.2015 ob 19:00 uri je 42 ustanovnih \u010dlanov uradno ustanovilo neprofitno organizacijo \u00bbSlovensko dru\u0161tvo v Luksemburgu, Slolux asbl\u00ab.\" \/>\n<meta property=\"og:url\" content=\"https:\/\/slolux.eu\/hr\/skupscina-porocilo\/\" \/>\n<meta property=\"og:site_name\" content=\"Slolux\" \/>\n<meta property=\"article:published_time\" content=\"2015-06-18T20:00:59+00:00\" \/>\n<meta property=\"article:modified_time\" content=\"2016-01-27T19:11:39+00:00\" \/>\n<meta property=\"og:image\" content=\"https:\/\/slolux.eu\/wp-content\/uploads\/2015\/07\/Copy-of-IMG_8007f001.jpg\" \/>\n\t<meta property=\"og:image:width\" content=\"1024\" \/>\n\t<meta property=\"og:image:height\" content=\"683\" \/>\n\t<meta property=\"og:image:type\" content=\"image\/jpeg\" \/>\n<meta name=\"author\" content=\"emilk\" \/>\n<meta name=\"twitter:card\" content=\"summary_large_image\" \/>\n<meta name=\"twitter:label1\" content=\"Written by\" \/>\n\t<meta name=\"twitter:data1\" content=\"emilk\" \/>\n\t<meta name=\"twitter:label2\" content=\"Est. reading time\" \/>\n\t<meta name=\"twitter:data2\" content=\"1 minute\" \/>\n<script type=\"application\/ld+json\" class=\"yoast-schema-graph\">{\"@context\":\"https:\/\/schema.org\",\"@graph\":[{\"@type\":\"Article\",\"@id\":\"https:\/\/slolux.eu\/fr\/skupscina-porocilo\/#article\",\"isPartOf\":{\"@id\":\"https:\/\/slolux.eu\/fr\/skupscina-porocilo\/\"},\"author\":{\"name\":\"emilk\",\"@id\":\"https:\/\/slolux.eu\/#\/schema\/person\/89c0bc490751fd8c820af6ec2049496a\"},\"headline\":\"Prvih 42 \u010dlanov ustanovilo Slolux asbl\",\"datePublished\":\"2015-06-18T20:00:59+00:00\",\"dateModified\":\"2016-01-27T19:11:39+00:00\",\"mainEntityOfPage\":{\"@id\":\"https:\/\/slolux.eu\/fr\/skupscina-porocilo\/\"},\"wordCount\":213,\"commentCount\":0,\"publisher\":{\"@id\":\"https:\/\/slolux.eu\/#organization\"},\"image\":{\"@id\":\"https:\/\/slolux.eu\/fr\/skupscina-porocilo\/#primaryimage\"},\"thumbnailUrl\":\"https:\/\/slolux.eu\/wp-content\/uploads\/2015\/07\/Copy-of-IMG_8007f001.jpg\",\"articleSection\":[\"Novice\"],\"inLanguage\":\"hr-HR\",\"potentialAction\":[{\"@type\":\"CommentAction\",\"name\":\"Comment\",\"target\":[\"https:\/\/slolux.eu\/fr\/skupscina-porocilo\/#respond\"]}]},{\"@type\":\"WebPage\",\"@id\":\"https:\/\/slolux.eu\/fr\/skupscina-porocilo\/\",\"url\":\"https:\/\/slolux.eu\/fr\/skupscina-porocilo\/\",\"name\":\"Prvih 42 \u010dlanov ustanovilo Slolux asbl - Slolux\",\"isPartOf\":{\"@id\":\"https:\/\/slolux.eu\/#website\"},\"primaryImageOfPage\":{\"@id\":\"https:\/\/slolux.eu\/fr\/skupscina-porocilo\/#primaryimage\"},\"image\":{\"@id\":\"https:\/\/slolux.eu\/fr\/skupscina-porocilo\/#primaryimage\"},\"thumbnailUrl\":\"https:\/\/slolux.eu\/wp-content\/uploads\/2015\/07\/Copy-of-IMG_8007f001.jpg\",\"datePublished\":\"2015-06-18T20:00:59+00:00\",\"dateModified\":\"2016-01-27T19:11:39+00:00\",\"breadcrumb\":{\"@id\":\"https:\/\/slolux.eu\/fr\/skupscina-porocilo\/#breadcrumb\"},\"inLanguage\":\"hr-HR\",\"potentialAction\":[{\"@type\":\"ReadAction\",\"target\":[\"https:\/\/slolux.eu\/fr\/skupscina-porocilo\/\"]}]},{\"@type\":\"ImageObject\",\"inLanguage\":\"hr-HR\",\"@id\":\"https:\/\/slolux.eu\/fr\/skupscina-porocilo\/#primaryimage\",\"url\":\"https:\/\/slolux.eu\/wp-content\/uploads\/2015\/07\/Copy-of-IMG_8007f001.jpg\",\"contentUrl\":\"https:\/\/slolux.eu\/wp-content\/uploads\/2015\/07\/Copy-of-IMG_8007f001.jpg\",\"width\":1024,\"height\":683},{\"@type\":\"BreadcrumbList\",\"@id\":\"https:\/\/slolux.eu\/fr\/skupscina-porocilo\/#breadcrumb\",\"itemListElement\":[{\"@type\":\"ListItem\",\"position\":1,\"name\":\"Home\",\"item\":\"https:\/\/slolux.eu\/\"},{\"@type\":\"ListItem\",\"position\":2,\"name\":\"Prvih 42 \u010dlanov ustanovilo Slolux asbl\"}]},{\"@type\":\"WebSite\",\"@id\":\"https:\/\/slolux.eu\/#website\",\"url\":\"https:\/\/slolux.eu\/\",\"name\":\"Slovensko dru\u0161tvo v Luksemburgu\",\"description\":\"Slovensko dru\u0161tvo v Luksemburgu\",\"publisher\":{\"@id\":\"https:\/\/slolux.eu\/#organization\"},\"potentialAction\":[{\"@type\":\"SearchAction\",\"target\":{\"@type\":\"EntryPoint\",\"urlTemplate\":\"https:\/\/slolux.eu\/?s={search_term_string}\"},\"query-input\":{\"@type\":\"PropertyValueSpecification\",\"valueRequired\":true,\"valueName\":\"search_term_string\"}}],\"inLanguage\":\"hr-HR\"},{\"@type\":\"Organization\",\"@id\":\"https:\/\/slolux.eu\/#organization\",\"name\":\"Slovensko dru\u0161tvo v Luksemburgu\",\"url\":\"https:\/\/slolux.eu\/\",\"logo\":{\"@type\":\"ImageObject\",\"inLanguage\":\"hr-HR\",\"@id\":\"https:\/\/slolux.eu\/#\/schema\/logo\/image\/\",\"url\":\"https:\/\/slolux.eu\/wp-content\/uploads\/2023\/12\/barvnofinal.png\",\"contentUrl\":\"https:\/\/slolux.eu\/wp-content\/uploads\/2023\/12\/barvnofinal.png\",\"width\":2550,\"height\":938,\"caption\":\"Slovensko dru\u0161tvo v Luksemburgu\"},\"image\":{\"@id\":\"https:\/\/slolux.eu\/#\/schema\/logo\/image\/\"}},{\"@type\":\"Person\",\"@id\":\"https:\/\/slolux.eu\/#\/schema\/person\/89c0bc490751fd8c820af6ec2049496a\",\"name\":\"emilk\",\"image\":{\"@type\":\"ImageObject\",\"inLanguage\":\"hr-HR\",\"@id\":\"https:\/\/slolux.eu\/#\/schema\/person\/image\/\",\"url\":\"https:\/\/secure.gravatar.com\/avatar\/f0322d080f9bbb04c78300901a3f936bfd50777a1f9af51976123e266fbe5856?s=96&d=monsterid&r=g\",\"contentUrl\":\"https:\/\/secure.gravatar.com\/avatar\/f0322d080f9bbb04c78300901a3f936bfd50777a1f9af51976123e266fbe5856?s=96&d=monsterid&r=g\",\"caption\":\"emilk\"},\"url\":\"https:\/\/slolux.eu\/hr\/author\/emilk\/\"}]}<\/script>\n<!-- \/ Yoast SEO plugin. -->","yoast_head_json":{"title":"Prvih 42 \u010dlanov ustanovilo Slolux asbl - Slolux","robots":{"index":"index","follow":"follow","max-snippet":"max-snippet:-1","max-image-preview":"max-image-preview:large","max-video-preview":"max-video-preview:-1"},"canonical":"https:\/\/slolux.eu\/hr\/skupscina-porocilo\/","og_locale":"hr_HR","og_type":"article","og_title":"Prvih 42 \u010dlanov ustanovilo Slolux asbl - Slolux","og_description":"Dne 18.6.2015 ob 19:00 uri je 42 ustanovnih \u010dlanov uradno ustanovilo neprofitno organizacijo \u00bbSlovensko dru\u0161tvo v Luksemburgu, Slolux asbl\u00ab.","og_url":"https:\/\/slolux.eu\/hr\/skupscina-porocilo\/","og_site_name":"Slolux","article_published_time":"2015-06-18T20:00:59+00:00","article_modified_time":"2016-01-27T19:11:39+00:00","og_image":[{"width":1024,"height":683,"url":"https:\/\/slolux.eu\/wp-content\/uploads\/2015\/07\/Copy-of-IMG_8007f001.jpg","type":"image\/jpeg"}],"author":"emilk","twitter_card":"summary_large_image","twitter_misc":{"Written by":"emilk","Est. reading time":"1 minute"},"schema":{"@context":"https:\/\/schema.org","@graph":[{"@type":"Article","@id":"https:\/\/slolux.eu\/fr\/skupscina-porocilo\/#article","isPartOf":{"@id":"https:\/\/slolux.eu\/fr\/skupscina-porocilo\/"},"author":{"name":"emilk","@id":"https:\/\/slolux.eu\/#\/schema\/person\/89c0bc490751fd8c820af6ec2049496a"},"headline":"Prvih 42 \u010dlanov ustanovilo Slolux asbl","datePublished":"2015-06-18T20:00:59+00:00","dateModified":"2016-01-27T19:11:39+00:00","mainEntityOfPage":{"@id":"https:\/\/slolux.eu\/fr\/skupscina-porocilo\/"},"wordCount":213,"commentCount":0,"publisher":{"@id":"https:\/\/slolux.eu\/#organization"},"image":{"@id":"https:\/\/slolux.eu\/fr\/skupscina-porocilo\/#primaryimage"},"thumbnailUrl":"https:\/\/slolux.eu\/wp-content\/uploads\/2015\/07\/Copy-of-IMG_8007f001.jpg","articleSection":["Novice"],"inLanguage":"hr-HR","potentialAction":[{"@type":"CommentAction","name":"Comment","target":["https:\/\/slolux.eu\/fr\/skupscina-porocilo\/#respond"]}]},{"@type":"WebPage","@id":"https:\/\/slolux.eu\/fr\/skupscina-porocilo\/","url":"https:\/\/slolux.eu\/fr\/skupscina-porocilo\/","name":"Prvih 42 \u010dlanov ustanovilo Slolux asbl - Slolux","isPartOf":{"@id":"https:\/\/slolux.eu\/#website"},"primaryImageOfPage":{"@id":"https:\/\/slolux.eu\/fr\/skupscina-porocilo\/#primaryimage"},"image":{"@id":"https:\/\/slolux.eu\/fr\/skupscina-porocilo\/#primaryimage"},"thumbnailUrl":"https:\/\/slolux.eu\/wp-content\/uploads\/2015\/07\/Copy-of-IMG_8007f001.jpg","datePublished":"2015-06-18T20:00:59+00:00","dateModified":"2016-01-27T19:11:39+00:00","breadcrumb":{"@id":"https:\/\/slolux.eu\/fr\/skupscina-porocilo\/#breadcrumb"},"inLanguage":"hr-HR","potentialAction":[{"@type":"ReadAction","target":["https:\/\/slolux.eu\/fr\/skupscina-porocilo\/"]}]},{"@type":"ImageObject","inLanguage":"hr-HR","@id":"https:\/\/slolux.eu\/fr\/skupscina-porocilo\/#primaryimage","url":"https:\/\/slolux.eu\/wp-content\/uploads\/2015\/07\/Copy-of-IMG_8007f001.jpg","contentUrl":"https:\/\/slolux.eu\/wp-content\/uploads\/2015\/07\/Copy-of-IMG_8007f001.jpg","width":1024,"height":683},{"@type":"BreadcrumbList","@id":"https:\/\/slolux.eu\/fr\/skupscina-porocilo\/#breadcrumb","itemListElement":[{"@type":"ListItem","position":1,"name":"Home","item":"https:\/\/slolux.eu\/"},{"@type":"ListItem","position":2,"name":"Prvih 42 \u010dlanov ustanovilo Slolux asbl"}]},{"@type":"WebSite","@id":"https:\/\/slolux.eu\/#website","url":"https:\/\/slolux.eu\/","name":"Slovensko dru\u0161tvo v Luksemburgu","description":"Slovensko dru\u0161tvo v Luksemburgu","publisher":{"@id":"https:\/\/slolux.eu\/#organization"},"potentialAction":[{"@type":"SearchAction","target":{"@type":"EntryPoint","urlTemplate":"https:\/\/slolux.eu\/?s={search_term_string}"},"query-input":{"@type":"PropertyValueSpecification","valueRequired":true,"valueName":"search_term_string"}}],"inLanguage":"hr-HR"},{"@type":"Organization","@id":"https:\/\/slolux.eu\/#organization","name":"Slovensko dru\u0161tvo v Luksemburgu","url":"https:\/\/slolux.eu\/","logo":{"@type":"ImageObject","inLanguage":"hr-HR","@id":"https:\/\/slolux.eu\/#\/schema\/logo\/image\/","url":"https:\/\/slolux.eu\/wp-content\/uploads\/2023\/12\/barvnofinal.png","contentUrl":"https:\/\/slolux.eu\/wp-content\/uploads\/2023\/12\/barvnofinal.png","width":2550,"height":938,"caption":"Slovensko dru\u0161tvo v Luksemburgu"},"image":{"@id":"https:\/\/slolux.eu\/#\/schema\/logo\/image\/"}},{"@type":"Person","@id":"https:\/\/slolux.eu\/#\/schema\/person\/89c0bc490751fd8c820af6ec2049496a","name":"emilk","image":{"@type":"ImageObject","inLanguage":"hr-HR","@id":"https:\/\/slolux.eu\/#\/schema\/person\/image\/","url":"https:\/\/secure.gravatar.com\/avatar\/f0322d080f9bbb04c78300901a3f936bfd50777a1f9af51976123e266fbe5856?s=96&d=monsterid&r=g","contentUrl":"https:\/\/secure.gravatar.com\/avatar\/f0322d080f9bbb04c78300901a3f936bfd50777a1f9af51976123e266fbe5856?s=96&d=monsterid&r=g","caption":"emilk"},"url":"https:\/\/slolux.eu\/hr\/author\/emilk\/"}]}},"_links":{"self":[{"href":"https:\/\/slolux.eu\/hr\/wp-json\/wp\/v2\/posts\/311","targetHints":{"allow":["GET"]}}],"collection":[{"href":"https:\/\/slolux.eu\/hr\/wp-json\/wp\/v2\/posts"}],"about":[{"href":"https:\/\/slolux.eu\/hr\/wp-json\/wp\/v2\/types\/post"}],"author":[{"embeddable":true,"href":"https:\/\/slolux.eu\/hr\/wp-json\/wp\/v2\/users\/1"}],"replies":[{"embeddable":true,"href":"https:\/\/slolux.eu\/hr\/wp-json\/wp\/v2\/comments?post=311"}],"version-history":[{"count":0,"href":"https:\/\/slolux.eu\/hr\/wp-json\/wp\/v2\/posts\/311\/revisions"}],"wp:featuredmedia":[{"embeddable":true,"href":"https:\/\/slolux.eu\/hr\/wp-json\/wp\/v2\/media\/317"}],"wp:attachment":[{"href":"https:\/\/slolux.eu\/hr\/wp-json\/wp\/v2\/media?parent=311"}],"wp:term":[{"taxonomy":"category","embeddable":true,"href":"https:\/\/slolux.eu\/hr\/wp-json\/wp\/v2\/categories?post=311"},{"taxonomy":"post_tag","embeddable":true,"href":"https:\/\/slolux.eu\/hr\/wp-json\/wp\/v2\/tags?post=311"}],"curies":[{"name":"wp","href":"https:\/\/api.w.org\/{rel}","templated":true}]}}