{"id":6973,"date":"2025-10-23T09:08:18","date_gmt":"2025-10-23T07:08:18","guid":{"rendered":"https:\/\/slolux.eu\/?p=6973"},"modified":"2025-11-13T09:42:49","modified_gmt":"2025-11-13T08:42:49","slug":"%f0%9f%87%b8%f0%9f%87%ae-slovenski-vecer-na-festivalu-cineast-%f0%9f%8e%ac","status":"publish","type":"post","link":"https:\/\/slolux.eu\/hr\/%f0%9f%87%b8%f0%9f%87%ae-slovenski-vecer-na-festivalu-cineast-%f0%9f%8e%ac\/","title":{"rendered":"&quot;Bijelo se pere s 90&quot; i slovenska ve\u010der na festivalu CinEast"},"content":{"rendered":"<div data-elementor-type=\"wp-post\" data-elementor-id=\"6973\" class=\"elementor elementor-6973\" data-elementor-post-type=\"post\">\n\t\t\t\t\t\t<section class=\"elementor-section elementor-top-section elementor-element elementor-element-57d1e96 elementor-section-boxed elementor-section-height-default elementor-section-height-default\" data-id=\"57d1e96\" data-element_type=\"section\">\n\t\t\t\t\t\t<div class=\"elementor-container elementor-column-gap-default\">\n\t\t\t\t\t<div class=\"elementor-column elementor-col-100 elementor-top-column elementor-element elementor-element-69f62e2\" data-id=\"69f62e2\" data-element_type=\"column\">\n\t\t\t<div class=\"elementor-widget-wrap elementor-element-populated\">\n\t\t\t\t\t\t<div class=\"elementor-element elementor-element-24380a2 elementor-widget elementor-widget-text-editor\" data-id=\"24380a2\" data-element_type=\"widget\" data-widget_type=\"text-editor.default\">\n\t\t\t\t<div class=\"elementor-widget-container\">\n\t\t\t\t\t\t\t\t\t<p>U srijedu, 22. listopada 2025., na filmskom festivalu CinEast proslavili smo Slovensku ve\u010der dugo o\u010dekivanim filmom Belo se pere na 90, u re\u017eiji Marka Naber\u0161nika, a snimljenim prema hvaljenom romanu Bronje \u017dakelj.<\/p><p>Veleposlanica Barbara Su\u0161nik pozdravila je goste i istaknula dugu i plodnu suradnju izme\u0111u Slovenije i festivala CinEast, koji ve\u0107 dugi niz godina donosi slovensku kreativnost i pri\u010de publici u Luksemburgu.<\/p><p>Posebno nas je po\u010dastila Bronja \u017dakelj koja se nakon projekcije pridru\u017eila publici na sesiji pitanja i odgovora. Ve\u010der je zavr\u0161ila prijemom sa slovenskim vinom u prekrasnoj atmosferi kulture, prijateljstva i filma.<\/p><p>Povodom doga\u0111aja, \u017eelimo se zahvaliti Marini Seli\u0161kar na ponovnoj organizaciji selekcije slovenskih filmova i Slovenske ve\u010deri, veleposlanici Barbari Su\u0161nik na dugogodi\u0161njoj podr\u0161ci udruzi Slolux, Uredu za Slovence u inozemstvu na sufinanciranju aktivnosti udruge, te naravno svim Slovencima koji svojom prisutno\u0161\u0107u daju smisao na\u0161im doga\u0111ajima. Hvala vam. \ud83d\ude0d<\/p>\t\t\t\t\t\t\t\t<\/div>\n\t\t\t\t<\/div>\n\t\t\t\t\t<\/div>\n\t\t<\/div>\n\t\t\t\t\t<\/div>\n\t\t<\/section>\n\t\t\t\t<section class=\"elementor-section elementor-top-section elementor-element elementor-element-c2ac307 elementor-section-boxed elementor-section-height-default elementor-section-height-default\" data-id=\"c2ac307\" data-element_type=\"section\">\n\t\t\t\t\t\t<div class=\"elementor-container elementor-column-gap-default\">\n\t\t\t\t\t<div class=\"elementor-column elementor-col-100 elementor-top-column elementor-element elementor-element-3f5b0c4\" data-id=\"3f5b0c4\" data-element_type=\"column\">\n\t\t\t<div class=\"elementor-widget-wrap elementor-element-populated\">\n\t\t\t\t\t\t<div class=\"elementor-element elementor-element-112ddb6 elementor-widget elementor-widget-gallery\" data-id=\"112ddb6\" data-element_type=\"widget\" data-settings=\"{&quot;lazyload&quot;:&quot;yes&quot;,&quot;gallery_layout&quot;:&quot;grid&quot;,&quot;columns&quot;:4,&quot;columns_tablet&quot;:2,&quot;columns_mobile&quot;:1,&quot;gap&quot;:{&quot;unit&quot;:&quot;px&quot;,&quot;size&quot;:10,&quot;sizes&quot;:[]},&quot;gap_tablet&quot;:{&quot;unit&quot;:&quot;px&quot;,&quot;size&quot;:10,&quot;sizes&quot;:[]},&quot;gap_mobile&quot;:{&quot;unit&quot;:&quot;px&quot;,&quot;size&quot;:10,&quot;sizes&quot;:[]},&quot;link_to&quot;:&quot;file&quot;,&quot;aspect_ratio&quot;:&quot;3:2&quot;,&quot;overlay_background&quot;:&quot;yes&quot;,&quot;content_hover_animation&quot;:&quot;fade-in&quot;}\" data-widget_type=\"gallery.default\">\n\t\t\t\t<div class=\"elementor-widget-container\">\n\t\t\t\t\t\t\t<div class=\"elementor-gallery__container\">\n\t\t\t\t\t\t\t<a class=\"e-gallery-item elementor-gallery-item elementor-animated-content\" href=\"https:\/\/slolux.eu\/wp-content\/uploads\/2025\/11\/26-cineast-3.jpg\" data-elementor-open-lightbox=\"yes\" data-elementor-lightbox-slideshow=\"112ddb6\" data-e-action-hash=\"#elementor-action%3Aaction%3Dlightbox%26settings%3DeyJpZCI6Njk3NywidXJsIjoiaHR0cHM6XC9cL3Nsb2x1eC5ldVwvd3AtY29udGVudFwvdXBsb2Fkc1wvMjAyNVwvMTFcLzI2LWNpbmVhc3QtMy5qcGciLCJzbGlkZXNob3ciOiIxMTJkZGI2In0%3D\">\n\t\t\t\t\t<div class=\"e-gallery-image elementor-gallery-item__image\" data-thumbnail=\"https:\/\/slolux.eu\/wp-content\/uploads\/2025\/11\/26-cineast-3-225x300.jpg\" data-width=\"225\" data-height=\"300\" aria-label=\"\" role=\"img\" ><\/div>\n\t\t\t\t\t\t\t\t\t\t\t<div class=\"elementor-gallery-item__overlay\"><\/div>\n\t\t\t\t\t\t\t\t\t\t\t\t\t\t<\/a>\n\t\t\t\t\t\t\t<a class=\"e-gallery-item elementor-gallery-item elementor-animated-content\" href=\"https:\/\/slolux.eu\/wp-content\/uploads\/2025\/11\/26-cineast-4.jpg\" data-elementor-open-lightbox=\"yes\" data-elementor-lightbox-slideshow=\"112ddb6\" data-e-action-hash=\"#elementor-action%3Aaction%3Dlightbox%26settings%3DeyJpZCI6Njk3NiwidXJsIjoiaHR0cHM6XC9cL3Nsb2x1eC5ldVwvd3AtY29udGVudFwvdXBsb2Fkc1wvMjAyNVwvMTFcLzI2LWNpbmVhc3QtNC5qcGciLCJzbGlkZXNob3ciOiIxMTJkZGI2In0%3D\">\n\t\t\t\t\t<div class=\"e-gallery-image elementor-gallery-item__image\" data-thumbnail=\"https:\/\/slolux.eu\/wp-content\/uploads\/2025\/11\/26-cineast-4-300x225.jpg\" data-width=\"300\" data-height=\"225\" aria-label=\"\" role=\"img\" ><\/div>\n\t\t\t\t\t\t\t\t\t\t\t<div class=\"elementor-gallery-item__overlay\"><\/div>\n\t\t\t\t\t\t\t\t\t\t\t\t\t\t<\/a>\n\t\t\t\t\t\t\t<a class=\"e-gallery-item elementor-gallery-item elementor-animated-content\" href=\"https:\/\/slolux.eu\/wp-content\/uploads\/2025\/11\/26-cineast-2.jpg\" data-elementor-open-lightbox=\"yes\" data-elementor-lightbox-slideshow=\"112ddb6\" data-e-action-hash=\"#elementor-action%3Aaction%3Dlightbox%26settings%3DeyJpZCI6Njk3OCwidXJsIjoiaHR0cHM6XC9cL3Nsb2x1eC5ldVwvd3AtY29udGVudFwvdXBsb2Fkc1wvMjAyNVwvMTFcLzI2LWNpbmVhc3QtMi5qcGciLCJzbGlkZXNob3ciOiIxMTJkZGI2In0%3D\">\n\t\t\t\t\t<div class=\"e-gallery-image elementor-gallery-item__image\" data-thumbnail=\"https:\/\/slolux.eu\/wp-content\/uploads\/2025\/11\/26-cineast-2-225x300.jpg\" data-width=\"225\" data-height=\"300\" aria-label=\"\" role=\"img\" ><\/div>\n\t\t\t\t\t\t\t\t\t\t\t<div class=\"elementor-gallery-item__overlay\"><\/div>\n\t\t\t\t\t\t\t\t\t\t\t\t\t\t<\/a>\n\t\t\t\t\t\t\t<a class=\"e-gallery-item elementor-gallery-item elementor-animated-content\" href=\"https:\/\/slolux.eu\/wp-content\/uploads\/2025\/11\/26-cineast-1.jpg\" data-elementor-open-lightbox=\"yes\" data-elementor-lightbox-slideshow=\"112ddb6\" data-e-action-hash=\"#elementor-action%3Aaction%3Dlightbox%26settings%3DeyJpZCI6Njk3OSwidXJsIjoiaHR0cHM6XC9cL3Nsb2x1eC5ldVwvd3AtY29udGVudFwvdXBsb2Fkc1wvMjAyNVwvMTFcLzI2LWNpbmVhc3QtMS5qcGciLCJzbGlkZXNob3ciOiIxMTJkZGI2In0%3D\">\n\t\t\t\t\t<div class=\"e-gallery-image elementor-gallery-item__image\" data-thumbnail=\"https:\/\/slolux.eu\/wp-content\/uploads\/2025\/11\/26-cineast-1-225x300.jpg\" data-width=\"225\" data-height=\"300\" aria-label=\"\" role=\"img\" ><\/div>\n\t\t\t\t\t\t\t\t\t\t\t<div class=\"elementor-gallery-item__overlay\"><\/div>\n\t\t\t\t\t\t\t\t\t\t\t\t\t\t<\/a>\n\t\t\t\t\t\t\t<a class=\"e-gallery-item elementor-gallery-item elementor-animated-content\" href=\"https:\/\/slolux.eu\/wp-content\/uploads\/2025\/11\/26-cineast-5.jpg\" data-elementor-open-lightbox=\"yes\" data-elementor-lightbox-slideshow=\"112ddb6\" data-e-action-hash=\"#elementor-action%3Aaction%3Dlightbox%26settings%3DeyJpZCI6Njk3NSwidXJsIjoiaHR0cHM6XC9cL3Nsb2x1eC5ldVwvd3AtY29udGVudFwvdXBsb2Fkc1wvMjAyNVwvMTFcLzI2LWNpbmVhc3QtNS5qcGciLCJzbGlkZXNob3ciOiIxMTJkZGI2In0%3D\">\n\t\t\t\t\t<div class=\"e-gallery-image elementor-gallery-item__image\" data-thumbnail=\"https:\/\/slolux.eu\/wp-content\/uploads\/2025\/11\/26-cineast-5-300x225.jpg\" data-width=\"300\" data-height=\"225\" aria-label=\"\" role=\"img\" ><\/div>\n\t\t\t\t\t\t\t\t\t\t\t<div class=\"elementor-gallery-item__overlay\"><\/div>\n\t\t\t\t\t\t\t\t\t\t\t\t\t\t<\/a>\n\t\t\t\t\t<\/div>\n\t\t\t\t\t<\/div>\n\t\t\t\t<\/div>\n\t\t\t\t\t<\/div>\n\t\t<\/div>\n\t\t\t\t\t<\/div>\n\t\t<\/section>\n\t\t\t\t<\/div>","protected":false},"excerpt":{"rendered":"<p>Bronja \u017dakelj i film Belo se pere na 90 prema njezinoj pri\u010di gostovali su na festivalu Cineast u Luksemburgu.<\/p>","protected":false},"author":1,"featured_media":6979,"comment_status":"open","ping_status":"closed","sticky":false,"template":"","format":"standard","meta":{"site-sidebar-layout":"default","site-content-layout":"","ast-site-content-layout":"","site-content-style":"default","site-sidebar-style":"default","ast-global-header-display":"","ast-banner-title-visibility":"","ast-main-header-display":"","ast-hfb-above-header-display":"","ast-hfb-below-header-display":"","ast-hfb-mobile-header-display":"","site-post-title":"","ast-breadcrumbs-content":"","ast-featured-img":"","footer-sml-layout":"","theme-transparent-header-meta":"","adv-header-id-meta":"","stick-header-meta":"","header-above-stick-meta":"","header-main-stick-meta":"","header-below-stick-meta":"","astra-migrate-meta-layouts":"default","ast-page-background-enabled":"default","ast-page-background-meta":{"desktop":{"background-color":"var(--ast-global-color-4)","background-image":"","background-repeat":"repeat","background-position":"center center","background-size":"auto","background-attachment":"scroll","background-type":"","background-media":"","overlay-type":"","overlay-color":"","overlay-opacity":"","overlay-gradient":""},"tablet":{"background-color":"","background-image":"","background-repeat":"repeat","background-position":"center center","background-size":"auto","background-attachment":"scroll","background-type":"","background-media":"","overlay-type":"","overlay-color":"","overlay-opacity":"","overlay-gradient":""},"mobile":{"background-color":"","background-image":"","background-repeat":"repeat","background-position":"center center","background-size":"auto","background-attachment":"scroll","background-type":"","background-media":"","overlay-type":"","overlay-color":"","overlay-opacity":"","overlay-gradient":""}},"ast-content-background-meta":{"desktop":{"background-color":"var(--ast-global-color-5)","background-image":"","background-repeat":"repeat","background-position":"center center","background-size":"auto","background-attachment":"scroll","background-type":"","background-media":"","overlay-type":"","overlay-color":"","overlay-opacity":"","overlay-gradient":""},"tablet":{"background-color":"var(--ast-global-color-5)","background-image":"","background-repeat":"repeat","background-position":"center center","background-size":"auto","background-attachment":"scroll","background-type":"","background-media":"","overlay-type":"","overlay-color":"","overlay-opacity":"","overlay-gradient":""},"mobile":{"background-color":"var(--ast-global-color-5)","background-image":"","background-repeat":"repeat","background-position":"center center","background-size":"auto","background-attachment":"scroll","background-type":"","background-media":"","overlay-type":"","overlay-color":"","overlay-opacity":"","overlay-gradient":""}},"footnotes":""},"categories":[18,48,22,57,30,37],"tags":[9,317,322],"class_list":["post-6973","post","type-post","status-publish","format-standard","has-post-thumbnail","hentry","category-druzabno-srecanje","category-gostovanja-iz-slovenije","category-kino","category-knjige","category-news","category-po-dogodku","tag-druzenje","tag-film","tag-starsi"],"yoast_head":"<!-- This site is optimized with the Yoast SEO plugin v24.5 - https:\/\/yoast.com\/wordpress\/plugins\/seo\/ -->\n<title>\u201eBelo se pere na 90\u201c in slovenski ve\u010der na festivalu CinEast - Slolux<\/title>\n<meta name=\"robots\" content=\"index, follow, max-snippet:-1, max-image-preview:large, max-video-preview:-1\" \/>\n<link rel=\"canonical\" href=\"https:\/\/slolux.eu\/hr\/\ud83c\uddf8\ud83c\uddee-slovenski-vecer-na-festivalu-cineast-\ud83c\udfac\/\" \/>\n<meta property=\"og:locale\" content=\"hr_HR\" \/>\n<meta property=\"og:type\" content=\"article\" \/>\n<meta property=\"og:title\" content=\"\u201eBelo se pere na 90\u201c in slovenski ve\u010der na festivalu CinEast - Slolux\" \/>\n<meta property=\"og:description\" content=\"Na festivalu Cineast sta v Luksemburgu gostovala Bronja \u017dakelj in po njeni zgodbi posnet film Belo se pere na 90.\" \/>\n<meta property=\"og:url\" content=\"https:\/\/slolux.eu\/hr\/\ud83c\uddf8\ud83c\uddee-slovenski-vecer-na-festivalu-cineast-\ud83c\udfac\/\" \/>\n<meta property=\"og:site_name\" content=\"Slolux\" \/>\n<meta property=\"article:published_time\" content=\"2025-10-23T07:08:18+00:00\" \/>\n<meta property=\"article:modified_time\" content=\"2025-11-13T08:42:49+00:00\" \/>\n<meta property=\"og:image\" content=\"https:\/\/slolux.eu\/wp-content\/uploads\/2025\/11\/26-cineast-1.jpg\" \/>\n\t<meta property=\"og:image:width\" content=\"480\" \/>\n\t<meta property=\"og:image:height\" content=\"640\" \/>\n\t<meta property=\"og:image:type\" content=\"image\/jpeg\" \/>\n<meta name=\"author\" content=\"emilk\" \/>\n<meta name=\"twitter:card\" content=\"summary_large_image\" \/>\n<meta name=\"twitter:label1\" content=\"Written by\" \/>\n\t<meta name=\"twitter:data1\" content=\"emilk\" \/>\n\t<meta name=\"twitter:label2\" content=\"Est. reading time\" \/>\n\t<meta name=\"twitter:data2\" content=\"1 minute\" \/>\n<script type=\"application\/ld+json\" class=\"yoast-schema-graph\">{\"@context\":\"https:\/\/schema.org\",\"@graph\":[{\"@type\":\"Article\",\"@id\":\"https:\/\/slolux.eu\/%f0%9f%87%b8%f0%9f%87%ae-slovenski-vecer-na-festivalu-cineast-%f0%9f%8e%ac\/#article\",\"isPartOf\":{\"@id\":\"https:\/\/slolux.eu\/%f0%9f%87%b8%f0%9f%87%ae-slovenski-vecer-na-festivalu-cineast-%f0%9f%8e%ac\/\"},\"author\":{\"name\":\"emilk\",\"@id\":\"https:\/\/slolux.eu\/#\/schema\/person\/89c0bc490751fd8c820af6ec2049496a\"},\"headline\":\"\u201eBelo se pere na 90\u201c in slovenski ve\u010der na festivalu CinEast\",\"datePublished\":\"2025-10-23T07:08:18+00:00\",\"dateModified\":\"2025-11-13T08:42:49+00:00\",\"mainEntityOfPage\":{\"@id\":\"https:\/\/slolux.eu\/%f0%9f%87%b8%f0%9f%87%ae-slovenski-vecer-na-festivalu-cineast-%f0%9f%8e%ac\/\"},\"wordCount\":177,\"commentCount\":0,\"publisher\":{\"@id\":\"https:\/\/slolux.eu\/#organization\"},\"image\":{\"@id\":\"https:\/\/slolux.eu\/%f0%9f%87%b8%f0%9f%87%ae-slovenski-vecer-na-festivalu-cineast-%f0%9f%8e%ac\/#primaryimage\"},\"thumbnailUrl\":\"https:\/\/slolux.eu\/wp-content\/uploads\/2025\/11\/26-cineast-1.jpg\",\"keywords\":[\"dru\u017eenje\",\"film\",\"star\u0161i\"],\"articleSection\":[\"Dru\u017eabno sre\u010danje\",\"Gostovanja iz Slovenije\",\"Kino\",\"Knjige\",\"Novice\",\"Utrinki preteklih dogodkov\"],\"inLanguage\":\"hr-HR\",\"potentialAction\":[{\"@type\":\"CommentAction\",\"name\":\"Comment\",\"target\":[\"https:\/\/slolux.eu\/%f0%9f%87%b8%f0%9f%87%ae-slovenski-vecer-na-festivalu-cineast-%f0%9f%8e%ac\/#respond\"]}]},{\"@type\":\"WebPage\",\"@id\":\"https:\/\/slolux.eu\/%f0%9f%87%b8%f0%9f%87%ae-slovenski-vecer-na-festivalu-cineast-%f0%9f%8e%ac\/\",\"url\":\"https:\/\/slolux.eu\/%f0%9f%87%b8%f0%9f%87%ae-slovenski-vecer-na-festivalu-cineast-%f0%9f%8e%ac\/\",\"name\":\"\u201eBelo se pere na 90\u201c in slovenski ve\u010der na festivalu CinEast - Slolux\",\"isPartOf\":{\"@id\":\"https:\/\/slolux.eu\/#website\"},\"primaryImageOfPage\":{\"@id\":\"https:\/\/slolux.eu\/%f0%9f%87%b8%f0%9f%87%ae-slovenski-vecer-na-festivalu-cineast-%f0%9f%8e%ac\/#primaryimage\"},\"image\":{\"@id\":\"https:\/\/slolux.eu\/%f0%9f%87%b8%f0%9f%87%ae-slovenski-vecer-na-festivalu-cineast-%f0%9f%8e%ac\/#primaryimage\"},\"thumbnailUrl\":\"https:\/\/slolux.eu\/wp-content\/uploads\/2025\/11\/26-cineast-1.jpg\",\"datePublished\":\"2025-10-23T07:08:18+00:00\",\"dateModified\":\"2025-11-13T08:42:49+00:00\",\"breadcrumb\":{\"@id\":\"https:\/\/slolux.eu\/%f0%9f%87%b8%f0%9f%87%ae-slovenski-vecer-na-festivalu-cineast-%f0%9f%8e%ac\/#breadcrumb\"},\"inLanguage\":\"hr-HR\",\"potentialAction\":[{\"@type\":\"ReadAction\",\"target\":[\"https:\/\/slolux.eu\/%f0%9f%87%b8%f0%9f%87%ae-slovenski-vecer-na-festivalu-cineast-%f0%9f%8e%ac\/\"]}]},{\"@type\":\"ImageObject\",\"inLanguage\":\"hr-HR\",\"@id\":\"https:\/\/slolux.eu\/%f0%9f%87%b8%f0%9f%87%ae-slovenski-vecer-na-festivalu-cineast-%f0%9f%8e%ac\/#primaryimage\",\"url\":\"https:\/\/slolux.eu\/wp-content\/uploads\/2025\/11\/26-cineast-1.jpg\",\"contentUrl\":\"https:\/\/slolux.eu\/wp-content\/uploads\/2025\/11\/26-cineast-1.jpg\",\"width\":480,\"height\":640},{\"@type\":\"BreadcrumbList\",\"@id\":\"https:\/\/slolux.eu\/%f0%9f%87%b8%f0%9f%87%ae-slovenski-vecer-na-festivalu-cineast-%f0%9f%8e%ac\/#breadcrumb\",\"itemListElement\":[{\"@type\":\"ListItem\",\"position\":1,\"name\":\"Home\",\"item\":\"https:\/\/slolux.eu\/\"},{\"@type\":\"ListItem\",\"position\":2,\"name\":\"\u201eBelo se pere na 90\u201c in slovenski ve\u010der na festivalu CinEast\"}]},{\"@type\":\"WebSite\",\"@id\":\"https:\/\/slolux.eu\/#website\",\"url\":\"https:\/\/slolux.eu\/\",\"name\":\"Slovensko dru\u0161tvo v Luksemburgu\",\"description\":\"Slovensko dru\u0161tvo v Luksemburgu\",\"publisher\":{\"@id\":\"https:\/\/slolux.eu\/#organization\"},\"potentialAction\":[{\"@type\":\"SearchAction\",\"target\":{\"@type\":\"EntryPoint\",\"urlTemplate\":\"https:\/\/slolux.eu\/?s={search_term_string}\"},\"query-input\":{\"@type\":\"PropertyValueSpecification\",\"valueRequired\":true,\"valueName\":\"search_term_string\"}}],\"inLanguage\":\"hr-HR\"},{\"@type\":\"Organization\",\"@id\":\"https:\/\/slolux.eu\/#organization\",\"name\":\"Slovensko dru\u0161tvo v Luksemburgu\",\"url\":\"https:\/\/slolux.eu\/\",\"logo\":{\"@type\":\"ImageObject\",\"inLanguage\":\"hr-HR\",\"@id\":\"https:\/\/slolux.eu\/#\/schema\/logo\/image\/\",\"url\":\"https:\/\/slolux.eu\/wp-content\/uploads\/2023\/12\/barvnofinal.png\",\"contentUrl\":\"https:\/\/slolux.eu\/wp-content\/uploads\/2023\/12\/barvnofinal.png\",\"width\":2550,\"height\":938,\"caption\":\"Slovensko dru\u0161tvo v Luksemburgu\"},\"image\":{\"@id\":\"https:\/\/slolux.eu\/#\/schema\/logo\/image\/\"}},{\"@type\":\"Person\",\"@id\":\"https:\/\/slolux.eu\/#\/schema\/person\/89c0bc490751fd8c820af6ec2049496a\",\"name\":\"emilk\",\"image\":{\"@type\":\"ImageObject\",\"inLanguage\":\"hr-HR\",\"@id\":\"https:\/\/slolux.eu\/#\/schema\/person\/image\/\",\"url\":\"https:\/\/secure.gravatar.com\/avatar\/f0322d080f9bbb04c78300901a3f936bfd50777a1f9af51976123e266fbe5856?s=96&d=monsterid&r=g\",\"contentUrl\":\"https:\/\/secure.gravatar.com\/avatar\/f0322d080f9bbb04c78300901a3f936bfd50777a1f9af51976123e266fbe5856?s=96&d=monsterid&r=g\",\"caption\":\"emilk\"},\"url\":\"https:\/\/slolux.eu\/hr\/author\/emilk\/\"}]}<\/script>\n<!-- \/ Yoast SEO plugin. -->","yoast_head_json":{"title":"\u201eBelo se pere na 90\u201c in slovenski ve\u010der na festivalu CinEast - Slolux","robots":{"index":"index","follow":"follow","max-snippet":"max-snippet:-1","max-image-preview":"max-image-preview:large","max-video-preview":"max-video-preview:-1"},"canonical":"https:\/\/slolux.eu\/hr\/\ud83c\uddf8\ud83c\uddee-slovenski-vecer-na-festivalu-cineast-\ud83c\udfac\/","og_locale":"hr_HR","og_type":"article","og_title":"\u201eBelo se pere na 90\u201c in slovenski ve\u010der na festivalu CinEast - Slolux","og_description":"Na festivalu Cineast sta v Luksemburgu gostovala Bronja \u017dakelj in po njeni zgodbi posnet film Belo se pere na 90.","og_url":"https:\/\/slolux.eu\/hr\/\ud83c\uddf8\ud83c\uddee-slovenski-vecer-na-festivalu-cineast-\ud83c\udfac\/","og_site_name":"Slolux","article_published_time":"2025-10-23T07:08:18+00:00","article_modified_time":"2025-11-13T08:42:49+00:00","og_image":[{"width":480,"height":640,"url":"https:\/\/slolux.eu\/wp-content\/uploads\/2025\/11\/26-cineast-1.jpg","type":"image\/jpeg"}],"author":"emilk","twitter_card":"summary_large_image","twitter_misc":{"Written by":"emilk","Est. reading time":"1 minute"},"schema":{"@context":"https:\/\/schema.org","@graph":[{"@type":"Article","@id":"https:\/\/slolux.eu\/%f0%9f%87%b8%f0%9f%87%ae-slovenski-vecer-na-festivalu-cineast-%f0%9f%8e%ac\/#article","isPartOf":{"@id":"https:\/\/slolux.eu\/%f0%9f%87%b8%f0%9f%87%ae-slovenski-vecer-na-festivalu-cineast-%f0%9f%8e%ac\/"},"author":{"name":"emilk","@id":"https:\/\/slolux.eu\/#\/schema\/person\/89c0bc490751fd8c820af6ec2049496a"},"headline":"\u201eBelo se pere na 90\u201c in slovenski ve\u010der na festivalu CinEast","datePublished":"2025-10-23T07:08:18+00:00","dateModified":"2025-11-13T08:42:49+00:00","mainEntityOfPage":{"@id":"https:\/\/slolux.eu\/%f0%9f%87%b8%f0%9f%87%ae-slovenski-vecer-na-festivalu-cineast-%f0%9f%8e%ac\/"},"wordCount":177,"commentCount":0,"publisher":{"@id":"https:\/\/slolux.eu\/#organization"},"image":{"@id":"https:\/\/slolux.eu\/%f0%9f%87%b8%f0%9f%87%ae-slovenski-vecer-na-festivalu-cineast-%f0%9f%8e%ac\/#primaryimage"},"thumbnailUrl":"https:\/\/slolux.eu\/wp-content\/uploads\/2025\/11\/26-cineast-1.jpg","keywords":["dru\u017eenje","film","star\u0161i"],"articleSection":["Dru\u017eabno sre\u010danje","Gostovanja iz Slovenije","Kino","Knjige","Novice","Utrinki preteklih dogodkov"],"inLanguage":"hr-HR","potentialAction":[{"@type":"CommentAction","name":"Comment","target":["https:\/\/slolux.eu\/%f0%9f%87%b8%f0%9f%87%ae-slovenski-vecer-na-festivalu-cineast-%f0%9f%8e%ac\/#respond"]}]},{"@type":"WebPage","@id":"https:\/\/slolux.eu\/%f0%9f%87%b8%f0%9f%87%ae-slovenski-vecer-na-festivalu-cineast-%f0%9f%8e%ac\/","url":"https:\/\/slolux.eu\/%f0%9f%87%b8%f0%9f%87%ae-slovenski-vecer-na-festivalu-cineast-%f0%9f%8e%ac\/","name":"\u201eBelo se pere na 90\u201c in slovenski ve\u010der na festivalu CinEast - Slolux","isPartOf":{"@id":"https:\/\/slolux.eu\/#website"},"primaryImageOfPage":{"@id":"https:\/\/slolux.eu\/%f0%9f%87%b8%f0%9f%87%ae-slovenski-vecer-na-festivalu-cineast-%f0%9f%8e%ac\/#primaryimage"},"image":{"@id":"https:\/\/slolux.eu\/%f0%9f%87%b8%f0%9f%87%ae-slovenski-vecer-na-festivalu-cineast-%f0%9f%8e%ac\/#primaryimage"},"thumbnailUrl":"https:\/\/slolux.eu\/wp-content\/uploads\/2025\/11\/26-cineast-1.jpg","datePublished":"2025-10-23T07:08:18+00:00","dateModified":"2025-11-13T08:42:49+00:00","breadcrumb":{"@id":"https:\/\/slolux.eu\/%f0%9f%87%b8%f0%9f%87%ae-slovenski-vecer-na-festivalu-cineast-%f0%9f%8e%ac\/#breadcrumb"},"inLanguage":"hr-HR","potentialAction":[{"@type":"ReadAction","target":["https:\/\/slolux.eu\/%f0%9f%87%b8%f0%9f%87%ae-slovenski-vecer-na-festivalu-cineast-%f0%9f%8e%ac\/"]}]},{"@type":"ImageObject","inLanguage":"hr-HR","@id":"https:\/\/slolux.eu\/%f0%9f%87%b8%f0%9f%87%ae-slovenski-vecer-na-festivalu-cineast-%f0%9f%8e%ac\/#primaryimage","url":"https:\/\/slolux.eu\/wp-content\/uploads\/2025\/11\/26-cineast-1.jpg","contentUrl":"https:\/\/slolux.eu\/wp-content\/uploads\/2025\/11\/26-cineast-1.jpg","width":480,"height":640},{"@type":"BreadcrumbList","@id":"https:\/\/slolux.eu\/%f0%9f%87%b8%f0%9f%87%ae-slovenski-vecer-na-festivalu-cineast-%f0%9f%8e%ac\/#breadcrumb","itemListElement":[{"@type":"ListItem","position":1,"name":"Home","item":"https:\/\/slolux.eu\/"},{"@type":"ListItem","position":2,"name":"\u201eBelo se pere na 90\u201c in slovenski ve\u010der na festivalu CinEast"}]},{"@type":"WebSite","@id":"https:\/\/slolux.eu\/#website","url":"https:\/\/slolux.eu\/","name":"Slovensko dru\u0161tvo v Luksemburgu","description":"Slovensko dru\u0161tvo v Luksemburgu","publisher":{"@id":"https:\/\/slolux.eu\/#organization"},"potentialAction":[{"@type":"SearchAction","target":{"@type":"EntryPoint","urlTemplate":"https:\/\/slolux.eu\/?s={search_term_string}"},"query-input":{"@type":"PropertyValueSpecification","valueRequired":true,"valueName":"search_term_string"}}],"inLanguage":"hr-HR"},{"@type":"Organization","@id":"https:\/\/slolux.eu\/#organization","name":"Slovensko dru\u0161tvo v Luksemburgu","url":"https:\/\/slolux.eu\/","logo":{"@type":"ImageObject","inLanguage":"hr-HR","@id":"https:\/\/slolux.eu\/#\/schema\/logo\/image\/","url":"https:\/\/slolux.eu\/wp-content\/uploads\/2023\/12\/barvnofinal.png","contentUrl":"https:\/\/slolux.eu\/wp-content\/uploads\/2023\/12\/barvnofinal.png","width":2550,"height":938,"caption":"Slovensko dru\u0161tvo v Luksemburgu"},"image":{"@id":"https:\/\/slolux.eu\/#\/schema\/logo\/image\/"}},{"@type":"Person","@id":"https:\/\/slolux.eu\/#\/schema\/person\/89c0bc490751fd8c820af6ec2049496a","name":"emilk","image":{"@type":"ImageObject","inLanguage":"hr-HR","@id":"https:\/\/slolux.eu\/#\/schema\/person\/image\/","url":"https:\/\/secure.gravatar.com\/avatar\/f0322d080f9bbb04c78300901a3f936bfd50777a1f9af51976123e266fbe5856?s=96&d=monsterid&r=g","contentUrl":"https:\/\/secure.gravatar.com\/avatar\/f0322d080f9bbb04c78300901a3f936bfd50777a1f9af51976123e266fbe5856?s=96&d=monsterid&r=g","caption":"emilk"},"url":"https:\/\/slolux.eu\/hr\/author\/emilk\/"}]}},"_links":{"self":[{"href":"https:\/\/slolux.eu\/hr\/wp-json\/wp\/v2\/posts\/6973","targetHints":{"allow":["GET"]}}],"collection":[{"href":"https:\/\/slolux.eu\/hr\/wp-json\/wp\/v2\/posts"}],"about":[{"href":"https:\/\/slolux.eu\/hr\/wp-json\/wp\/v2\/types\/post"}],"author":[{"embeddable":true,"href":"https:\/\/slolux.eu\/hr\/wp-json\/wp\/v2\/users\/1"}],"replies":[{"embeddable":true,"href":"https:\/\/slolux.eu\/hr\/wp-json\/wp\/v2\/comments?post=6973"}],"version-history":[{"count":8,"href":"https:\/\/slolux.eu\/hr\/wp-json\/wp\/v2\/posts\/6973\/revisions"}],"predecessor-version":[{"id":7016,"href":"https:\/\/slolux.eu\/hr\/wp-json\/wp\/v2\/posts\/6973\/revisions\/7016"}],"wp:featuredmedia":[{"embeddable":true,"href":"https:\/\/slolux.eu\/hr\/wp-json\/wp\/v2\/media\/6979"}],"wp:attachment":[{"href":"https:\/\/slolux.eu\/hr\/wp-json\/wp\/v2\/media?parent=6973"}],"wp:term":[{"taxonomy":"category","embeddable":true,"href":"https:\/\/slolux.eu\/hr\/wp-json\/wp\/v2\/categories?post=6973"},{"taxonomy":"post_tag","embeddable":true,"href":"https:\/\/slolux.eu\/hr\/wp-json\/wp\/v2\/tags?post=6973"}],"curies":[{"name":"wp","href":"https:\/\/api.w.org\/{rel}","templated":true}]}}